{"id":42550,"date":"2020-11-28T22:58:52","date_gmt":"2020-11-28T21:58:52","guid":{"rendered":"https:\/\/www.mojevrijeme.hr\/magazin\/?p=42550"},"modified":"2020-11-28T22:58:53","modified_gmt":"2020-11-28T21:58:53","slug":"na-mandusevcu-je-upaljena-prva-adventska-svijeca","status":"publish","type":"post","link":"https:\/\/www.mojevrijeme.hr\/magazin\/2020\/11\/na-mandusevcu-je-upaljena-prva-adventska-svijeca\/","title":{"rendered":"Na Mandu\u0161evcu je upaljena prva adventska svije\u0107a"},"content":{"rendered":"\n<p>Gradona\u010delnik <strong>Milan Bandi<\/strong>\u0107 zapalio je prvu svije\u0107u na adventskom vijencu na Mandu\u0161evcu na Trgu bana Josipa Jela\u010di\u0107a i tako ozna\u010dio po\u010detak adventa. Obred je predvodio mon. Zlatko Koren, kanonik Prvostolnog kaptola zagreba\u010dkog.<\/p>\n\n\n\n<p>&#8220;U godini koja je poljuljala na\u0161 osje\u0107aj sigurnosti i koja je promijenila na\u010din na koji gledamo svijet, budimo sigurni u ovo: svi zajedno, u me\u0111usobnom pomaganju i solidarnosti, mo\u017eemo iz ovog izi\u0107i kao jo\u0161 ja\u010di i bolji ljudi&#8221;, kazao je Bandi\u0107. <\/p>\n\n\n\n<p>&#8220;Neka nam ovo do\u0161a\u0161\u0107e bude upravo ono \u0161to treba biti \u2013 priprava za Bo\u017ei\u0107 u skrovitosti, razmi\u0161ljanju, molitvi i beskompromisnoj brizi za drugoga. I na kraju, vratimo se jo\u0161 jednom na papino geslo u povodu 4. svjetskog dana siroma\u0161nih \u2013 &#8216;Pru\u017ei svoju ruku siromahu&#8217;, bolesnom, onom koji je na ulici, ali i svakome kome je pru\u017eena ruka potrebna \u2013 onako neumorno kako to ovih dana \u010dine na\u0161i hvalevrijedni sugra\u0111ani&#8221;, rekao je gradona\u010delnik. <\/p><div id=\"mojev-243350308\" class=\"mojev-u-tekstu mojev-entity-placement\" style=\"margin-left: auto;margin-right: auto;text-align: center;\"><div class=\"mojev-adlabel\">oglas<\/div><div style=\"height: 250px;\"><script async src=\"https:\/\/pagead2.googlesyndication.com\/pagead\/js\/adsbygoogle.js?client=ca-pub-8106111766207173\"\r\n     crossorigin=\"anonymous\"><\/script>\r\n<!-- Prikazni 1 u tekstu -->\r\n<ins class=\"adsbygoogle\"\r\n     style=\"display:block\"\r\n     data-ad-client=\"ca-pub-8106111766207173\"\r\n     data-ad-slot=\"8535551207\"\r\n     data-ad-format=\"auto\"\r\n     data-full-width-responsive=\"true\"><\/ins>\r\n<script>\r\n     (adsbygoogle = window.adsbygoogle || []).push({});\r\n<\/script><\/div><\/div><br style=\"clear: both; display: block; float: none;\"\/>\n<div id=\"mojev-211064511\" class=\"mojev-kraj-teksta mojev-entity-placement\" style=\"margin-bottom: 20px;margin-left: auto;margin-right: auto;text-align: center;\"><div class=\"mojev-adlabel\">oglas<\/div><div style=\"height: 250px;\"><script async src=\"https:\/\/pagead2.googlesyndication.com\/pagead\/js\/adsbygoogle.js?client=ca-pub-8106111766207173\"\r\n     crossorigin=\"anonymous\"><\/script>\r\n<!-- Display-1 -->\r\n<ins class=\"adsbygoogle\"\r\n     style=\"display:block\"\r\n     data-ad-client=\"ca-pub-8106111766207173\"\r\n     data-ad-slot=\"1465712950\"\r\n     data-ad-format=\"auto\"\r\n     data-full-width-responsive=\"true\"><\/ins>\r\n<script>\r\n     (adsbygoogle = window.adsbygoogle || []).push({});\r\n<\/script><\/div><\/div>","protected":false},"excerpt":{"rendered":"<p>Neka nam ovo do\u0161a\u0161\u0107e bude upravo ono \u0161to treba biti \u2013 priprava za Bo\u017ei\u0107 u skrovitosti, razmi\u0161ljanju, molitvi i beskompromisnoj brizi za drugoga, kazao je gradona\u010delnik.<\/p>\n","protected":false},"author":1,"featured_media":42551,"comment_status":"closed","ping_status":"closed","sticky":false,"template":"","format":"standard","meta":{"footnotes":""},"categories":[9],"tags":[702,2464,39],"class_list":["post-42550","post","type-post","status-publish","format-standard","has-post-thumbnail","hentry","category-vijesti","tag-advent","tag-bandic","tag-zagreb"],"_links":{"self":[{"href":"https:\/\/www.mojevrijeme.hr\/magazin\/wp-json\/wp\/v2\/posts\/42550","targetHints":{"allow":["GET"]}}],"collection":[{"href":"https:\/\/www.mojevrijeme.hr\/magazin\/wp-json\/wp\/v2\/posts"}],"about":[{"href":"https:\/\/www.mojevrijeme.hr\/magazin\/wp-json\/wp\/v2\/types\/post"}],"author":[{"embeddable":true,"href":"https:\/\/www.mojevrijeme.hr\/magazin\/wp-json\/wp\/v2\/users\/1"}],"replies":[{"embeddable":true,"href":"https:\/\/www.mojevrijeme.hr\/magazin\/wp-json\/wp\/v2\/comments?post=42550"}],"version-history":[{"count":0,"href":"https:\/\/www.mojevrijeme.hr\/magazin\/wp-json\/wp\/v2\/posts\/42550\/revisions"}],"wp:featuredmedia":[{"embeddable":true,"href":"https:\/\/www.mojevrijeme.hr\/magazin\/wp-json\/wp\/v2\/media\/42551"}],"wp:attachment":[{"href":"https:\/\/www.mojevrijeme.hr\/magazin\/wp-json\/wp\/v2\/media?parent=42550"}],"wp:term":[{"taxonomy":"category","embeddable":true,"href":"https:\/\/www.mojevrijeme.hr\/magazin\/wp-json\/wp\/v2\/categories?post=42550"},{"taxonomy":"post_tag","embeddable":true,"href":"https:\/\/www.mojevrijeme.hr\/magazin\/wp-json\/wp\/v2\/tags?post=42550"}],"curies":[{"name":"wp","href":"https:\/\/api.w.org\/{rel}","templated":true}]}}