{"id":42637,"date":"2020-12-02T09:05:09","date_gmt":"2020-12-02T08:05:09","guid":{"rendered":"https:\/\/www.mojevrijeme.hr\/magazin\/?p=42637"},"modified":"2020-12-02T09:07:04","modified_gmt":"2020-12-02T08:07:04","slug":"bivsa-predsjednica-postala-je-glumica-u-seriji-nove-tv-snimanje-je-vec-odradila","status":"publish","type":"post","link":"https:\/\/www.mojevrijeme.hr\/magazin\/2020\/12\/bivsa-predsjednica-postala-je-glumica-u-seriji-nove-tv-snimanje-je-vec-odradila\/","title":{"rendered":"Biv\u0161a predsjednica postala je glumica u seriji Nove TV; snimanje je ve\u0107 odradila"},"content":{"rendered":"\n<p>Biv\u0161a predsjednica Kolinda Grabar-Kitarovi\u0107 postala je glumica, barem na jedan dan. Kako <a rel=\"noreferrer noopener\" href=\"https:\/\/www.jutarnji.hr\/kultura\/film-i-televizija\/nova-tv-angazirala-kolindu-grabar-kitarovic-kao-glumicu-u-hit-telenoveli-sjajno-sam-se-zabavila-15010571\" target=\"_blank\">Jutarnji list<\/a> ekskluzivno doznaje, pozvana je da gostuje u seriji &#8220;Dar Mar&#8221;, popularnoj humoristi\u010dnoj drami koja se prikazuje na Novoj TV. <\/p>\n\n\n\n<p>Kolinda je dobila <em>cameo<\/em> ulogu, a snimanje je ve\u0107, kako Jutarnji doznaje, i uspje\u0161no odradila. Na setu se navodno odli\u010dno sna\u0161la i dobro zabavila, a epizoda s njom trebala bi biti prikazana poslije Nove godine, u sije\u010dnju.<\/p>\n\n\n\n<p>Iako je ovu informaciju biv\u0161a predsjednica kratko potvrdila, zbog ugovora s Novom TV vi\u0161e toga jo\u0161 ne smije otkriti, a sli\u010dno su objasnili i u toj televizijskoj ku\u0107i. &#8220;Sjajno sam se zabavila na setu, zato sam i pristala na ulogu&#8221;, \u0161turo je, ali ljubazno odgovorila Grabar-Kitarovi\u0107.<\/p><div id=\"mojev-1247089881\" class=\"mojev-u-tekstu mojev-entity-placement\" style=\"margin-left: auto;margin-right: auto;text-align: center;\"><div class=\"mojev-adlabel\">oglas<\/div><div style=\"height: 250px;\"><script async src=\"https:\/\/pagead2.googlesyndication.com\/pagead\/js\/adsbygoogle.js?client=ca-pub-8106111766207173\"\r\n     crossorigin=\"anonymous\"><\/script>\r\n<!-- Prikazni 1 u tekstu -->\r\n<ins class=\"adsbygoogle\"\r\n     style=\"display:block\"\r\n     data-ad-client=\"ca-pub-8106111766207173\"\r\n     data-ad-slot=\"8535551207\"\r\n     data-ad-format=\"auto\"\r\n     data-full-width-responsive=\"true\"><\/ins>\r\n<script>\r\n     (adsbygoogle = window.adsbygoogle || []).push({});\r\n<\/script><\/div><\/div><br style=\"clear: both; display: block; float: none;\"\/>\n\n\n\n<p>Jedan od likova u seriji jest djevoj\u010dica koja silno \u017eeli postati politi\u010darka. Uzor joj je predsjednica Kolinda Grabar-Kitarovi\u0107 \u010diji golem poster ima na zidu u svojoj sobi pa je za pretpostaviti da je Grabar-Kitarovi\u0107 mo\u017eda glumila u sceni susreta djevoj\u010dice sa svojim idolom.<\/p>\n\n\n\n<div id=\"crveno\"><\/p>\n\n\n\n<h3 class=\"wp-block-heading\">Za one koji \u017eele znati vi\u0161e&#8230;<\/h3>\n\n\n\n<p><strong><em>Cameo<\/em><\/strong>\u00a0je kratko pojavljivanje poznatih osoba u primijenjenim umjetnostima, kao \u0161to su predstave, filmovi, videoigre i televizija. U takvim ulogama \u010desto se pojavljuju filmski redatelji, politi\u010dari, \u0161porta\u0161i, glazbenici i druge slavne osobe. Redatelji poznati po <em>cameo<\/em> ulogama su Alfred Hitchcock (u svojim filmovima odigrao je \u010dak 42 takve uloge), Peter Jackson i Martin Scorsese.<\/p>\n\n\n\n<p><\/div>\n<div id=\"mojev-1411072079\" class=\"mojev-kraj-teksta mojev-entity-placement\" style=\"margin-bottom: 20px;margin-left: auto;margin-right: auto;text-align: center;\"><div class=\"mojev-adlabel\">oglas<\/div><div style=\"height: 250px;\"><script async src=\"https:\/\/pagead2.googlesyndication.com\/pagead\/js\/adsbygoogle.js?client=ca-pub-8106111766207173\"\r\n     crossorigin=\"anonymous\"><\/script>\r\n<!-- Display-1 -->\r\n<ins class=\"adsbygoogle\"\r\n     style=\"display:block\"\r\n     data-ad-client=\"ca-pub-8106111766207173\"\r\n     data-ad-slot=\"1465712950\"\r\n     data-ad-format=\"auto\"\r\n     data-full-width-responsive=\"true\"><\/ins>\r\n<script>\r\n     (adsbygoogle = window.adsbygoogle || []).push({});\r\n<\/script><\/div><\/div>","protected":false},"excerpt":{"rendered":"<p>Jedan od likova u seriji jest djevoj\u010dica koja silno \u017eeli postati politi\u010darka. Uzor joj je predsjednica Kolinda Grabar-Kitarovi\u0107 \u010diji golem poster ima na zidu u svojoj sobi.<\/p>\n","protected":false},"author":1,"featured_media":18761,"comment_status":"closed","ping_status":"closed","sticky":false,"template":"","format":"standard","meta":{"footnotes":""},"categories":[84],"tags":[201,359],"class_list":["post-42637","post","type-post","status-publish","format-standard","has-post-thumbnail","hentry","category-show","tag-glumci","tag-kolinda"],"_links":{"self":[{"href":"https:\/\/www.mojevrijeme.hr\/magazin\/wp-json\/wp\/v2\/posts\/42637","targetHints":{"allow":["GET"]}}],"collection":[{"href":"https:\/\/www.mojevrijeme.hr\/magazin\/wp-json\/wp\/v2\/posts"}],"about":[{"href":"https:\/\/www.mojevrijeme.hr\/magazin\/wp-json\/wp\/v2\/types\/post"}],"author":[{"embeddable":true,"href":"https:\/\/www.mojevrijeme.hr\/magazin\/wp-json\/wp\/v2\/users\/1"}],"replies":[{"embeddable":true,"href":"https:\/\/www.mojevrijeme.hr\/magazin\/wp-json\/wp\/v2\/comments?post=42637"}],"version-history":[{"count":0,"href":"https:\/\/www.mojevrijeme.hr\/magazin\/wp-json\/wp\/v2\/posts\/42637\/revisions"}],"wp:featuredmedia":[{"embeddable":true,"href":"https:\/\/www.mojevrijeme.hr\/magazin\/wp-json\/wp\/v2\/media\/18761"}],"wp:attachment":[{"href":"https:\/\/www.mojevrijeme.hr\/magazin\/wp-json\/wp\/v2\/media?parent=42637"}],"wp:term":[{"taxonomy":"category","embeddable":true,"href":"https:\/\/www.mojevrijeme.hr\/magazin\/wp-json\/wp\/v2\/categories?post=42637"},{"taxonomy":"post_tag","embeddable":true,"href":"https:\/\/www.mojevrijeme.hr\/magazin\/wp-json\/wp\/v2\/tags?post=42637"}],"curies":[{"name":"wp","href":"https:\/\/api.w.org\/{rel}","templated":true}]}}