{"id":42726,"date":"2020-12-04T08:20:57","date_gmt":"2020-12-04T07:20:57","guid":{"rendered":"https:\/\/www.mojevrijeme.hr\/magazin\/?p=42726"},"modified":"2020-12-04T08:24:42","modified_gmt":"2020-12-04T07:24:42","slug":"lijecnik-iz-covid-bolnice-najjednostavnije-objasnio-tijek-bolesti-kod-tezih-bolesnika","status":"publish","type":"post","link":"https:\/\/www.mojevrijeme.hr\/magazin\/2020\/12\/lijecnik-iz-covid-bolnice-najjednostavnije-objasnio-tijek-bolesti-kod-tezih-bolesnika\/","title":{"rendered":"Lije\u010dnik iz COVID bolnice najjednostavnije objasnio tijek bolesti kod te\u017eih bolesnika"},"content":{"rendered":"\n<p>Voditelj Kriznog sto\u017eera KB Dubrava, <strong>dr. Bruno Bar\u0161i\u0107<\/strong>, govorio je za <a href=\"https:\/\/www.rtl.hr\/vijesti-hr\/korona\/3938556\/lijecnik-iz-covid-bolnice-u-direktu-objasnio-sto-se-to-dogadja-10-dana-korone-ovakav-tok-bolesti-nismo-vidjeli\/\" target=\"_blank\" rel=\"noreferrer noopener\">RTL Direkt<\/a> o tomu za\u0161to zdravi mladi nepu\u0161a\u010di zavr\u0161avaju u bolnici na kisiku te o tijeku bolesti COVID-19.<\/p>\n\n\n\n<p>Naime, zamije\u0107eno je da zara\u017eenima pogor\u0161a stanje desetog, jedanaestog ili \u010detrnaestog dana bolesti. &#8220;To je prirodni tijek bolesti kod sre\u0107om malog postotka bolesnika. Puno je zara\u017eenih pa je onda taj postotak ve\u0107i. Tijek bolesti ide tako da po\u010dne kao gripozni stadij. Oko petog ili \u0161estog dana je prvo pogor\u0161anje stanja, a tada je to upala plu\u0107a i potreban je kisik&#8221;, kazao je Bar\u0161i\u0107. <\/p>\n\n\n\n<p>&#8220;Onima kojima treba od po\u010detka 14, 15 litara kisika, oni \u0107e i\u0107i prema stra\u0161nom akutnom respiratornom distres sindromu. To je prediktivni faktor i kod njih dolazi do te\u0161ke hipoksije, nemogu\u0107nosti ulaska kisika u krv. To traje od sedmog dana nadalje. Ono \u0161to je sljede\u0107e pogor\u0161anje je, kod jednog dijela bolesnika dolazi do o\u0161te\u0107enja plu\u0107a u smislu stvaranju trombova u krvnim \u017eilama. Pro\u0161iruju se krvne \u017eile. Prvo se ljudima pogor\u0161a plu\u0107na funkcija. \u010cak i kod otpu\u0161tenih bolesnika imamo one koji dolaze s ponovnom upalnom reakcijom. To je zapravo autoimuni proces u kojem nas na\u0161 obrambeni sustav uni\u0161tava&#8221;, kazao je. Rekao je da bolest ostavlja dugotrajne promjene na plu\u0107ima. <\/p><div id=\"mojev-2940911723\" class=\"mojev-u-tekstu mojev-entity-placement\" style=\"margin-left: auto;margin-right: auto;text-align: center;\"><div class=\"mojev-adlabel\">oglas<\/div><div style=\"height: 250px;\"><script async src=\"https:\/\/pagead2.googlesyndication.com\/pagead\/js\/adsbygoogle.js?client=ca-pub-8106111766207173\"\r\n     crossorigin=\"anonymous\"><\/script>\r\n<!-- Prikazni 1 u tekstu -->\r\n<ins class=\"adsbygoogle\"\r\n     style=\"display:block\"\r\n     data-ad-client=\"ca-pub-8106111766207173\"\r\n     data-ad-slot=\"8535551207\"\r\n     data-ad-format=\"auto\"\r\n     data-full-width-responsive=\"true\"><\/ins>\r\n<script>\r\n     (adsbygoogle = window.adsbygoogle || []).push({});\r\n<\/script><\/div><\/div><br style=\"clear: both; display: block; float: none;\"\/>\n\n\n\n<p>Na pitanje jesmo li sada pametniji i znamo li za\u0161to obole i mladi ljudi, Bar\u0161i\u0107 ka\u017ee: &#8220;Nismo pametniji da znamo za\u0161to se to doga\u0111a i mladim ljudima. Mo\u017eda je stvar u koli\u010dini virusa. Ako primite manju koli\u010dinu virusa, vjerojatno \u0107ete imati bla\u017eu sliku. Zato su tu maske, da nas \u0161tite. Virus se pona\u0161a kao superantigen koji koji izaziva stra\u0161nu upalnu reakciju, ja\u010de od drugih virusa.&#8221;<\/p>\n\n\n\n<p>&#8220;Ovakav tok bolesti nismo vidjeli. Vidjeli smo svinjsku gripu, bila je nova bolest za nas. Ali ovako dugotrajne promjene na plu\u0107ima nismo vidjeli, kao ni posljedice za koje ne znamo koliko \u0107e biti dugoro\u010dne. Nakon sepse, nakon te\u0161ke upale plu\u0107a, kad je prebolite, ti ljudi kroz 15 godina imaju ve\u0107u smrtnost od drugih ljudi&#8221;, naveo je za <a href=\"https:\/\/www.rtl.hr\/vijesti-hr\/korona\/3938556\/lijecnik-iz-covid-bolnice-u-direktu-objasnio-sto-se-to-dogadja-10-dana-korone-ovakav-tok-bolesti-nismo-vidjeli\/\" target=\"_blank\" rel=\"noreferrer noopener\">RTL<\/a>.<\/p>\n\n\n\n<p>Na konstataciju kako lije\u010denje jako dugo traje, rekao je: &#8220;Zavisi od pacijenta. Neki odu za par dana doma, nekima je potrebno preko 20 dana. \u0160to se ti\u010de lijekova, nismo puno pametniji&#8221;, isti\u010de.<\/p>\n<div id=\"mojev-793315768\" class=\"mojev-kraj-teksta mojev-entity-placement\" style=\"margin-bottom: 20px;margin-left: auto;margin-right: auto;text-align: center;\"><div class=\"mojev-adlabel\">oglas<\/div><div style=\"height: 250px;\"><script async src=\"https:\/\/pagead2.googlesyndication.com\/pagead\/js\/adsbygoogle.js?client=ca-pub-8106111766207173\"\r\n     crossorigin=\"anonymous\"><\/script>\r\n<!-- Display-1 -->\r\n<ins class=\"adsbygoogle\"\r\n     style=\"display:block\"\r\n     data-ad-client=\"ca-pub-8106111766207173\"\r\n     data-ad-slot=\"1465712950\"\r\n     data-ad-format=\"auto\"\r\n     data-full-width-responsive=\"true\"><\/ins>\r\n<script>\r\n     (adsbygoogle = window.adsbygoogle || []).push({});\r\n<\/script><\/div><\/div>","protected":false},"excerpt":{"rendered":"<p>Ovakav tok bolesti nismo vidjeli. Vidjeli smo svinjsku gripu, bila je nova bolest za nas. Ali ovako dugotrajne promjene na plu\u0107ima nismo vidjeli, ka\u017ee Bar\u0161i\u0107.<\/p>\n","protected":false},"author":1,"featured_media":42734,"comment_status":"closed","ping_status":"closed","sticky":false,"template":"","format":"standard","meta":{"footnotes":""},"categories":[3],"tags":[2527,2046],"class_list":["post-42726","post","type-post","status-publish","format-standard","has-post-thumbnail","hentry","category-zdravlje","tag-bruno-barsic","tag-korona-virus"],"_links":{"self":[{"href":"https:\/\/www.mojevrijeme.hr\/magazin\/wp-json\/wp\/v2\/posts\/42726","targetHints":{"allow":["GET"]}}],"collection":[{"href":"https:\/\/www.mojevrijeme.hr\/magazin\/wp-json\/wp\/v2\/posts"}],"about":[{"href":"https:\/\/www.mojevrijeme.hr\/magazin\/wp-json\/wp\/v2\/types\/post"}],"author":[{"embeddable":true,"href":"https:\/\/www.mojevrijeme.hr\/magazin\/wp-json\/wp\/v2\/users\/1"}],"replies":[{"embeddable":true,"href":"https:\/\/www.mojevrijeme.hr\/magazin\/wp-json\/wp\/v2\/comments?post=42726"}],"version-history":[{"count":0,"href":"https:\/\/www.mojevrijeme.hr\/magazin\/wp-json\/wp\/v2\/posts\/42726\/revisions"}],"wp:featuredmedia":[{"embeddable":true,"href":"https:\/\/www.mojevrijeme.hr\/magazin\/wp-json\/wp\/v2\/media\/42734"}],"wp:attachment":[{"href":"https:\/\/www.mojevrijeme.hr\/magazin\/wp-json\/wp\/v2\/media?parent=42726"}],"wp:term":[{"taxonomy":"category","embeddable":true,"href":"https:\/\/www.mojevrijeme.hr\/magazin\/wp-json\/wp\/v2\/categories?post=42726"},{"taxonomy":"post_tag","embeddable":true,"href":"https:\/\/www.mojevrijeme.hr\/magazin\/wp-json\/wp\/v2\/tags?post=42726"}],"curies":[{"name":"wp","href":"https:\/\/api.w.org\/{rel}","templated":true}]}}