{"id":42953,"date":"2020-12-10T18:57:00","date_gmt":"2020-12-10T17:57:00","guid":{"rendered":"https:\/\/www.mojevrijeme.hr\/magazin\/?p=42953"},"modified":"2020-12-12T19:00:50","modified_gmt":"2020-12-12T18:00:50","slug":"iz-prve-ruke-kemoterapija-u-doba-korone","status":"publish","type":"post","link":"https:\/\/www.mojevrijeme.hr\/magazin\/2020\/12\/iz-prve-ruke-kemoterapija-u-doba-korone\/","title":{"rendered":"Iz prve ruke: Kako izgleda kemoterapija u doba korone"},"content":{"rendered":"\n<p>Epidemija koronavirusa promijenila nam je \u017eivote do razine za koju prije godinu dana nismo mislili da je uop\u0107e mogu\u0107a. Pod posebnim stresom su bolnice i zdravstveni radnici, a pacijentima se ne preporu\u010duje odlazak u bolnicu ako to nije prijeko potrebno. No \u0161to ako jest prijeko potrebno? \u0160to ako se borimo sa zlo\u0107udnom bolesti pa nam o odlasku lije\u010dniku doslovno ovisi \u017eivot?<\/p>\n\n\n\n<p>Nakon nekih medijskih napisa i svjedo\u010danstava iz druge ili tre\u0107e ruke o tome kako izgleda borba protiv karcinoma u doba korone, potra\u017eili smo i jedno mi\u0161ljenje iz prve ruke i ostali ugodno iznena\u0111eni. Stanje na onkolo\u0161kim odjelima bolnica je regularno, ako ne i bolje, ispri\u010dala nam je <strong>Ljiljana Pranji\u0107<\/strong> (53), \u010dlanica Udruge &#8220;Nismo same&#8221;.<\/p>\n\n\n\n<p>&#8220;Ja osobno ne vidim neku razliku izme\u0111u razdoblja prije korone i sada. Naime, problema sa sustavom i pretragama je bilo i prije korone, no sada su ti problemi vidljiviji. Korona je kao neki lakmus papir pa sada sve to samo jasnije vidimo&#8221;, ka\u017ee Ljiljana.<\/p><div id=\"mojev-2985178729\" class=\"mojev-u-tekstu mojev-entity-placement\" style=\"margin-left: auto;margin-right: auto;text-align: center;\"><div class=\"mojev-adlabel\">oglas<\/div><div style=\"height: 250px;\"><script async src=\"https:\/\/pagead2.googlesyndication.com\/pagead\/js\/adsbygoogle.js?client=ca-pub-8106111766207173\"\r\n     crossorigin=\"anonymous\"><\/script>\r\n<!-- Prikazni 1 u tekstu -->\r\n<ins class=\"adsbygoogle\"\r\n     style=\"display:block\"\r\n     data-ad-client=\"ca-pub-8106111766207173\"\r\n     data-ad-slot=\"8535551207\"\r\n     data-ad-format=\"auto\"\r\n     data-full-width-responsive=\"true\"><\/ins>\r\n<script>\r\n     (adsbygoogle = window.adsbygoogle || []).push({});\r\n<\/script><\/div><\/div><br style=\"clear: both; display: block; float: none;\"\/>\n\n\n\n<p>&#8220;Trenutno sam u aktivnom lije\u010denju, a prvu kemoterapiju u ovom ciklusu sam imala to\u010dno na dan kad je zbilje\u017een prvi slu\u010daj koronavirusa u Hrvatskoj. No to je, na neki na\u010din, bila i moja sre\u0107a. Ja jesam \u010dula za slu\u010dajeve da su ljudi imali problema do\u0107i do svojih lije\u010dnika i pretraga, ali svi mi koji smo bili u aktivnom lije\u010denju smo bili, na neki na\u010din, privilegirani zato \u0161to se sustav brinuo za nas. Mi smo ve\u0107 bili u lije\u010denju, a neke su stvari bile lak\u0161e, bilo je manje ljudi, bilo je lak\u0161e do\u0107i do bolnice. Ja sam ove godine zavr\u0161ila kemoterapiju i nastavila sam lije\u010denje pametnim lijekovima i na sve to skupa imam samo rije\u010di hvale.&#8221;<\/p>\n\n\n\n<p>Za ona notorna duga \u010dekanja u \u010dekaonicama misli da su bila rezultat lo\u0161e organizacije, no sada toga nema. Naime, na tome se silom prilika moralo pod hitno poraditi.<\/p>\n\n\n\n<p>&#8220;Ju\u010der bila u bolnici preuzeti svoju terapiju i za\u010das sam bila gotova. Ina\u010de, \u010dekanje da vidim doktoricu bi znalo trajati sat &#8211; sat i pol, iako mi koji smo na terapijama imamo prednost. Te bi \u010dekaonice obi\u010dno bile pune ljudi, no sada one vi\u0161e nisu krcate. Ja sam ju\u010der u \u0161ali objavila status na Facebooku da mi nisu dali da zavr\u0161im knjigu. Naime, ja najvi\u0161e \u010ditam u \u010dekaonicama u bolnici. Tako da sam ja na\u010ditana jer provodim vrijeme u bolnici. (smijeh) No ju\u010der mi za to nisu dali priliku. \u010cekala sam deset minuta, srela poznanicu i nakon toga sam do\u0161la na red&#8221;, ka\u017ee.<\/p>\n\n\n\n<h3 class=\"wp-block-heading\">Poseban ulaz za onkolo\u0161ke pacijente<\/h3>\n\n\n\n<p>Ljiljana ovdje govori o KBC-u Rebro gdje su doista jako dobro organizirani i svjesna je da tako mo\u017eda nije i u drugim bolnicama, no Rebro se u svemu ovome dobro sna\u0161lo.<\/p>\n\n\n\n<p>&#8220;Za onkolo\u0161ke i hematolo\u0161ke pacijente postoji poseban trija\u017eni ulaz, tako da se ne mije\u0161amo s ostalim pacijentima. Samo jednom sam \u010dekala u redu s drugim ljudima, i naravno, iza mene je nahrupio jedan par, ja sam se okrenula, zamolila sam ih da se odmaknu, oni su prevrnuli o\u010dima, ali toga vi\u0161e nema. Poseban je ulaz za hematolo\u0161ke i onkolo\u0161ke pacijente. U \u010dekaonici ambulante je svako drugo mjesto prekri\u017eeno i nema gu\u017eve. Kad sam i\u0161la na kemoterapije, odmah su nas pu\u0161tali u sale za primanje kemoterapije, s maskama, sjedi se s razmakom, sve je dobro prozra\u010deno i sve funkcionira&#8221;, ka\u017ee Ljiljana.<\/p>\n\n\n\n<p>\u010cula je, ka\u017ee, za neke slu\u010dajeve u kojima su se ljudi zarazili u \u010dekaonicama, ali s organizacijom na Rebru iznimno je zadovoljna. Kad je korona po\u010dela, Ljiljana je ve\u0107 po\u010dela sa svojom terapijom. No \u0161to s onima koji su prvi posjet lije\u010dniku trebali obaviti u tijeku epidemije?<\/p>\n\n\n\n<p>&#8220;Meni se obi\u010dno jave \u017eene koje su ve\u0107 obavile tu prvu pretragu, no moram priznati da nisam \u010dula da se netko \u017ealio. \u010cula sam, dodu\u0161e, da su pomaknute neke operacije. Evo mojoj teti je odgo\u0111ena operacija ko\u0161tane sr\u017ei jer nisu mogli kompletirati tim, pretpostavljam zbog toga \u0161to su neki lije\u010dnici bili bolesni ili u samoizolaciji. No va\u017eno je znati i da se kod karcinoma dojke \u010desto prvo ide na kemoterapiju pa tek onda na operaciju. To je tzv. neadjuvantno lije\u010denje jer su studije pokazale da se bolest na taj na\u010din puno uspje\u0161nije lije\u010di ako se tumor prvo kemoterapijom smanji pa trek onda operira. Ali kad vi \u0107e krenete s tim procesom, u sustavu ste. Ja ne znam nikoga da je imao takvih problema&#8221;, ka\u017ee Ljiljana.<\/p>\n\n\n\n<h3 class=\"wp-block-heading\">Vidjela je napise u medijima, ali&#8230;<\/h3>\n\n\n\n<p>Vidjela je, ka\u017ee, neke napise u medijima, ali osobno ne poznaje nikoga da se s time suo\u010dio. Dapa\u010de, svi su vrlo zadovoljni, a radi se o \u010ditavoj ovoj godini u kojoj imamo epidemiju korone.<\/p>\n\n\n\n<p>&#8220;Odgode operacija su bile minimalne, tek za koji dan, ali ne znam da je netko imao ve\u0107ih problema. Znam da je jedna prijateljica imala problema oko dobivanja terapije kad je bio onaj skandal s dugovanjem veledrogerijama, ali to su neki problemi koje nije uzrokovala korona, ve\u0107 su to problemi vezani uz na\u0161 sustav i to kako mi poslujemo. I ta je prijateljica jedna od tih koje su digle glas, nakon \u010dega je dobila terapiju i sada je prima regularno&#8221;, ka\u017ee Ljiljana i dodaje:<\/p>\n\n\n\n<p>&#8220;Jako sam zahvalna na ovakvoj organizaciji u bolnici jer nemam dodatni strah od korone. Ja se \u010ditavo vrijeme osje\u0107am sigurno jer se doista poduzimaju sve da se smanji mogu\u0107nost zaraze i ako je netko asimptomatski prijenosnik. To je fantasti\u010dno, odgovorno, profesionalno pona\u0161anje prema pacijentima. Tako da Rebru svaka \u010dast i skidam im kapu.&#8221;<\/p>\n\n\n\n<h6><em>Ovaj prilog nastao je uz potporu Fonda za poticanje pluralizma i raznovrsnosti elektroni\u010dkih medija u okviru projekta \u201cNema predaje\u201d<\/em><\/h6>\n<div id=\"mojev-1049509105\" class=\"mojev-kraj-teksta mojev-entity-placement\" style=\"margin-bottom: 20px;margin-left: auto;margin-right: auto;text-align: center;\"><div class=\"mojev-adlabel\">oglas<\/div><div style=\"height: 250px;\"><script async src=\"https:\/\/pagead2.googlesyndication.com\/pagead\/js\/adsbygoogle.js?client=ca-pub-8106111766207173\"\r\n     crossorigin=\"anonymous\"><\/script>\r\n<!-- Display-1 -->\r\n<ins class=\"adsbygoogle\"\r\n     style=\"display:block\"\r\n     data-ad-client=\"ca-pub-8106111766207173\"\r\n     data-ad-slot=\"1465712950\"\r\n     data-ad-format=\"auto\"\r\n     data-full-width-responsive=\"true\"><\/ins>\r\n<script>\r\n     (adsbygoogle = window.adsbygoogle || []).push({});\r\n<\/script><\/div><\/div>","protected":false},"excerpt":{"rendered":"<p>Zbog epidemiju se ne preporu\u010duje odlazak u bolnice bez prijeke potrebe. No \u0161to ako nas je korona zatekla usred lije\u010denja od zlo\u0107udne bolesti? Pitali smo gospo\u0111u Lijljanu.<\/p>\n","protected":false},"author":4,"featured_media":42959,"comment_status":"closed","ping_status":"closed","sticky":false,"template":"","format":"standard","meta":{"footnotes":""},"categories":[1008,9],"tags":[43,1263,2046,952],"class_list":["post-42953","post","type-post","status-publish","format-standard","has-post-thumbnail","hentry","category-nema-predaje","category-vijesti","tag-karcinom","tag-kemoterapija","tag-korona-virus","tag-nemapredaje"],"_links":{"self":[{"href":"https:\/\/www.mojevrijeme.hr\/magazin\/wp-json\/wp\/v2\/posts\/42953","targetHints":{"allow":["GET"]}}],"collection":[{"href":"https:\/\/www.mojevrijeme.hr\/magazin\/wp-json\/wp\/v2\/posts"}],"about":[{"href":"https:\/\/www.mojevrijeme.hr\/magazin\/wp-json\/wp\/v2\/types\/post"}],"author":[{"embeddable":true,"href":"https:\/\/www.mojevrijeme.hr\/magazin\/wp-json\/wp\/v2\/users\/4"}],"replies":[{"embeddable":true,"href":"https:\/\/www.mojevrijeme.hr\/magazin\/wp-json\/wp\/v2\/comments?post=42953"}],"version-history":[{"count":0,"href":"https:\/\/www.mojevrijeme.hr\/magazin\/wp-json\/wp\/v2\/posts\/42953\/revisions"}],"wp:featuredmedia":[{"embeddable":true,"href":"https:\/\/www.mojevrijeme.hr\/magazin\/wp-json\/wp\/v2\/media\/42959"}],"wp:attachment":[{"href":"https:\/\/www.mojevrijeme.hr\/magazin\/wp-json\/wp\/v2\/media?parent=42953"}],"wp:term":[{"taxonomy":"category","embeddable":true,"href":"https:\/\/www.mojevrijeme.hr\/magazin\/wp-json\/wp\/v2\/categories?post=42953"},{"taxonomy":"post_tag","embeddable":true,"href":"https:\/\/www.mojevrijeme.hr\/magazin\/wp-json\/wp\/v2\/tags?post=42953"}],"curies":[{"name":"wp","href":"https:\/\/api.w.org\/{rel}","templated":true}]}}