{"id":432,"date":"2014-03-18T10:54:01","date_gmt":"2014-03-18T09:54:01","guid":{"rendered":"http:\/\/mojevrijeme.com\/?p=432"},"modified":"2014-03-31T10:00:24","modified_gmt":"2014-03-31T08:00:24","slug":"istine-i-mitovi-o-sijedoj-kosi","status":"publish","type":"post","link":"https:\/\/www.mojevrijeme.hr\/magazin\/2014\/03\/istine-i-mitovi-o-sijedoj-kosi\/","title":{"rendered":"Istine i mitovi o sijedoj kosi"},"content":{"rendered":"<p>Za\u0161to kosa sijedi? Mo\u017ee li se taj proces zaustaviti ili barem usporiti? Koliko su to\u010dne one pri\u010de da \u0107e se broj sijedih pove\u0107ati ako bijele izdajni\u010dke vlasi \u010dupate? Otkrivamo nekoliko zanimljivosti, ali i zabluda o sijedim vlasima.<\/p>\n<h3>Svatko sijedi u svoje vrijeme<\/h3>\n<p>Dugo se vjerovalo da \u0107e nakon navr\u0161ene 50. godine, 50 posto ljudi imati barem 50 posto sijede kose, no to nije tako. Svatko sijedi u svoje vrijeme pa \u0107e neki s 50 godina biti potpuno sijedi dok \u0107e drugi zadr\u017eati boju kose kakvu su imali kad su bili mla\u0111i. Boja kose ovisi o tome koliku koli\u010dinu pigmenta melanina tijelo proizvodi. Ta je koli\u010dina u mladosti ve\u0107a, a s godinama opada te kosa mijenja boju i sijedi.<\/p>\n<h3>Va\u017enost genetike<\/h3>\n<p>Iako postoje i neki drugi faktori koji utje\u010du na boju kose, najva\u017eniji faktor je ipak genetika. Kad \u0107e va\u0161a kosa postati bijela, zapisano je u va\u0161em genetskom kodu, a \u017eelite li znati kad \u0107ete posijediti, najbolje je da pogledate kad se to dogodilo va\u0161im roditeljima.<\/p><div id=\"mojev-2929732672\" class=\"mojev-u-tekstu mojev-entity-placement\" style=\"margin-left: auto;margin-right: auto;text-align: center;\"><div class=\"mojev-adlabel\">oglas<\/div><div style=\"height: 250px;\"><script async src=\"https:\/\/pagead2.googlesyndication.com\/pagead\/js\/adsbygoogle.js?client=ca-pub-8106111766207173\"\r\n     crossorigin=\"anonymous\"><\/script>\r\n<!-- Prikazni 1 u tekstu -->\r\n<ins class=\"adsbygoogle\"\r\n     style=\"display:block\"\r\n     data-ad-client=\"ca-pub-8106111766207173\"\r\n     data-ad-slot=\"8535551207\"\r\n     data-ad-format=\"auto\"\r\n     data-full-width-responsive=\"true\"><\/ins>\r\n<script>\r\n     (adsbygoogle = window.adsbygoogle || []).push({});\r\n<\/script><\/div><\/div><br style=\"clear: both; display: block; float: none;\"\/>\n<h3>\u017divotne navike<\/h3>\n<p>Kad \u0107emo posijediti najvi\u0161e, dakle, ovisi o na\u0161oj genetici. No postoje i drugi faktori koji utje\u010du na boju kose. Istra\u017eivanje provedeno 2013. pokazalo je kako je pu\u0161enje jedan od tih faktora, pa oni koji u\u017eivaju u duhanskom dimu imaju puno ve\u0107e \u0161anse dobiti sijede ve\u0107 prije 30. godine.<\/p>\n<h3>Sijedim vlasima pogoduje stres<\/h3>\n<p>Stres je \u0161tetan za cjelokupni organizam pa tako i za kvalitetu va\u0161e kose. Iako nema direktni utjecaj na boju kose, stres mo\u017ee uzokovati ispadanje kose, a vlasi koje nakon toga narastu mogu imati manje pigmenta i biti svjetlije. Tako\u0111er, zabilje\u017eeni su slu\u010dajevi kad kosa naglo posijedi uslijed nenadanog \u0161oka ili du\u017ee izlo\u017eenosti velikoj razini stresa.<\/p>\n<h3>Sunce ne pogoduje nastajanju sijedih<\/h3>\n<p>Jako sunce mo\u017ee o\u0161tetiti kosu i u\u010diniti ju svjetlijom, no nema utjecaj na pojavu sijedih. Pretjerano izlaganje suncu valja izbjegavati i zbog zdravlja ko\u017ee i zbog kvalitete kose, no pojava sijedih nema veze s pretjeranim sun\u010danjem.<\/p>\n<h3>I\u0161\u010dupate li sijedu, ne\u0107e vam na istom mjesti izrasti dvije<\/h3>\n<p>Ovo je jedan od naj\u010de\u0161\u0107ih mitova kad su sijede vlasi u pitanju, no u njemu nema istine. I\u0161\u010dupate li sijedu vlas mo\u017ee vam se dogoditi da o\u0161tetite folikul i da vam na tom mjestu uop\u0107e vi\u0161e ne izraste vlas. No zasigurno se ne\u0107e dogoditi da vam na mjestu i\u0161\u010dupane sijede vlasi narastu dvije nove sijede.<\/p>\n<div id=\"mojev-4241948962\" class=\"mojev-kraj-teksta mojev-entity-placement\" style=\"margin-bottom: 20px;margin-left: auto;margin-right: auto;text-align: center;\"><div class=\"mojev-adlabel\">oglas<\/div><div style=\"height: 250px;\"><script async src=\"https:\/\/pagead2.googlesyndication.com\/pagead\/js\/adsbygoogle.js?client=ca-pub-8106111766207173\"\r\n     crossorigin=\"anonymous\"><\/script>\r\n<!-- Display-1 -->\r\n<ins class=\"adsbygoogle\"\r\n     style=\"display:block\"\r\n     data-ad-client=\"ca-pub-8106111766207173\"\r\n     data-ad-slot=\"1465712950\"\r\n     data-ad-format=\"auto\"\r\n     data-full-width-responsive=\"true\"><\/ins>\r\n<script>\r\n     (adsbygoogle = window.adsbygoogle || []).push({});\r\n<\/script><\/div><\/div>","protected":false},"excerpt":{"rendered":"<p>Svatko sijedi u svoje vrijeme pa \u0107e neki s 50 godina biti potpuno sijedi dok \u0107e drugi zadr\u017eati boju kose kakvu su imali kad su bili mla\u0111i. Boja kose ovisi o tome koliku koli\u010dinu pigmenta melanina tijelo proizvodi. Ta je koli\u010dina u mladosti ve\u0107a, a s godinama opada te kosa mijenja boju i sijedi.<\/p>\n","protected":false},"author":1,"featured_media":433,"comment_status":"closed","ping_status":"open","sticky":false,"template":"","format":"standard","meta":{"footnotes":""},"categories":[86],"tags":[90],"class_list":["post-432","post","type-post","status-publish","format-standard","has-post-thumbnail","hentry","category-stil-i-ljepota","tag-kosa"],"_links":{"self":[{"href":"https:\/\/www.mojevrijeme.hr\/magazin\/wp-json\/wp\/v2\/posts\/432","targetHints":{"allow":["GET"]}}],"collection":[{"href":"https:\/\/www.mojevrijeme.hr\/magazin\/wp-json\/wp\/v2\/posts"}],"about":[{"href":"https:\/\/www.mojevrijeme.hr\/magazin\/wp-json\/wp\/v2\/types\/post"}],"author":[{"embeddable":true,"href":"https:\/\/www.mojevrijeme.hr\/magazin\/wp-json\/wp\/v2\/users\/1"}],"replies":[{"embeddable":true,"href":"https:\/\/www.mojevrijeme.hr\/magazin\/wp-json\/wp\/v2\/comments?post=432"}],"version-history":[{"count":0,"href":"https:\/\/www.mojevrijeme.hr\/magazin\/wp-json\/wp\/v2\/posts\/432\/revisions"}],"wp:featuredmedia":[{"embeddable":true,"href":"https:\/\/www.mojevrijeme.hr\/magazin\/wp-json\/wp\/v2\/media\/433"}],"wp:attachment":[{"href":"https:\/\/www.mojevrijeme.hr\/magazin\/wp-json\/wp\/v2\/media?parent=432"}],"wp:term":[{"taxonomy":"category","embeddable":true,"href":"https:\/\/www.mojevrijeme.hr\/magazin\/wp-json\/wp\/v2\/categories?post=432"},{"taxonomy":"post_tag","embeddable":true,"href":"https:\/\/www.mojevrijeme.hr\/magazin\/wp-json\/wp\/v2\/tags?post=432"}],"curies":[{"name":"wp","href":"https:\/\/api.w.org\/{rel}","templated":true}]}}