{"id":43630,"date":"2020-12-30T09:43:15","date_gmt":"2020-12-30T08:43:15","guid":{"rendered":"https:\/\/www.mojevrijeme.hr\/magazin\/?p=43630"},"modified":"2020-12-30T09:43:19","modified_gmt":"2020-12-30T08:43:19","slug":"umjereno-oblacno-mjestimicna-kisa-sutra-zahladnjene","status":"publish","type":"post","link":"https:\/\/www.mojevrijeme.hr\/magazin\/2020\/12\/umjereno-oblacno-mjestimicna-kisa-sutra-zahladnjene\/","title":{"rendered":"Umjereno obla\u010dno, mjestimi\u010dna ki\u0161a, sutra zahladnjene"},"content":{"rendered":"\n<h3 class=\"wp-block-heading\">Hrvatska danas<\/h3>\n\n\n\n<p>Umjereno, ponegdje i prete\u017eno obla\u010dno uz mjestimi\u010dnu ki\u0161u, a u najvi\u0161im predjelima i snijeg. Na zapadu zemlje barem kra\u0107a sun\u010dana razdoblja, dok \u0107e se ki\u0161a najdulje zadr\u017eati u Slavoniji te osobito u Dalmaciji gdje je lokalno mogu\u0107a obilna oborina, ponegdje i grmljavina. Vjetar na kopnu uglavnom slab, mjestimice umjeren jugoisto\u010dni i ju\u017eni. Na Jadranu \u0107e puhati umjeren ju\u017eni i jugozapadni vjetar, u Dalmaciji jo\u0161 u prvom dijelu dana i jak, a na sjevernom dijelu poslijepodne u okretanju na sjeverozapadnjak. Najvi\u0161a dnevna temperatura izme\u0111u 8 i 12, a na Jadranu od 11 do 16 \u00b0C.<\/p>\n\n\n\n<h3 class=\"wp-block-heading\">Zagreb danas<\/h3>\n\n\n\n<p>Promjenljivo obla\u010dno sa sun\u010danim razdobljima, a uz vi\u0161e oblaka povremeno malo ki\u0161e, uglavnom ujutro te ponovno nave\u010der. Vjetar ve\u0107inom slab. Najvi\u0161a dnevna temperatura oko 10 \u00b0C.<\/p>\n\n\n\n<h3 class=\"wp-block-heading\">Biometeorolo\u0161ka prognoza<\/h3>\n\n\n\n<p>Biometeorolo\u0161ke prilike \u0107e u sjevernim, sredi\u0161njim i isto\u010dnim predjelima zemlje biti razmjerno nepovoljne, dok \u0107e u Lici i Gorskom kotaru, te na Jadranu biti nepovoljne. Sli\u010dno kao i prethodnih dana, kod meteoropata je mogu\u0107a glavobolja, radra\u017eljivost i slabija koncentracija, a poja\u010dane tegobe mogu biti prisutne kod kroni\u010dnih bolesnika. Tegobe \u0107e biti slabije izra\u017eene u unutra\u0161njosti zemlje, osobito u dijelovima dana sa sun\u010danim razdobljima.<\/p><div id=\"mojev-4008391123\" class=\"mojev-u-tekstu mojev-entity-placement\" style=\"margin-left: auto;margin-right: auto;text-align: center;\"><div class=\"mojev-adlabel\">oglas<\/div><div style=\"height: 250px;\"><script async src=\"https:\/\/pagead2.googlesyndication.com\/pagead\/js\/adsbygoogle.js?client=ca-pub-8106111766207173\"\r\n     crossorigin=\"anonymous\"><\/script>\r\n<!-- Prikazni 1 u tekstu -->\r\n<ins class=\"adsbygoogle\"\r\n     style=\"display:block\"\r\n     data-ad-client=\"ca-pub-8106111766207173\"\r\n     data-ad-slot=\"8535551207\"\r\n     data-ad-format=\"auto\"\r\n     data-full-width-responsive=\"true\"><\/ins>\r\n<script>\r\n     (adsbygoogle = window.adsbygoogle || []).push({});\r\n<\/script><\/div><\/div><br style=\"clear: both; display: block; float: none;\"\/>\n\n\n\n<h3 class=\"wp-block-heading\">Izgledi vremena od 31. 12. 2020. do 2. 1. 2021.<\/h3>\n\n\n\n<p>Promjenljivo, povremeno uz ki\u0161u, a uz pad temperature u \u010detvrtak \u0107e mjestimice biti i snijega, uglavnom u gorju no mogu\u0107 je i u nizinama. Ki\u0161a \u0107e biti \u010de\u0161\u0107a na Jadranu gdje \u0107e lokalno biti i obilnije oborine, u petak na sjeveru, a po\u010detkom vikenda i u Dalmaciji. Vjetar u po\u010detku slab do umjeren sjeverni i sjeverozapadni. Od petka ponovno ju\u017eina i porast temperature. Umjeren ju\u017eni i jugoisto\u010dni vjetar te umjereno do jako jugo na moru, u subotu \u0107e jo\u0161 malo poja\u010dati.<\/p>\n\n\n\n<p><em>(Izvor: Dr\u017eavni hidrometeorolo\u0161ki zavod)<\/em><\/p>\n\n\n\n<h3 class=\"wp-block-heading\">Trenutno stanje<\/h3>\n\n\n<p>[astero id=&#8217;38380&#8242;]<\/p>\n<div id=\"mojev-3421004361\" class=\"mojev-kraj-teksta mojev-entity-placement\" style=\"margin-bottom: 20px;margin-left: auto;margin-right: auto;text-align: center;\"><div class=\"mojev-adlabel\">oglas<\/div><div style=\"height: 250px;\"><script async src=\"https:\/\/pagead2.googlesyndication.com\/pagead\/js\/adsbygoogle.js?client=ca-pub-8106111766207173\"\r\n     crossorigin=\"anonymous\"><\/script>\r\n<!-- Display-1 -->\r\n<ins class=\"adsbygoogle\"\r\n     style=\"display:block\"\r\n     data-ad-client=\"ca-pub-8106111766207173\"\r\n     data-ad-slot=\"1465712950\"\r\n     data-ad-format=\"auto\"\r\n     data-full-width-responsive=\"true\"><\/ins>\r\n<script>\r\n     (adsbygoogle = window.adsbygoogle || []).push({});\r\n<\/script><\/div><\/div>","protected":false},"excerpt":{"rendered":"<p>Biometeorolo\u0161ke prilike \u0107e u sjevernim, sredi\u0161njim i isto\u010dnim predjelima zemlje biti razmjerno nepovoljne, dok \u0107e u Lici i Gorskom kotaru, te na Jadranu biti nepovoljne.<\/p>\n","protected":false},"author":1,"featured_media":43631,"comment_status":"closed","ping_status":"closed","sticky":false,"template":"","format":"standard","meta":{"footnotes":""},"categories":[2436],"tags":[2438],"class_list":["post-43630","post","type-post","status-publish","format-standard","has-post-thumbnail","hentry","category-vremenska-prognoza","tag-vremenska-prognoza"],"_links":{"self":[{"href":"https:\/\/www.mojevrijeme.hr\/magazin\/wp-json\/wp\/v2\/posts\/43630","targetHints":{"allow":["GET"]}}],"collection":[{"href":"https:\/\/www.mojevrijeme.hr\/magazin\/wp-json\/wp\/v2\/posts"}],"about":[{"href":"https:\/\/www.mojevrijeme.hr\/magazin\/wp-json\/wp\/v2\/types\/post"}],"author":[{"embeddable":true,"href":"https:\/\/www.mojevrijeme.hr\/magazin\/wp-json\/wp\/v2\/users\/1"}],"replies":[{"embeddable":true,"href":"https:\/\/www.mojevrijeme.hr\/magazin\/wp-json\/wp\/v2\/comments?post=43630"}],"version-history":[{"count":0,"href":"https:\/\/www.mojevrijeme.hr\/magazin\/wp-json\/wp\/v2\/posts\/43630\/revisions"}],"wp:featuredmedia":[{"embeddable":true,"href":"https:\/\/www.mojevrijeme.hr\/magazin\/wp-json\/wp\/v2\/media\/43631"}],"wp:attachment":[{"href":"https:\/\/www.mojevrijeme.hr\/magazin\/wp-json\/wp\/v2\/media?parent=43630"}],"wp:term":[{"taxonomy":"category","embeddable":true,"href":"https:\/\/www.mojevrijeme.hr\/magazin\/wp-json\/wp\/v2\/categories?post=43630"},{"taxonomy":"post_tag","embeddable":true,"href":"https:\/\/www.mojevrijeme.hr\/magazin\/wp-json\/wp\/v2\/tags?post=43630"}],"curies":[{"name":"wp","href":"https:\/\/api.w.org\/{rel}","templated":true}]}}