{"id":43653,"date":"2020-12-31T17:31:21","date_gmt":"2020-12-31T16:31:21","guid":{"rendered":"https:\/\/www.mojevrijeme.hr\/magazin\/?p=43653"},"modified":"2021-01-04T18:41:11","modified_gmt":"2021-01-04T17:41:11","slug":"2020-iza-umirovljenika-je-godina-uzasa-no-nada-nije-izgubljena","status":"publish","type":"post","link":"https:\/\/www.mojevrijeme.hr\/magazin\/2020\/12\/2020-iza-umirovljenika-je-godina-uzasa-no-nada-nije-izgubljena\/","title":{"rendered":"2020: Iza umirovljenika je godina u\u017easa, no nada nije izgubljena. Dapa\u010de!"},"content":{"rendered":"\n<p>Da nije bilo pandemije koronavirusa i potresa, ova bi godina za umirovljenike bila jednako lo\u0161a kao i one prije nje. No ovako je ljeto koje ispra\u0107amo za hrvatske starije gra\u0111ane mo\u017eda i najgore jo\u0161 od ratnih godina.<\/p>\n\n\n\n<p>Jer ne samo da su brojni izgubili domove u potresima koji su poharali zagreba\u010dko, sisa\u010dko, petrinjsko i glinsko podru\u010dje, ve\u0107 su mnogi zadnje dane \u017eivota do\u010dekali spojeni na strojeve, bez svijesti, odvojeni od obitelji. No krenimo redom\u2026<\/p>\n\n\n\n<h3 class=\"wp-block-heading\">Umirovljenici \u2013 \u017eive buktinje<\/h3>\n\n\n\n<p>Na samom po\u010detku godine \u0161estero nepokretnih staraca izgorjelo je u plamenu koji je zahvatio nelegalni objekt obiteljskog doma Zelena oaza u Andra\u0161evcu. <\/p><div id=\"mojev-1148107719\" class=\"mojev-u-tekstu mojev-entity-placement\" style=\"margin-left: auto;margin-right: auto;text-align: center;\"><div class=\"mojev-adlabel\">oglas<\/div><div style=\"height: 250px;\"><script async src=\"https:\/\/pagead2.googlesyndication.com\/pagead\/js\/adsbygoogle.js?client=ca-pub-8106111766207173\"\r\n     crossorigin=\"anonymous\"><\/script>\r\n<!-- Prikazni 1 u tekstu -->\r\n<ins class=\"adsbygoogle\"\r\n     style=\"display:block\"\r\n     data-ad-client=\"ca-pub-8106111766207173\"\r\n     data-ad-slot=\"8535551207\"\r\n     data-ad-format=\"auto\"\r\n     data-full-width-responsive=\"true\"><\/ins>\r\n<script>\r\n     (adsbygoogle = window.adsbygoogle || []).push({});\r\n<\/script><\/div><\/div><br style=\"clear: both; display: block; float: none;\"\/>\n\n\n\n<p>Ni 26 vatrogasaca s pet vozila nije moglo ugasiti dvori\u0161ni drveni objekt koji je zapalila grijalica, a kasnije se pokazalo da nije bio registriran za namjenu kojoj je slu\u017eio. Niz inspekcija pokazao je i brojne druge nepravilnosti u radu doma \u010diji su \u0161ti\u0107enici izmje\u0161teni u druge ustanove ili vra\u0107eni obiteljima.<\/p>\n\n\n\n<p>Mjesec dana nakon po\u017eara vlasnicima je izre\u010den istra\u017eni zatvor. U travnju je protiv vlasnice doma Gabrijele \u010cu\u010dkovi\u0107 podignuta optu\u017enica za te\u0161ko kazneno djelo protiv op\u0107e sigurnosti, za \u0161to joj prijeti kazna zatvora do 15 godina.<\/p>\n\n\n\n<figure class=\"wp-block-image size-large\"><img loading=\"lazy\" decoding=\"async\" width=\"740\" height=\"444\" src=\"https:\/\/www.mojevrijeme.hr\/magazin\/wp-content\/uploads\/2020\/01\/izgoreni-dom-740x444.jpg\" alt=\"\" class=\"wp-image-33170\" srcset=\"https:\/\/www.mojevrijeme.hr\/magazin\/wp-content\/uploads\/2020\/01\/izgoreni-dom-740x444.jpg 740w, https:\/\/www.mojevrijeme.hr\/magazin\/wp-content\/uploads\/2020\/01\/izgoreni-dom-636x382.jpg 636w, https:\/\/www.mojevrijeme.hr\/magazin\/wp-content\/uploads\/2020\/01\/izgoreni-dom-768x461.jpg 768w, https:\/\/www.mojevrijeme.hr\/magazin\/wp-content\/uploads\/2020\/01\/izgoreni-dom-1536x922.jpg 1536w, https:\/\/www.mojevrijeme.hr\/magazin\/wp-content\/uploads\/2020\/01\/izgoreni-dom-1500x900.jpg 1500w, https:\/\/www.mojevrijeme.hr\/magazin\/wp-content\/uploads\/2020\/01\/izgoreni-dom-1600x960.jpg 1600w, https:\/\/www.mojevrijeme.hr\/magazin\/wp-content\/uploads\/2020\/01\/izgoreni-dom-590x354.jpg 590w, https:\/\/www.mojevrijeme.hr\/magazin\/wp-content\/uploads\/2020\/01\/izgoreni-dom-400x240.jpg 400w, https:\/\/www.mojevrijeme.hr\/magazin\/wp-content\/uploads\/2020\/01\/izgoreni-dom-1000x600.jpg 1000w, https:\/\/www.mojevrijeme.hr\/magazin\/wp-content\/uploads\/2020\/01\/izgoreni-dom-820x492.jpg 820w, https:\/\/www.mojevrijeme.hr\/magazin\/wp-content\/uploads\/2020\/01\/izgoreni-dom.jpg 2000w\" sizes=\"auto, (max-width: 740px) 100vw, 740px\" \/><figcaption>screenshot: N1<\/figcaption><\/figure>\n\n\n\n<p>Gorjeli su starci i u rujnu i to u Dugom Ratu. Po\u017ear se dogodio u Obiteljskom domu za starije Providenca pri \u010demu su dvije osobe poginule, a tre\u0107a je te\u0161ko ozlije\u0111ena. Prema priop\u0107enju splitskog Op\u0107inskog dr\u017eavnog odvjetni\u0161tva, uzrok po\u017eara je otvoreni plamen ili \u017ear. Vlasnica doma Anita Vrca za Slobodnu Dalmaciju kazala je kako su preminule dvije \u0161ti\u0107enice. &#8220;Radi se o dvije \u0161ti\u0107enice starije dobi koje su bile dementne. Bile su smje\u0161tene u sobi na gornjem katu&#8221;, kazala je Vrca.<\/p>\n\n\n\n<h3 class=\"wp-block-heading\">Dali su dru\u0161tvu \u0161to su mogli, a sad neka umru<\/h3>\n\n\n\n<p>&#8220;Na\u0161 zadatak je, sada kad smo toga potpuno svjesni, da u\u010dinimo sve da za\u0161titimo na\u0161e majke i o\u010deve, bake i djedove, babe i didove, none, jer to su ljudi koji su nas podizali i brinuli za nas cijele na\u0161e \u017eivote, i to je, ako ni\u0161ta drugo, ako \u0107emo samo tako gledati, a prije svega moramo tako gledati, na\u0161a ljudska obaveza&#8221;, rekao je predsjednik <strong>Zoran Milanovi\u0107<\/strong> u o\u017eujku. <\/p>\n\n\n\n<p>Do lipnja je donekle promijenio pristup pa je koronavirus usporedio s karijesom, \u0161to je zbunilo mnoge i dalo vjetar u le\u0111a brojnim teoreti\u010darima urote. A me\u0111u njima je, istini za volju, velik dio upravo starijih sugra\u0111ana.<\/p>\n\n\n\n<figure class=\"wp-block-image size-large\"><img loading=\"lazy\" decoding=\"async\" width=\"740\" height=\"444\" src=\"https:\/\/www.mojevrijeme.hr\/magazin\/wp-content\/uploads\/2019\/10\/ivan-pernar-1-740x444.jpg\" alt=\"\" class=\"wp-image-31346\" srcset=\"https:\/\/www.mojevrijeme.hr\/magazin\/wp-content\/uploads\/2019\/10\/ivan-pernar-1-740x444.jpg 740w, https:\/\/www.mojevrijeme.hr\/magazin\/wp-content\/uploads\/2019\/10\/ivan-pernar-1-636x382.jpg 636w, https:\/\/www.mojevrijeme.hr\/magazin\/wp-content\/uploads\/2019\/10\/ivan-pernar-1-768x461.jpg 768w, https:\/\/www.mojevrijeme.hr\/magazin\/wp-content\/uploads\/2019\/10\/ivan-pernar-1-1536x922.jpg 1536w, https:\/\/www.mojevrijeme.hr\/magazin\/wp-content\/uploads\/2019\/10\/ivan-pernar-1-1500x900.jpg 1500w, https:\/\/www.mojevrijeme.hr\/magazin\/wp-content\/uploads\/2019\/10\/ivan-pernar-1-1600x960.jpg 1600w, https:\/\/www.mojevrijeme.hr\/magazin\/wp-content\/uploads\/2019\/10\/ivan-pernar-1-590x354.jpg 590w, https:\/\/www.mojevrijeme.hr\/magazin\/wp-content\/uploads\/2019\/10\/ivan-pernar-1-400x240.jpg 400w, https:\/\/www.mojevrijeme.hr\/magazin\/wp-content\/uploads\/2019\/10\/ivan-pernar-1-1000x600.jpg 1000w, https:\/\/www.mojevrijeme.hr\/magazin\/wp-content\/uploads\/2019\/10\/ivan-pernar-1-820x492.jpg 820w, https:\/\/www.mojevrijeme.hr\/magazin\/wp-content\/uploads\/2019\/10\/ivan-pernar-1.jpg 2000w\" sizes=\"auto, (max-width: 740px) 100vw, 740px\" \/><figcaption>Ivan Pernar (foto: Sandro Bura)<\/figcaption><\/figure>\n\n\n\n<p>No barem oko onoga \u0161to je govorio saborski zastupnik <strong>Ivan Perna<\/strong>r nije bilo dvojbi. &#8220;Ja razumijem va\u0161u \u017eelji da bi htjeli da vam preci \u017eive \u0161to dulje, ali smatrate li normalnim da cijela dr\u017eava mjesecima bude paralizirana i u karanteni zato da bi neki djed ili pradjed \u017eivio dan, tjedan, mjesec ili godinu dulje?&#8221; zapitao se Pernar i, sre\u0107om, nestao s politi\u010dke scene.<\/p>\n\n\n\n<h3 class=\"wp-block-heading\">Plenkovi\u0107eva obe\u0107anja<\/h3>\n\n\n\n<p>No na sceni se odr\u017eao Andrej Plenkovi\u0107 (HDZ), vjerujemo i dijelom zbog obe\u0107anja koje je dao umirovljenicima. <\/p>\n\n\n\n<figure class=\"wp-block-image size-large\"><img loading=\"lazy\" decoding=\"async\" width=\"740\" height=\"444\" src=\"https:\/\/www.mojevrijeme.hr\/magazin\/wp-content\/uploads\/2020\/04\/andrej-plenkovic-djeca-740x444.jpg\" alt=\"\" class=\"wp-image-37168\" srcset=\"https:\/\/www.mojevrijeme.hr\/magazin\/wp-content\/uploads\/2020\/04\/andrej-plenkovic-djeca-740x444.jpg 740w, https:\/\/www.mojevrijeme.hr\/magazin\/wp-content\/uploads\/2020\/04\/andrej-plenkovic-djeca-636x382.jpg 636w, https:\/\/www.mojevrijeme.hr\/magazin\/wp-content\/uploads\/2020\/04\/andrej-plenkovic-djeca-768x461.jpg 768w, https:\/\/www.mojevrijeme.hr\/magazin\/wp-content\/uploads\/2020\/04\/andrej-plenkovic-djeca-1536x922.jpg 1536w, https:\/\/www.mojevrijeme.hr\/magazin\/wp-content\/uploads\/2020\/04\/andrej-plenkovic-djeca-1500x900.jpg 1500w, https:\/\/www.mojevrijeme.hr\/magazin\/wp-content\/uploads\/2020\/04\/andrej-plenkovic-djeca-1600x960.jpg 1600w, https:\/\/www.mojevrijeme.hr\/magazin\/wp-content\/uploads\/2020\/04\/andrej-plenkovic-djeca-590x354.jpg 590w, https:\/\/www.mojevrijeme.hr\/magazin\/wp-content\/uploads\/2020\/04\/andrej-plenkovic-djeca-400x240.jpg 400w, https:\/\/www.mojevrijeme.hr\/magazin\/wp-content\/uploads\/2020\/04\/andrej-plenkovic-djeca-1000x600.jpg 1000w, https:\/\/www.mojevrijeme.hr\/magazin\/wp-content\/uploads\/2020\/04\/andrej-plenkovic-djeca-820x492.jpg 820w, https:\/\/www.mojevrijeme.hr\/magazin\/wp-content\/uploads\/2020\/04\/andrej-plenkovic-djeca.jpg 2000w\" sizes=\"auto, (max-width: 740px) 100vw, 740px\" \/><figcaption>Andrej Plenkovi\u0107 s djecom (foto: Andrej Plenkovic\/Twitter)<\/figcaption><\/figure>\n\n\n\n<p>&#8220;Ideje da stvorimo 100.000 radnih mjesta ima upori\u0161te. Plan je pove\u0107ati mirovine za 10 posto. Omogu\u0107iti korisnicima obiteljske mirovine pravedniji na\u010din izra\u010dun. Pove\u0107ati kapacitet domove za starije za 1.500 mjesta. Daljnje porezno rastere\u0107enje u smislu poreza na dohodak. U svim \u017eupanijama zavr\u0161iti izgradnju skloni\u0161ta za \u017ertve nasilja. Novim mjerama \u0107emo olak\u0161ati zapo\u0161ljavanje osobama s invaliditetom&#8221;, obe\u0107ao je Plenkovi\u0107 u lipnju. Vladu je sastavio lak\u0161e no \u0161to se o\u010dekivalo. Ispunjenje obe\u0107anja \u010dekamo.<\/p>\n\n\n\n<h3 class=\"wp-block-heading\">Za to vrijeme&#8230; <\/h3>\n\n\n\n<p>61 posto ispla\u0107enih mirovina ispod je hrvatske linije siroma\u0161tva od 2.710 kuna, a svaki tre\u0107i umirovljenik \u017eivi u riziku siroma\u0161tva. Siroma\u0161tvo kao da je zgusnuto u tre\u0107oj \u017eivotnoj dobi, iako je prema Dr\u017eavnom zavodu za statistiku stopa rizika od siroma\u0161tva u 2019. godini pala za jedan postotni bod u odnosu na 2018. godinu kada je iznosila 19.3 posto. <\/p>\n\n\n\n<figure class=\"wp-block-image size-large\"><img loading=\"lazy\" decoding=\"async\" width=\"740\" height=\"444\" src=\"https:\/\/www.mojevrijeme.hr\/magazin\/wp-content\/uploads\/2020\/11\/siromastvo-740x444.jpg\" alt=\"\" class=\"wp-image-42440\" srcset=\"https:\/\/www.mojevrijeme.hr\/magazin\/wp-content\/uploads\/2020\/11\/siromastvo-740x444.jpg 740w, https:\/\/www.mojevrijeme.hr\/magazin\/wp-content\/uploads\/2020\/11\/siromastvo-636x382.jpg 636w, https:\/\/www.mojevrijeme.hr\/magazin\/wp-content\/uploads\/2020\/11\/siromastvo-768x461.jpg 768w, https:\/\/www.mojevrijeme.hr\/magazin\/wp-content\/uploads\/2020\/11\/siromastvo-1536x922.jpg 1536w, https:\/\/www.mojevrijeme.hr\/magazin\/wp-content\/uploads\/2020\/11\/siromastvo-1500x900.jpg 1500w, https:\/\/www.mojevrijeme.hr\/magazin\/wp-content\/uploads\/2020\/11\/siromastvo-1600x960.jpg 1600w, https:\/\/www.mojevrijeme.hr\/magazin\/wp-content\/uploads\/2020\/11\/siromastvo-590x354.jpg 590w, https:\/\/www.mojevrijeme.hr\/magazin\/wp-content\/uploads\/2020\/11\/siromastvo-400x240.jpg 400w, https:\/\/www.mojevrijeme.hr\/magazin\/wp-content\/uploads\/2020\/11\/siromastvo-1000x600.jpg 1000w, https:\/\/www.mojevrijeme.hr\/magazin\/wp-content\/uploads\/2020\/11\/siromastvo-820x492.jpg 820w, https:\/\/www.mojevrijeme.hr\/magazin\/wp-content\/uploads\/2020\/11\/siromastvo.jpg 2000w\" sizes=\"auto, (max-width: 740px) 100vw, 740px\" \/><figcaption>foto: Sandro Bura<\/figcaption><\/figure>\n\n\n\n<p>Pokazalo se da je kontinentalna Hrvatska u ve\u0107em riziku od siroma\u0161tva (19,4 posto) u odnosu na jadransku Hrvatsku (16,1 posto). Svje\u017ee objavljeni podaci za 2019. godinu ka\u017eu da \u010dak 7,9 posto osoba koje \u017eive u ku\u0107anstvima koja si ne mogu priu\u0161titi obrok koji sadr\u017eava meso, piletinu, ribu (ili vegetarijanski ekvivalent) svaki drugi dan, a 6,6 posto osoba si ne mogu priu\u0161titi adekvatno grijanje u najhladnijim mjesecima.<\/p>\n\n\n\n<h3 class=\"wp-block-heading\">Siroma\u0161tvo produbljeno pandemijom<\/h3>\n\n\n\n<p>U uvjetima pandemije brojne su obitelji postale jo\u0161 ovisnije o mirovinama pa se, pokazalo je to istra\u017eivanje u Velikoj Britaniji, na le\u0111a djedova i baka prebacio tro\u0161ak \u0161kolovanja i opremanja unu\u010dadi. I u Hrvatskoj mnogi umirovljenici poma\u017eu svojoj odrasloj djeci i njihovima obiteljima, bilo financijski, bilo stambeno, bilo radom u ku\u0107anstvu.<\/p>\n\n\n\n<p>Kako bi donekle ubla\u017eio daljnje siroma\u0161enje najstarijih, <strong>Sindikat umirovljenika Hrvatske<\/strong> zatra\u017eio je od Vlade da se za vrijeme trajanja pandemije ispla\u0107uje solidarni dodatak na mirovine umirovljenicima u rasponu od 400 do 100 kuna. <\/p>\n\n\n\n<figure class=\"wp-block-image size-large\"><img loading=\"lazy\" decoding=\"async\" width=\"740\" height=\"444\" src=\"https:\/\/www.mojevrijeme.hr\/magazin\/wp-content\/uploads\/2019\/06\/prazan-novcanik-740x444.jpg\" alt=\"\u0160to je to osobni bankrot?\" class=\"wp-image-27646\" srcset=\"https:\/\/www.mojevrijeme.hr\/magazin\/wp-content\/uploads\/2019\/06\/prazan-novcanik-740x444.jpg 740w, https:\/\/www.mojevrijeme.hr\/magazin\/wp-content\/uploads\/2019\/06\/prazan-novcanik-636x382.jpg 636w, https:\/\/www.mojevrijeme.hr\/magazin\/wp-content\/uploads\/2019\/06\/prazan-novcanik-768x461.jpg 768w, https:\/\/www.mojevrijeme.hr\/magazin\/wp-content\/uploads\/2019\/06\/prazan-novcanik-590x354.jpg 590w, https:\/\/www.mojevrijeme.hr\/magazin\/wp-content\/uploads\/2019\/06\/prazan-novcanik-400x240.jpg 400w, https:\/\/www.mojevrijeme.hr\/magazin\/wp-content\/uploads\/2019\/06\/prazan-novcanik-1000x600.jpg 1000w, https:\/\/www.mojevrijeme.hr\/magazin\/wp-content\/uploads\/2019\/06\/prazan-novcanik-820x492.jpg 820w, https:\/\/www.mojevrijeme.hr\/magazin\/wp-content\/uploads\/2019\/06\/prazan-novcanik.jpg 1200w\" sizes=\"auto, (max-width: 740px) 100vw, 740px\" \/><figcaption>Andrew Khoroshavin\/Pixabay <\/figcaption><\/figure>\n\n\n\n<p>&#8220;Najsvjetliji primjer je Slovenija, u kojoj je prosje\u010dna mirovina oko 660 eura. Svi tamo\u0161nji umirovljenici koji pri\u00ad maju mirovinu do 700 eura dobili su jednokratnu solidarnu naknadu u rasponu od 130 do 300 eura, ovisno o visini svoje mirovine. Oni koji imaju mirovinu do 500 eura dobili su jednokratno 300 eura, oni koji primaju od 501 do 600 eura dobili su 230 eura, a oni koji imaju izme\u0111u 601 i 700 eura dobili su 130 eura. Naknadu su dobili i umirovljenici samci \u010dija primanja su ve\u0107a od 700 eura&#8221;, pisala je Plenkovi\u0107u Jasna Petrovi\u0107, predsjednica Sindikata. Ali Hrvatska, valjda, ima neke druge uzore.<\/p>\n\n\n\n<h3 class=\"wp-block-heading\">Sti\u017ee nacionalna mirovina<\/h3>\n\n\n\n<p>No Hrvatska \u0107e po\u010detkom 2021. godine po\u010deti ispla\u0107ivati nacionalnu naknadu za starije osobe. Prve prijave su ve\u0107 pristigle, a takozvanom nacionalnom mirovinom osiguravaju se nov\u010dana primanja za hrvatske dr\u017eavljane starije od 65 godina \u017eivota koji nisu osigurali prihod za starost i ne ostvaruju pravo na mirovinu. Nacionalna naknada za starije osobe iznosi 800,00 kuna mjese\u010dno. <\/p>\n\n\n\n<figure class=\"wp-block-image size-large\"><img loading=\"lazy\" decoding=\"async\" width=\"740\" height=\"493\" src=\"https:\/\/www.mojevrijeme.hr\/magazin\/wp-content\/uploads\/2019\/05\/grah-u-kantici-740x493.jpg\" alt=\"Prvomajski grah u Maksimiru, 2019.\" class=\"wp-image-26248\" srcset=\"https:\/\/www.mojevrijeme.hr\/magazin\/wp-content\/uploads\/2019\/05\/grah-u-kantici-740x493.jpg 740w, https:\/\/www.mojevrijeme.hr\/magazin\/wp-content\/uploads\/2019\/05\/grah-u-kantici-636x424.jpg 636w, https:\/\/www.mojevrijeme.hr\/magazin\/wp-content\/uploads\/2019\/05\/grah-u-kantici-768x512.jpg 768w, https:\/\/www.mojevrijeme.hr\/magazin\/wp-content\/uploads\/2019\/05\/grah-u-kantici.jpg 1200w\" sizes=\"auto, (max-width: 740px) 100vw, 740px\" \/><figcaption>foto: Sandro Bura<\/figcaption><\/figure>\n\n\n\n<p>Pravo na nacionalnu naknadu za starije osobe mo\u017ee ostvariti hrvatski dr\u017eavljanin koji je navr\u0161io 65 godina \u017eivota s prebivali\u0161tem na podru\u010dju Republike Hrvatske u neprekidnom trajanju od 20 godina neposredno prije podno\u0161enja zahtjeva za ostvarivanje prava, \u0161to je osnovni uvjet, uz koji moraju biti ispunjeni i drugi zakonom propisani uvjeti.<\/p>\n\n\n\n<h3 class=\"wp-block-heading\">Nema ih<\/h3>\n\n\n\n<p>U godini iza nas zauvijek smo se oprostili od ljudi s kojima smo, na neki na\u010din, proveli cijele \u017eivote. Napustila nas je sportska i novinarska zvijezda Milka Babovi\u0107, najdugovje\u010dniji aktivni hrvatski glumac Pero Kvrgi\u0107, omiljena &#8220;televizijska mama&#8221; Vera Zima, skladatelj Rajko Dujmi\u0107, gluma\u010dke legende \u0160piro Guberina i Mustafa Nadarevi\u0107, pjeva\u010d Ki\u0107o Slabinac, novinar Mladen Ku\u0161ec, glumica Zdenka Her\u0161ak, pjeva\u010dica Zdenka Vu\u010dkovi\u0107\u2026<\/p>\n\n\n\n<figure class=\"wp-block-image size-large\"><img loading=\"lazy\" decoding=\"async\" width=\"740\" height=\"444\" src=\"https:\/\/www.mojevrijeme.hr\/magazin\/wp-content\/uploads\/2020\/11\/vera-zima-740x444.jpg\" alt=\"\" class=\"wp-image-41916\" srcset=\"https:\/\/www.mojevrijeme.hr\/magazin\/wp-content\/uploads\/2020\/11\/vera-zima-740x444.jpg 740w, https:\/\/www.mojevrijeme.hr\/magazin\/wp-content\/uploads\/2020\/11\/vera-zima-636x382.jpg 636w, https:\/\/www.mojevrijeme.hr\/magazin\/wp-content\/uploads\/2020\/11\/vera-zima-768x461.jpg 768w, https:\/\/www.mojevrijeme.hr\/magazin\/wp-content\/uploads\/2020\/11\/vera-zima-1536x922.jpg 1536w, https:\/\/www.mojevrijeme.hr\/magazin\/wp-content\/uploads\/2020\/11\/vera-zima-1500x900.jpg 1500w, https:\/\/www.mojevrijeme.hr\/magazin\/wp-content\/uploads\/2020\/11\/vera-zima-1600x960.jpg 1600w, https:\/\/www.mojevrijeme.hr\/magazin\/wp-content\/uploads\/2020\/11\/vera-zima-590x354.jpg 590w, https:\/\/www.mojevrijeme.hr\/magazin\/wp-content\/uploads\/2020\/11\/vera-zima-400x240.jpg 400w, https:\/\/www.mojevrijeme.hr\/magazin\/wp-content\/uploads\/2020\/11\/vera-zima-1000x600.jpg 1000w, https:\/\/www.mojevrijeme.hr\/magazin\/wp-content\/uploads\/2020\/11\/vera-zima-820x492.jpg 820w, https:\/\/www.mojevrijeme.hr\/magazin\/wp-content\/uploads\/2020\/11\/vera-zima.jpg 2000w\" sizes=\"auto, (max-width: 740px) 100vw, 740px\" \/><figcaption>Vera Zima (foto: press\/HRT)<\/figcaption><\/figure>\n\n\n\n<h3 class=\"wp-block-heading\">Besplatno dopunsko zdravstveno osiguranje za ve\u0107i broj umirovljenika<\/h3>\n\n\n\n<p>Pri kraju godine provedeno je uskla\u0111ivanje prihodovnog cenzusa za besplatno dopunsko zdravstveno osiguranje. Do besplatne kartice u 2021. godini mogu do\u0107i osobe kojima ukupan prihod u prethodnoj kalendarskoj godini, iskazan po \u010dlanu obitelji, mjese\u010dno nije ve\u0107i od 1.600,12 kuna, a za osigurane osobe HZZO-a koje su samci, ako im prihod u prethodnoj kalendarskoj godini nije ve\u0107i od 2.047,20 kuna. <\/p>\n\n\n\n<p>Predsjednica Sindikata umirovljenika Hrvatske, <strong>Jasna Petrovi\u0107<\/strong>, pozvala je umirovljenike koji ostvare pravo na dopunsko zdravstveno osiguranje na teret prora\u010duna da se jave u HZZO i sklope ugovor: &#8220;Ipak se kre\u0107e! Procjenjuje se da i u ovom trenutku ima do desetak tisu\u0107a osoba koje imaju to pravo, a nisu ga konzumirale&#8221;, kazala je u razgovoru za MojeVrijeme.hr.<\/p>\n\n\n\n<figure class=\"wp-block-image size-large\"><img loading=\"lazy\" decoding=\"async\" width=\"740\" height=\"444\" src=\"https:\/\/www.mojevrijeme.hr\/magazin\/wp-content\/uploads\/2020\/11\/petrovic-dopunsko-740x444.jpg\" alt=\"\" class=\"wp-image-42465\" srcset=\"https:\/\/www.mojevrijeme.hr\/magazin\/wp-content\/uploads\/2020\/11\/petrovic-dopunsko-740x444.jpg 740w, https:\/\/www.mojevrijeme.hr\/magazin\/wp-content\/uploads\/2020\/11\/petrovic-dopunsko-636x382.jpg 636w, https:\/\/www.mojevrijeme.hr\/magazin\/wp-content\/uploads\/2020\/11\/petrovic-dopunsko-768x461.jpg 768w, https:\/\/www.mojevrijeme.hr\/magazin\/wp-content\/uploads\/2020\/11\/petrovic-dopunsko-1536x922.jpg 1536w, https:\/\/www.mojevrijeme.hr\/magazin\/wp-content\/uploads\/2020\/11\/petrovic-dopunsko-1500x900.jpg 1500w, https:\/\/www.mojevrijeme.hr\/magazin\/wp-content\/uploads\/2020\/11\/petrovic-dopunsko-1600x960.jpg 1600w, https:\/\/www.mojevrijeme.hr\/magazin\/wp-content\/uploads\/2020\/11\/petrovic-dopunsko-590x354.jpg 590w, https:\/\/www.mojevrijeme.hr\/magazin\/wp-content\/uploads\/2020\/11\/petrovic-dopunsko-400x240.jpg 400w, https:\/\/www.mojevrijeme.hr\/magazin\/wp-content\/uploads\/2020\/11\/petrovic-dopunsko-1000x600.jpg 1000w, https:\/\/www.mojevrijeme.hr\/magazin\/wp-content\/uploads\/2020\/11\/petrovic-dopunsko-820x492.jpg 820w, https:\/\/www.mojevrijeme.hr\/magazin\/wp-content\/uploads\/2020\/11\/petrovic-dopunsko.jpg 2000w\" sizes=\"auto, (max-width: 740px) 100vw, 740px\" \/><figcaption>foto: mojevrijeme.hr<\/figcaption><\/figure>\n\n\n\n<p>Uskla\u0111ivanje prihodovnog cenzusa posljedica je inicijative Sindikata umirovljenika Hrvatske i Matice umirovljenika Hrvatske. Ove umirovljeni\u010dke udruge odr\u017eale su niz prosvjeda na Markovu trgu u listopadu i studenom 2019. godine. Upozorile su da cenzus nije mijenjan ve\u0107 15 godina te da je zbog uskla\u0111ivanja mirovina u samo godinu dana pravo na besplatno dopunsko osiguranje izgubilo \u010dak deset tisu\u0107a umirovljenika.<\/p>\n\n\n\n<h3 class=\"wp-block-heading\">Umirovljeni\u010dka zvijezda za kraj godine<\/h3>\n\n\n\n<p>U Hrvatskoj je po\u010delo cijepljenje protiv koronavirusa. Prva osoba koja je, uz gromoglasan aplauz, primila cjepivo je <strong>Branka Ani\u010di\u0107<\/strong>, \u0161ti\u0107enica Doma za starije i nemo\u0107ne Tre\u0161njevka u Zagrebu. <\/p>\n\n\n\n<figure class=\"wp-block-image size-large\"><img loading=\"lazy\" decoding=\"async\" width=\"740\" height=\"444\" src=\"https:\/\/www.mojevrijeme.hr\/magazin\/wp-content\/uploads\/2020\/12\/cijpljenje-740x444.jpg\" alt=\"\" class=\"wp-image-43494\" srcset=\"https:\/\/www.mojevrijeme.hr\/magazin\/wp-content\/uploads\/2020\/12\/cijpljenje-740x444.jpg 740w, https:\/\/www.mojevrijeme.hr\/magazin\/wp-content\/uploads\/2020\/12\/cijpljenje-636x382.jpg 636w, https:\/\/www.mojevrijeme.hr\/magazin\/wp-content\/uploads\/2020\/12\/cijpljenje-768x461.jpg 768w, https:\/\/www.mojevrijeme.hr\/magazin\/wp-content\/uploads\/2020\/12\/cijpljenje-1536x922.jpg 1536w, https:\/\/www.mojevrijeme.hr\/magazin\/wp-content\/uploads\/2020\/12\/cijpljenje-1500x900.jpg 1500w, https:\/\/www.mojevrijeme.hr\/magazin\/wp-content\/uploads\/2020\/12\/cijpljenje-1600x960.jpg 1600w, https:\/\/www.mojevrijeme.hr\/magazin\/wp-content\/uploads\/2020\/12\/cijpljenje-590x354.jpg 590w, https:\/\/www.mojevrijeme.hr\/magazin\/wp-content\/uploads\/2020\/12\/cijpljenje-400x240.jpg 400w, https:\/\/www.mojevrijeme.hr\/magazin\/wp-content\/uploads\/2020\/12\/cijpljenje-1000x600.jpg 1000w, https:\/\/www.mojevrijeme.hr\/magazin\/wp-content\/uploads\/2020\/12\/cijpljenje-820x492.jpg 820w, https:\/\/www.mojevrijeme.hr\/magazin\/wp-content\/uploads\/2020\/12\/cijpljenje.jpg 2000w\" sizes=\"auto, (max-width: 740px) 100vw, 740px\" \/><figcaption>screenshot: HTV<\/figcaption><\/figure>\n\n\n\n<p>Ova umirovljena farmaceutska tehni\u010darka, koja je radni vijek provela u KBC Sestre milosrdnice, ne o\u010dekuje nuspojave i nije imala straha od cijepljenja. Kazala je kako je cijepljenje put povratka u normalan \u017eivot, dru\u017eenja s prijateljima i obitelji. &#8220;Veselim se susretu s praunucima&#8221;, kazala je i tako ulila nadu brojnim umirovljenicima koji se sa svojim najdra\u017eima gledaju tek putem video-veze.<\/p>\n\n\n\n<h6><em>Ovaj prilog nastao je uz potporu Fonda za poticanje pluralizma i raznovrsnosti elektroni\u010dkih medija u okviru projekta \u201cNema predaje\u201d<\/em><\/h6>\n<div id=\"mojev-660139647\" class=\"mojev-kraj-teksta mojev-entity-placement\" style=\"margin-bottom: 20px;margin-left: auto;margin-right: auto;text-align: center;\"><div class=\"mojev-adlabel\">oglas<\/div><div style=\"height: 250px;\"><script async src=\"https:\/\/pagead2.googlesyndication.com\/pagead\/js\/adsbygoogle.js?client=ca-pub-8106111766207173\"\r\n     crossorigin=\"anonymous\"><\/script>\r\n<!-- Display-1 -->\r\n<ins class=\"adsbygoogle\"\r\n     style=\"display:block\"\r\n     data-ad-client=\"ca-pub-8106111766207173\"\r\n     data-ad-slot=\"1465712950\"\r\n     data-ad-format=\"auto\"\r\n     data-full-width-responsive=\"true\"><\/ins>\r\n<script>\r\n     (adsbygoogle = window.adsbygoogle || []).push({});\r\n<\/script><\/div><\/div>","protected":false},"excerpt":{"rendered":"<p>Godinu iza nas obilje\u017eili su bolest i prirodne katastrofe koji su se nadodali na siroma\u0161tvo i nemo\u0107 umirovljenika. Usred velikog mra\u010dnog tunela, ipak se nazire svjetlo. <\/p>\n","protected":false},"author":10,"featured_media":43507,"comment_status":"closed","ping_status":"closed","sticky":false,"template":"","format":"standard","meta":{"footnotes":""},"categories":[1008,9],"tags":[2556,712,724,2260,2046,952,167,237],"class_list":["post-43653","post","type-post","status-publish","format-standard","has-post-thumbnail","hentry","category-nema-predaje","category-vijesti","tag-branka-anicic","tag-godisnji-pregled","tag-in-memoriam","tag-izbori-2020","tag-korona-virus","tag-nemapredaje","tag-sindikat-umirovljenika","tag-siromastvo"],"_links":{"self":[{"href":"https:\/\/www.mojevrijeme.hr\/magazin\/wp-json\/wp\/v2\/posts\/43653","targetHints":{"allow":["GET"]}}],"collection":[{"href":"https:\/\/www.mojevrijeme.hr\/magazin\/wp-json\/wp\/v2\/posts"}],"about":[{"href":"https:\/\/www.mojevrijeme.hr\/magazin\/wp-json\/wp\/v2\/types\/post"}],"author":[{"embeddable":true,"href":"https:\/\/www.mojevrijeme.hr\/magazin\/wp-json\/wp\/v2\/users\/10"}],"replies":[{"embeddable":true,"href":"https:\/\/www.mojevrijeme.hr\/magazin\/wp-json\/wp\/v2\/comments?post=43653"}],"version-history":[{"count":0,"href":"https:\/\/www.mojevrijeme.hr\/magazin\/wp-json\/wp\/v2\/posts\/43653\/revisions"}],"wp:featuredmedia":[{"embeddable":true,"href":"https:\/\/www.mojevrijeme.hr\/magazin\/wp-json\/wp\/v2\/media\/43507"}],"wp:attachment":[{"href":"https:\/\/www.mojevrijeme.hr\/magazin\/wp-json\/wp\/v2\/media?parent=43653"}],"wp:term":[{"taxonomy":"category","embeddable":true,"href":"https:\/\/www.mojevrijeme.hr\/magazin\/wp-json\/wp\/v2\/categories?post=43653"},{"taxonomy":"post_tag","embeddable":true,"href":"https:\/\/www.mojevrijeme.hr\/magazin\/wp-json\/wp\/v2\/tags?post=43653"}],"curies":[{"name":"wp","href":"https:\/\/api.w.org\/{rel}","templated":true}]}}