{"id":44103,"date":"2021-01-17T09:26:40","date_gmt":"2021-01-17T08:26:40","guid":{"rendered":"https:\/\/www.mojevrijeme.hr\/magazin\/?p=44103"},"modified":"2021-01-17T09:26:44","modified_gmt":"2021-01-17T08:26:44","slug":"pretezno-oblacno-duz-obale-malo-snijega-umor-i-lose-raspolozenje-za-meteoropate","status":"publish","type":"post","link":"https:\/\/www.mojevrijeme.hr\/magazin\/2021\/01\/pretezno-oblacno-duz-obale-malo-snijega-umor-i-lose-raspolozenje-za-meteoropate\/","title":{"rendered":"Prete\u017eno obla\u010dno, du\u017e obale malo snijega, umor i lo\u0161e raspolo\u017eenje za meteoropate"},"content":{"rendered":"\n<h3 class=\"wp-block-heading\">Hrvatska danas<\/h3>\n\n\n\n<p>Prete\u017eno obla\u010dno, u unutra\u0161njosti mjestimice uz slab snijeg, uglavnom u isto\u010dnim i gorskim predjelima. Na Jadranu \u0107e biti ki\u0161e, najprije na sjevernom dijelu, od sredine dana i u Dalmaciji, a \u010de\u0161\u0107a \u0107e biti na otocima, dok \u0107e du\u017e obale pasti i malo snijega. Popodne i osobito nave\u010der smanjenje naoblake. Vjetar na kopnu slab, a u sjevernim i isto\u010dnim krajevima umjeren sjeverni i sjeverozapadni. Na Jadranu \u0107e vjetar biti slab i umjeren jugoisto\u010dni i isto\u010dni, a nave\u010der \u0107e okrenuti na buru koja \u0107e ja\u010dati. Najvi\u0161a dnevna temperatura zraka u unutra\u0161njosti ve\u0107inom od -2 do 3, na Jadranu izme\u0111u 3 i 7 \u00b0C.<\/p>\n\n\n\n<h3 class=\"wp-block-heading\">Zagreb danas<\/h3>\n\n\n\n<p>Prete\u017eno obla\u010dno, u prvom dijelu dana uz mogu\u0107nost za malo snijega, a poslijepodne su mogu\u0107a kra\u0107a sun\u010dana razdoblja. Vjetar uglavnom slab. Najvi\u0161a dnevna temperatura zraka izme\u0111u 0 i 2, na Sljemenu oko -6 \u00b0C.<\/p>\n\n\n\n<h3 class=\"wp-block-heading\">Biometeorolo\u0161ka prognoza<\/h3>\n\n\n\n<p>Biometeorolo\u0161ke prilike \u0107e u cijeloj zemlji biti razmjerno nepovoljne. Zbog umjerene opasnosti od hladnog vala u ve\u0107em dijelu zemlje savjetujemo adekvatnu za\u0161titu od hladno\u0107e, a sr\u010danim i plu\u0107nim bolesnicima izbjegavanje izlazaka na otvoreno u najhladnijem dijelu dana. Neki se meteoropati mogu \u017ealiti na umor i slabije raspolo\u017eenje.<\/p><div id=\"mojev-473820659\" class=\"mojev-u-tekstu mojev-entity-placement\" style=\"margin-left: auto;margin-right: auto;text-align: center;\"><div class=\"mojev-adlabel\">oglas<\/div><div style=\"height: 250px;\"><script async src=\"https:\/\/pagead2.googlesyndication.com\/pagead\/js\/adsbygoogle.js?client=ca-pub-8106111766207173\"\r\n     crossorigin=\"anonymous\"><\/script>\r\n<!-- Prikazni 1 u tekstu -->\r\n<ins class=\"adsbygoogle\"\r\n     style=\"display:block\"\r\n     data-ad-client=\"ca-pub-8106111766207173\"\r\n     data-ad-slot=\"8535551207\"\r\n     data-ad-format=\"auto\"\r\n     data-full-width-responsive=\"true\"><\/ins>\r\n<script>\r\n     (adsbygoogle = window.adsbygoogle || []).push({});\r\n<\/script><\/div><\/div><br style=\"clear: both; display: block; float: none;\"\/>\n\n\n\n<h3 class=\"wp-block-heading\">Izgledi vremena od 18. 1. 2020. do 20. 1. 2021.<\/h3>\n\n\n\n<p>Djelomice, na Jadranu i prete\u017eno sun\u010dano. Od utorka porast naoblake, na Jadranu uz mjestimice malo ki\u0161e, a u gorju i snijega. Vjetar slab i umjeren jugozapadni. Na Jadranu \u0107e umjerena do jaka bura i sjeverozapadnjak slabjeti, u utorak okrenuti na jugozapadnjak, potom jugo koje \u0107e tijekom srijede ja\u010dati. Jo\u0161 po\u010detkom tjedna ujutro razmjerno hladno, a danju temperatura zraka u porastu.<\/p>\n\n\n\n<p><em>(Izvor: Dr\u017eavni hidrometeorolo\u0161ki zavod)<\/em><\/p>\n\n\n\n<h3 class=\"wp-block-heading\">Trenutno stanje<\/h3>\n\n\n<p>[astero id=&#8217;38380&#8242;]<\/p>\n<div id=\"mojev-166393101\" class=\"mojev-kraj-teksta mojev-entity-placement\" style=\"margin-bottom: 20px;margin-left: auto;margin-right: auto;text-align: center;\"><div class=\"mojev-adlabel\">oglas<\/div><div style=\"height: 250px;\"><script async src=\"https:\/\/pagead2.googlesyndication.com\/pagead\/js\/adsbygoogle.js?client=ca-pub-8106111766207173\"\r\n     crossorigin=\"anonymous\"><\/script>\r\n<!-- Display-1 -->\r\n<ins class=\"adsbygoogle\"\r\n     style=\"display:block\"\r\n     data-ad-client=\"ca-pub-8106111766207173\"\r\n     data-ad-slot=\"1465712950\"\r\n     data-ad-format=\"auto\"\r\n     data-full-width-responsive=\"true\"><\/ins>\r\n<script>\r\n     (adsbygoogle = window.adsbygoogle || []).push({});\r\n<\/script><\/div><\/div>","protected":false},"excerpt":{"rendered":"<p>Biometeorolo\u0161ke prilike \u0107e u cijeloj zemlji biti razmjerno nepovoljne. <\/p>\n","protected":false},"author":1,"featured_media":42324,"comment_status":"closed","ping_status":"closed","sticky":false,"template":"","format":"standard","meta":{"footnotes":""},"categories":[2436],"tags":[2438],"class_list":["post-44103","post","type-post","status-publish","format-standard","has-post-thumbnail","hentry","category-vremenska-prognoza","tag-vremenska-prognoza"],"_links":{"self":[{"href":"https:\/\/www.mojevrijeme.hr\/magazin\/wp-json\/wp\/v2\/posts\/44103","targetHints":{"allow":["GET"]}}],"collection":[{"href":"https:\/\/www.mojevrijeme.hr\/magazin\/wp-json\/wp\/v2\/posts"}],"about":[{"href":"https:\/\/www.mojevrijeme.hr\/magazin\/wp-json\/wp\/v2\/types\/post"}],"author":[{"embeddable":true,"href":"https:\/\/www.mojevrijeme.hr\/magazin\/wp-json\/wp\/v2\/users\/1"}],"replies":[{"embeddable":true,"href":"https:\/\/www.mojevrijeme.hr\/magazin\/wp-json\/wp\/v2\/comments?post=44103"}],"version-history":[{"count":0,"href":"https:\/\/www.mojevrijeme.hr\/magazin\/wp-json\/wp\/v2\/posts\/44103\/revisions"}],"wp:featuredmedia":[{"embeddable":true,"href":"https:\/\/www.mojevrijeme.hr\/magazin\/wp-json\/wp\/v2\/media\/42324"}],"wp:attachment":[{"href":"https:\/\/www.mojevrijeme.hr\/magazin\/wp-json\/wp\/v2\/media?parent=44103"}],"wp:term":[{"taxonomy":"category","embeddable":true,"href":"https:\/\/www.mojevrijeme.hr\/magazin\/wp-json\/wp\/v2\/categories?post=44103"},{"taxonomy":"post_tag","embeddable":true,"href":"https:\/\/www.mojevrijeme.hr\/magazin\/wp-json\/wp\/v2\/tags?post=44103"}],"curies":[{"name":"wp","href":"https:\/\/api.w.org\/{rel}","templated":true}]}}