{"id":44199,"date":"2021-01-20T09:29:03","date_gmt":"2021-01-20T08:29:03","guid":{"rendered":"https:\/\/www.mojevrijeme.hr\/magazin\/?p=44199"},"modified":"2021-01-20T09:29:06","modified_gmt":"2021-01-20T08:29:06","slug":"djelomice-suncano-temperature-ce-rasti-do-13-stupnjeva","status":"publish","type":"post","link":"https:\/\/www.mojevrijeme.hr\/magazin\/2021\/01\/djelomice-suncano-temperature-ce-rasti-do-13-stupnjeva\/","title":{"rendered":"Djelomice sun\u010dano, temperature \u0107e rasti do 13 stupnjeva"},"content":{"rendered":"\n<h3 class=\"wp-block-heading\">Hrvatska danas<\/h3>\n\n\n\n<p>Djelomice sun\u010dano uz povremeno pove\u0107anu naoblaku, mjestimice s ki\u0161om ponajprije na Jadranu, osobito na sjevernom dijelu, te u Gorskom kotaru i Lici, a samo u najvi\u0161em gorju mo\u017ee biti susnje\u017eice i snijega. Puhat \u0107e uglavnom umjeren, u gorskim i sredi\u0161njim predjelima mjestimice jak jugozapadni vjetar, a u Dalmaciji jugo. Najvi\u0161a temperatura zraka uglavnom izme\u0111u 9 i 13 \u00b0C, u gorskim krajevima i malo ni\u017ea.<\/p>\n\n\n\n<h3 class=\"wp-block-heading\">Zagreb danas<\/h3>\n\n\n\n<p>Djelomice sun\u010dano uz povremeno pove\u0107anu naoblaku, osobito tijekom jutra. Zapuhat \u0107e umjeren jugozapadni vjetar, u okolnom gorju \u0107e biti jak s olujnim udarima. Najvi\u0161a temperatura zraka oko 10 \u00b0C.<\/p>\n\n\n\n<h3 class=\"wp-block-heading\">Biometeorolo\u0161ka prognoza<\/h3>\n\n\n\n<p>Biometeorolo\u0161ke prilike \u0107e u sredi\u0161njim i isto\u010dnim predjelima zemlje biti razmjerno povoljne. Uz porast temperature zraka u odnosu na hladno\u0107e proteklih dana, mnogi \u0107e se ljudi osje\u0107ati ne\u0161to bolje. Ipak, pribli\u017eavanje frontalnog poreme\u0107aja uz izra\u017een jugozapadni vjetar tijekom dana mo\u017ee kod meteoropata doprinijeti glavobolji i razdra\u017eljivosti te poja\u010dati tegobe od kojih ina\u010de pate kroni\u010dni bolesnici. Tegobe \u0107e biti ne\u0161to izra\u017eenije na krajnjem jugu zemlje. Na sjevernom Jadranu te u Lici i Gorskom kotaru biometeorolo\u0161ki utjecaj \u0107e biti nepovoljan. Savjetuje se izbjegavanje suvi\u0161nih napora i redovito uzimanje terapije.<\/p><div id=\"mojev-2562153263\" class=\"mojev-u-tekstu mojev-entity-placement\" style=\"margin-left: auto;margin-right: auto;text-align: center;\"><div class=\"mojev-adlabel\">oglas<\/div><div style=\"height: 250px;\"><script async src=\"https:\/\/pagead2.googlesyndication.com\/pagead\/js\/adsbygoogle.js?client=ca-pub-8106111766207173\"\r\n     crossorigin=\"anonymous\"><\/script>\r\n<!-- Prikazni 1 u tekstu -->\r\n<ins class=\"adsbygoogle\"\r\n     style=\"display:block\"\r\n     data-ad-client=\"ca-pub-8106111766207173\"\r\n     data-ad-slot=\"8535551207\"\r\n     data-ad-format=\"auto\"\r\n     data-full-width-responsive=\"true\"><\/ins>\r\n<script>\r\n     (adsbygoogle = window.adsbygoogle || []).push({});\r\n<\/script><\/div><\/div><br style=\"clear: both; display: block; float: none;\"\/>\n\n\n\n<h3 class=\"wp-block-heading\">Izgledi vremena od 21 1. 2020. do 23. 1. 2021.<\/h3>\n\n\n\n<p>U unutra\u0161njosti promjenljivo do prete\u017eno obla\u010dno, uz najvi\u0161e sun\u010danog vremena na krajnjem istoku. U \u010detvrtak mjestimice ki\u0161a u gorskim predjelima i unutra\u0161njosti Dalmacije, a zatim gotovo posvuda, uz obilnu oborinu osobito u gorju. Puhat \u0107e umjeren do jak, mjestimice u Gorskome kotaru u \u010detvrtak i petak i olujan jugozapadnjak. Iznadprosje\u010dno toplo. Na Jadranu prete\u017eno obla\u010dno mjestimice s ki\u0161om, ponegdje i pljuskovima s grmljavinom. Lokalno i obilna oborina, osobito na sjevernom dijelu. Vrlo vjetrovito, uz jako i olujno jugo i ju\u017eni vjetar. Rezmjerno toplo.<\/p>\n\n\n\n<p><em>(Izvor: Dr\u017eavni hidrometeorolo\u0161ki zavod)<\/em><\/p>\n\n\n\n<h3 class=\"wp-block-heading\">Trenutno stanje<\/h3>\n\n\n<p>[astero id=&#8217;38380&#8242;]<\/p>\n<div id=\"mojev-2191866233\" class=\"mojev-kraj-teksta mojev-entity-placement\" style=\"margin-bottom: 20px;margin-left: auto;margin-right: auto;text-align: center;\"><div class=\"mojev-adlabel\">oglas<\/div><div style=\"height: 250px;\"><script async src=\"https:\/\/pagead2.googlesyndication.com\/pagead\/js\/adsbygoogle.js?client=ca-pub-8106111766207173\"\r\n     crossorigin=\"anonymous\"><\/script>\r\n<!-- Display-1 -->\r\n<ins class=\"adsbygoogle\"\r\n     style=\"display:block\"\r\n     data-ad-client=\"ca-pub-8106111766207173\"\r\n     data-ad-slot=\"1465712950\"\r\n     data-ad-format=\"auto\"\r\n     data-full-width-responsive=\"true\"><\/ins>\r\n<script>\r\n     (adsbygoogle = window.adsbygoogle || []).push({});\r\n<\/script><\/div><\/div>","protected":false},"excerpt":{"rendered":"<p>Biometeorolo\u0161ke prilike \u0107e u sredi\u0161njim i isto\u010dnim predjelima zemlje biti razmjerno povoljne.<\/p>\n","protected":false},"author":1,"featured_media":24009,"comment_status":"closed","ping_status":"closed","sticky":false,"template":"","format":"standard","meta":{"footnotes":""},"categories":[2436],"tags":[2438],"class_list":["post-44199","post","type-post","status-publish","format-standard","has-post-thumbnail","hentry","category-vremenska-prognoza","tag-vremenska-prognoza"],"_links":{"self":[{"href":"https:\/\/www.mojevrijeme.hr\/magazin\/wp-json\/wp\/v2\/posts\/44199","targetHints":{"allow":["GET"]}}],"collection":[{"href":"https:\/\/www.mojevrijeme.hr\/magazin\/wp-json\/wp\/v2\/posts"}],"about":[{"href":"https:\/\/www.mojevrijeme.hr\/magazin\/wp-json\/wp\/v2\/types\/post"}],"author":[{"embeddable":true,"href":"https:\/\/www.mojevrijeme.hr\/magazin\/wp-json\/wp\/v2\/users\/1"}],"replies":[{"embeddable":true,"href":"https:\/\/www.mojevrijeme.hr\/magazin\/wp-json\/wp\/v2\/comments?post=44199"}],"version-history":[{"count":0,"href":"https:\/\/www.mojevrijeme.hr\/magazin\/wp-json\/wp\/v2\/posts\/44199\/revisions"}],"wp:featuredmedia":[{"embeddable":true,"href":"https:\/\/www.mojevrijeme.hr\/magazin\/wp-json\/wp\/v2\/media\/24009"}],"wp:attachment":[{"href":"https:\/\/www.mojevrijeme.hr\/magazin\/wp-json\/wp\/v2\/media?parent=44199"}],"wp:term":[{"taxonomy":"category","embeddable":true,"href":"https:\/\/www.mojevrijeme.hr\/magazin\/wp-json\/wp\/v2\/categories?post=44199"},{"taxonomy":"post_tag","embeddable":true,"href":"https:\/\/www.mojevrijeme.hr\/magazin\/wp-json\/wp\/v2\/tags?post=44199"}],"curies":[{"name":"wp","href":"https:\/\/api.w.org\/{rel}","templated":true}]}}