{"id":44427,"date":"2021-01-27T18:51:29","date_gmt":"2021-01-27T17:51:29","guid":{"rendered":"https:\/\/www.mojevrijeme.hr\/magazin\/?p=44427"},"modified":"2021-01-28T13:55:46","modified_gmt":"2021-01-28T12:55:46","slug":"dubravka-suica-morate-cemo-raditi-dulje-za-odrzivi-mirovinski-sustav","status":"publish","type":"post","link":"https:\/\/www.mojevrijeme.hr\/magazin\/2021\/01\/dubravka-suica-morate-cemo-raditi-dulje-za-odrzivi-mirovinski-sustav\/","title":{"rendered":"Dubravka \u0160uica: Du\u017ee \u017eivimo, morati \u0107emo raditi dulje za odr\u017eivi mirovinski sustav"},"content":{"rendered":"\n<p>Europska komisija je je danas predstavila Zelenu knjigu kojom se pokre\u0107e \u0161iroka javna rasprava o izazovima starenja europskog stanovni\u0161tva koja \u0107e trajati 12 tjedana.<\/p>\n\n\n\n<p>&#8220;U zadnjih 50 godina o\u010dekivani \u017eivotni vijek Europljana produljen je prosje\u010dno za deset godina, a to zna\u010di da \u0107emo morati raditi dulje ako \u017eelimo da na\u0161i mirovinski i socijalni sustavi ostanu odr\u017eivi&#8221;, Smatra potpredsjednica Komisije za demokraciju i demografiju&nbsp;<strong>Dubravka \u0160uica<\/strong>.<\/p>\n\n\n\n<p>\u0160uica misli da \u0107e se u raspravi otvarati niz tema od&nbsp;promicanja zdravog na\u010dina \u017eivota i cjelo\u017eivotnog u\u010denja do ja\u010danja zdravstvenih i socijalnih sustava kako bi mogli ispuniti potrebe starijeg stanovni\u0161tva. Komisija nagla\u0161ava potreba za uklju\u010divanjem ve\u0107eg broja gra\u0111ana u tr\u017ei\u0161te rada.<\/p><div id=\"mojev-3596023776\" class=\"mojev-u-tekstu mojev-entity-placement\" style=\"margin-left: auto;margin-right: auto;text-align: center;\"><div class=\"mojev-adlabel\">oglas<\/div><div style=\"height: 250px;\"><script async src=\"https:\/\/pagead2.googlesyndication.com\/pagead\/js\/adsbygoogle.js?client=ca-pub-8106111766207173\"\r\n     crossorigin=\"anonymous\"><\/script>\r\n<!-- Prikazni 1 u tekstu -->\r\n<ins class=\"adsbygoogle\"\r\n     style=\"display:block\"\r\n     data-ad-client=\"ca-pub-8106111766207173\"\r\n     data-ad-slot=\"8535551207\"\r\n     data-ad-format=\"auto\"\r\n     data-full-width-responsive=\"true\"><\/ins>\r\n<script>\r\n     (adsbygoogle = window.adsbygoogle || []).push({});\r\n<\/script><\/div><\/div><br style=\"clear: both; display: block; float: none;\"\/>\n\n\n\n<p>Trenutno je u Europskoj uniji 20&nbsp;posto stanovni\u0161tva starije od 65 godina, a predvi\u0111a se da \u0107e do 2070. u toj dobnoj skupini biti 30&nbsp;posto stanovni\u0161tva. Udio gra\u0111ana starijih od 80 godina trebao bi se vi\u0161e no udvostru\u010diti te se o\u010dekuje da \u0107e do 2070. dosegnuti 13&nbsp;posto. Sli\u010dno tome, o\u010dekuje se da \u0107e se&nbsp;a podru\u010dju dana\u0161njih 27 \u010dlanica EU-a broj osoba kojima bi mogla biti potrebna dugotrajna skrb pove\u0107ati s&nbsp;19,5 milijuna&nbsp;2016. na&nbsp;23,6 milijuna&nbsp;2030. te&nbsp;30,5 milijuna&nbsp;2050, godine.<\/p>\n<div id=\"mojev-2258110060\" class=\"mojev-kraj-teksta mojev-entity-placement\" style=\"margin-bottom: 20px;margin-left: auto;margin-right: auto;text-align: center;\"><div class=\"mojev-adlabel\">oglas<\/div><div style=\"height: 250px;\"><script async src=\"https:\/\/pagead2.googlesyndication.com\/pagead\/js\/adsbygoogle.js?client=ca-pub-8106111766207173\"\r\n     crossorigin=\"anonymous\"><\/script>\r\n<!-- Display-1 -->\r\n<ins class=\"adsbygoogle\"\r\n     style=\"display:block\"\r\n     data-ad-client=\"ca-pub-8106111766207173\"\r\n     data-ad-slot=\"1465712950\"\r\n     data-ad-format=\"auto\"\r\n     data-full-width-responsive=\"true\"><\/ins>\r\n<script>\r\n     (adsbygoogle = window.adsbygoogle || []).push({});\r\n<\/script><\/div><\/div>","protected":false},"excerpt":{"rendered":"<p>Trenutno je u Europskoj uniji 20 posto stanovni\u0161tva starije od 65 godina, a predvi\u0111a se da \u0107e do 2070. u toj dobnoj skupini biti 30 posto stanovni\u0161tva.<\/p>\n","protected":false},"author":1,"featured_media":44428,"comment_status":"closed","ping_status":"closed","sticky":false,"template":"","format":"standard","meta":{"footnotes":""},"categories":[9],"tags":[1911,957,1116,921],"class_list":["post-44427","post","type-post","status-publish","format-standard","has-post-thumbnail","hentry","category-vijesti","tag-dubravka-suica","tag-mirovina","tag-mirovinska-reforma","tag-radni-vijek"],"_links":{"self":[{"href":"https:\/\/www.mojevrijeme.hr\/magazin\/wp-json\/wp\/v2\/posts\/44427","targetHints":{"allow":["GET"]}}],"collection":[{"href":"https:\/\/www.mojevrijeme.hr\/magazin\/wp-json\/wp\/v2\/posts"}],"about":[{"href":"https:\/\/www.mojevrijeme.hr\/magazin\/wp-json\/wp\/v2\/types\/post"}],"author":[{"embeddable":true,"href":"https:\/\/www.mojevrijeme.hr\/magazin\/wp-json\/wp\/v2\/users\/1"}],"replies":[{"embeddable":true,"href":"https:\/\/www.mojevrijeme.hr\/magazin\/wp-json\/wp\/v2\/comments?post=44427"}],"version-history":[{"count":0,"href":"https:\/\/www.mojevrijeme.hr\/magazin\/wp-json\/wp\/v2\/posts\/44427\/revisions"}],"wp:featuredmedia":[{"embeddable":true,"href":"https:\/\/www.mojevrijeme.hr\/magazin\/wp-json\/wp\/v2\/media\/44428"}],"wp:attachment":[{"href":"https:\/\/www.mojevrijeme.hr\/magazin\/wp-json\/wp\/v2\/media?parent=44427"}],"wp:term":[{"taxonomy":"category","embeddable":true,"href":"https:\/\/www.mojevrijeme.hr\/magazin\/wp-json\/wp\/v2\/categories?post=44427"},{"taxonomy":"post_tag","embeddable":true,"href":"https:\/\/www.mojevrijeme.hr\/magazin\/wp-json\/wp\/v2\/tags?post=44427"}],"curies":[{"name":"wp","href":"https:\/\/api.w.org\/{rel}","templated":true}]}}