{"id":44628,"date":"2021-02-08T18:10:11","date_gmt":"2021-02-08T17:10:11","guid":{"rendered":"https:\/\/www.mojevrijeme.hr\/magazin\/?p=44628"},"modified":"2021-02-08T18:11:12","modified_gmt":"2021-02-08T17:11:12","slug":"radionice-koje-se-ne-propustaju-za-online-satove-glume-i-nokti-se-lakiraju","status":"publish","type":"post","link":"https:\/\/www.mojevrijeme.hr\/magazin\/2021\/02\/radionice-koje-se-ne-propustaju-za-online-satove-glume-i-nokti-se-lakiraju\/","title":{"rendered":"Radionice koje se ne propu\u0161taju: Za online satove glume i nokti se lakiraju"},"content":{"rendered":"\n<p>\u010cetvrtak je poslijepodne, ne\u0161to iza 17 sati. U petnaestak zagreba\u010dkih domova vlada pozitivno uzbu\u0111enje. Uklju\u010duju se ra\u010dunala, spaja se na platformu Zoom! I ne, nije rije\u010d o <em>online<\/em> nastavi, ni o dje\u010djim popodnevnim aktivnostima koje su zbog koronavirusa preba\u010dene na ekrane. <\/p>\n\n\n\n<p>Sedamnaest umirovljenika (zapravo, ve\u0107ina su umirovljenice) upravo zapo\u010dinje s radionicom glume! Da, da, dobro ste pro\u010ditali. Svi oni redovito, u svakodnevnom \u017eivotu koriste internet, aktivni su na dru\u0161tvenim mre\u017eama, a odnedavno su &#8220;doma&#8221; i na Zoomu, platformi koji smo svi tako brzo i zdu\u0161no prigrlili za potrebe odr\u017eavanja raznih sastanaka, u\u010denja pa i dru\u017eenja.&nbsp;<\/p>\n\n\n\n<p>Radionica u kojoj sudjeluju dio je projekta Umjetni\u010dke organizacije &#8220;Binocular teatar&#8221;, koji se kroz poziv &#8220;Pridru\u017ei se \u2013 Aktivni u mirovini&#8221; financira iz Europskog socijalnog fonda. Projekt se provodi pod nazivom &#8220;Smijeh kao lijek&#8221;, a osim radionice glume, obuhva\u0107a i radionice drevne kineske vje\u0161tine Tai Chija o kojima smo <a href=\"https:\/\/www.mojevrijeme.hr\/magazin\/2021\/01\/zagreb-kao-peking-tai-chi-na-otvorenom-za-zdravlje-i-dugovjecnost\/\" data-type=\"post\" data-id=\"44340\" target=\"_blank\" rel=\"noreferrer noopener\">ve\u0107 pisali<\/a>.<\/p><div id=\"mojev-950879910\" class=\"mojev-u-tekstu mojev-entity-placement\" style=\"margin-left: auto;margin-right: auto;text-align: center;\"><div class=\"mojev-adlabel\">oglas<\/div><div style=\"height: 250px;\"><script async src=\"https:\/\/pagead2.googlesyndication.com\/pagead\/js\/adsbygoogle.js?client=ca-pub-8106111766207173\"\r\n     crossorigin=\"anonymous\"><\/script>\r\n<!-- Prikazni 1 u tekstu -->\r\n<ins class=\"adsbygoogle\"\r\n     style=\"display:block\"\r\n     data-ad-client=\"ca-pub-8106111766207173\"\r\n     data-ad-slot=\"8535551207\"\r\n     data-ad-format=\"auto\"\r\n     data-full-width-responsive=\"true\"><\/ins>\r\n<script>\r\n     (adsbygoogle = window.adsbygoogle || []).push({});\r\n<\/script><\/div><\/div><br style=\"clear: both; display: block; float: none;\"\/>\n\n\n\n<h3 class=\"wp-block-heading\">Gluma kao \u017eivotna igra<\/h3>\n\n\n\n<p>Kako nam je ispri\u010dao voditelj projekta, redatelj <strong>Borna Armanini<\/strong>, rije\u010d je o radionicama koje se odvijaju prema programu kojega je osmislio njihov stru\u010dni suradnik, glumac <strong>Vili Matula<\/strong>. U samoj realizaciji, uz Bornu sudjeluju i dramski umjetnik <strong>Drago Utje\u0161anovi\u0107<\/strong>, glumica <strong>Matija Prskalo<\/strong> te dramaturginja <strong>Ivana Gudelj<\/strong>.<\/p>\n\n\n\n<p>&#8220;Igranje uloga jedna je od najstarijih ljudskih igara i u nama budi \u010ditav niz osje\u0107aja. Igranje uloga poma\u017ee nam da se lak\u0161e nosimo s vlastitom slikom o sebi, da tu sliku kontinuirano pode\u0161avamo i uskla\u0111ujemo sa slikom koju o nama komunicira dru\u0161tvo koje nas okru\u017euje. To je tajna privla\u010dnosti kazali\u0161ta. U epidemijskim okolnostima bili smo prisiljeni neposredni rad s ljudima privremeno prebaciti na mre\u017ene platforme. Na radionici ne uvje\u017ebavamo samo dramske i komi\u010dne situacije, ve\u0107&nbsp;&nbsp;i igru pred kamerom, posebno za srednji i krupni plan jer na Zoomu jedni druge uglavnom i gledamo na taj na\u010din&#8221;, ka\u017ee Armanini.&nbsp;<\/p>\n\n\n\n<h3 class=\"wp-block-heading\">Od karaktera do arhetipa<\/h3>\n\n\n\n<p>Budu\u0107i da se polaznici radionice ne poznaju otprije, prvih nekoliko satova posve\u0107eno je me\u0111usobnom upoznavanju kroz kratke pri\u010de o sebi. Potom su planirani dijalozi ili scene s troje i vi\u0161e ljudi.&nbsp;<\/p>\n\n\n\n<div class=\"wp-block-columns is-layout-flex wp-container-core-columns-is-layout-9d6595d7 wp-block-columns-is-layout-flex\">\n<div class=\"wp-block-column is-layout-flow wp-block-column-is-layout-flow\">\n<figure class=\"wp-block-image size-large\"><img loading=\"lazy\" decoding=\"async\" width=\"444\" height=\"740\" src=\"https:\/\/www.mojevrijeme.hr\/magazin\/wp-content\/uploads\/2021\/02\/borna-armanini-444x740.jpg\" alt=\"\" class=\"wp-image-44653\" srcset=\"https:\/\/www.mojevrijeme.hr\/magazin\/wp-content\/uploads\/2021\/02\/borna-armanini-444x740.jpg 444w, https:\/\/www.mojevrijeme.hr\/magazin\/wp-content\/uploads\/2021\/02\/borna-armanini-382x636.jpg 382w, https:\/\/www.mojevrijeme.hr\/magazin\/wp-content\/uploads\/2021\/02\/borna-armanini.jpg 600w\" sizes=\"auto, (max-width: 444px) 100vw, 444px\" \/><figcaption>Borna Armanini (Binocular teatar arhiva)<\/figcaption><\/figure>\n<\/div>\n\n\n\n<div class=\"wp-block-column is-layout-flow wp-block-column-is-layout-flow\">\n<figure class=\"wp-block-image size-large\"><img loading=\"lazy\" decoding=\"async\" width=\"444\" height=\"740\" src=\"https:\/\/www.mojevrijeme.hr\/magazin\/wp-content\/uploads\/2021\/02\/matija-prskalo-444x740.jpg\" alt=\"\" class=\"wp-image-44652\" srcset=\"https:\/\/www.mojevrijeme.hr\/magazin\/wp-content\/uploads\/2021\/02\/matija-prskalo-444x740.jpg 444w, https:\/\/www.mojevrijeme.hr\/magazin\/wp-content\/uploads\/2021\/02\/matija-prskalo-382x636.jpg 382w, https:\/\/www.mojevrijeme.hr\/magazin\/wp-content\/uploads\/2021\/02\/matija-prskalo.jpg 600w\" sizes=\"auto, (max-width: 444px) 100vw, 444px\" \/><figcaption>Matija Prskalo (Binocular teatar arhiva)<\/figcaption><\/figure>\n\n\n\n<p><\/p>\n<\/div>\n<\/div>\n\n\n\n<p>&#8220;Koristit \u0107emo se tehnikama koje kazali\u0161te koristi odavno, koje su do nas do\u0161le od antike preko <em>commedie dell&#8217;arte<\/em>, a danas ih koristimo, a da toga nismo svjesni. Posebno \u0107emo se baviti karakterima i arhetipovima&#8221;, najavljuje Borna Armanini.&nbsp;<\/p>\n\n\n\n<h3 class=\"wp-block-heading\">Prilika za dru\u017eenje i komunikaciju<\/h3>\n\n\n\n<p>Jedna od polaznica je umirovljena prodava\u010dica, 62-godi\u0161nja&nbsp;<strong>Katica Ga\u0161parovi\u0107.&nbsp;<\/strong>Za radionicu je doznala putem Facebooka koji svakodnevno koristi.&nbsp;<\/p>\n\n\n\n<p>&#8220;Donedavno sam jo\u0161 radila, ali sada sam ve\u0107 nekoliko mjeseci u mirovini. Jednostavno se u mom \u017eivotu stvorio vi\u0161ak vremena, a ja nisam osoba koja bi sjedila ispred televizora i samo slu\u0161ala lo\u0161e vijesti. Veliki sam optimist i uvijek u svemu nastojim prona\u0107i ne\u0161to pozitivno. U ovim sam radionicama prepoznala ne\u0161to \u0161to bi meni moglo biti zanimljivo. Ina\u010de sam jako dru\u0161tvena, komunikativna, volim se dru\u017eiti, volim ljude, a sada nam je svima sve to uskra\u0107eno&#8221;, ka\u017ee gospo\u0111a Katica.<\/p>\n\n\n\n<p>Iskreno priznaje da ju je u cijeloj pri\u010di najvi\u0161e privuklo ime Vilija Matule.&nbsp; &#8220;On mi je poznat kao odli\u010dan glumac, ali i kao aktivist. A budu\u0107i da je i moja k\u0107i aktivistica, osjetila sam tu neku povezanost pa sam se prijavila.&#8221; Dodaje da nikada prije u \u017eivotu nije imala afiniteta prema glumi, ali da je to podru\u010dje kojega sada \u017eeli bolje upoznati i istra\u017eiti.&nbsp;<\/p>\n\n\n\n<h3 class=\"wp-block-heading\">Smijeh je doista lijek!<\/h3>\n\n\n\n<p>&#8220;Prvi sat protekao je u upoznavanju i privikavanju na Zoom. Iako sam aktivna na Internetu i na dru\u0161tvenim mre\u017eama, ovu platformu do sada nisam koristila, ali brzo sam sve savladala. Ve\u0107ina nas je starijih, ima \u010dak i starijih od mene. Jako smo se lijepo dru\u017eili, puno se smijali i to mi je jako godilo&#8221;, zadovoljno pri\u010da gospo\u0111a Ga\u0161parovi\u0107.<\/p>\n\n\n\n<p>Nagla\u0161ava kako joj je radionica do sada ispunila sva o\u010dekivanja, a naro\u010dito joj se dopada \u0161to je sve spontano. <\/p>\n\n\n\n<p>&#8220;Cijela ekipa je sjajna \u2013 i Matija i Borna i Drago, ali i koordinatorice. Ba\u0161 sam zadovoljna. Nadam se da \u0107e se situacija s koronom stabilizirati pa bismo onda mogli raditi i u\u017eivo, ali i ovako, online je sasvim u redu. Ispunim si vrijeme, aktivna sam, dru\u017eimo se, upoznajem nove ljude. Po prirodi sam vesela, bez obzira na \u017eivotne neda\u0107e. Moj moto je \u2013 &#8216;sve \u0107e pro\u0107i&#8217; pa to mislim i za ovu situaciju s koronom. A dok se to ne dogodi, poku\u0161avam \u017eivjeti najkvalitetnije \u0161to mogu. Suprug i ja \u017eivimo sami, nedostaju mi djeca i mojih \u0161estero unuka. Zato im pe\u010dem kola\u010de pa im ih nosim, komuniciram s prijateljicama telefonom i porukama, a sada imam i redovitu tjednu aktivnosti i ba\u0161 sam zadovoljna&#8221;, pozitivno zaklju\u010duje Katica.&nbsp;<\/p>\n\n\n\n<h3 class=\"wp-block-heading\">Iz baletnih papu\u010dica &#8211; na Zoom<\/h3>\n\n\n\n<p><strong>Mirjana Stipi\u0107&nbsp;<\/strong>umirovljena je balerina koja je navikla na scenu, ali ovo je njezin prvi susret s glumom u u\u017eem smislu. Ni ona nije &#8220;ku\u0107ni tip&#8221; osobe, voli susretati i upoznavati nove ljude pa joj je ova radionica do\u0161la kao naru\u010dena.&nbsp;<\/p>\n\n\n\n<p>&#8220;\u010cim mi je na Facebooku isko\u010dio oglas, nisam puno dvojila. Malo sam prou\u010dila o \u010demu se radi i odmah sam se prijavila. Radionicu, osim razonode, smatram i lijekom protiv usamljenosti. Mislim, imam doma mu\u017ea, ali ne mogu stalno njega gnjaviti!&#8221; (smijeh)<\/p>\n\n\n\n<p>Gospo\u0111a Mirjana preboljela je koronu uz vrlo blage simptome pa se osje\u0107a dovoljno sigurno i za\u0161ti\u0107eno i ipak izlazi van, me\u0111u ljude. Osim dramske radionice, upravo se pridru\u017eila i radionici <a href=\"https:\/\/www.mojevrijeme.hr\/magazin\/2021\/01\/zagreb-kao-peking-tai-chi-na-otvorenom-za-zdravlje-i-dugovjecnost\/\" data-type=\"post\" data-id=\"44340\" target=\"_blank\" rel=\"noreferrer noopener\">Tai Chija<\/a> te smatra da je na taj na\u010din zna\u010dajno podigla kvalitetu vlastitog \u017eivota u ovim nepovoljnim okolnostima.<\/p>\n\n\n\n<h3 class=\"wp-block-heading\">Kazali\u0161te, ljubavi moja<\/h3>\n\n\n\n<p>Za radionicu je preko Facebooka doznala i gospo\u0111a&nbsp;<strong>Snje\u017eana \u0160tefulinac.&nbsp;<\/strong>Isprva je malo oklijevala s prijavom, budu\u0107i da, kako ka\u017ee, gotovo dvije godine nije uklju\u010dila svoj laptop, Zoom nije bio instaliran na njezinom ra\u010dunalu i nije ga nikada prije koristila.&nbsp;<\/p>\n\n\n\n<p>&#8220;Ali onda sam uo\u010dila da u oglasu stoji da su nam organizatori voljni pomo\u0107i oko tehnologije, Interneta i Zooma pa sam kontaktirala koordinatoricu projekta i zamolila je za pomo\u0107 jer \u017eelim biti informati\u010dki pismena. Nisam dozvolila da me ta prepreka zaustavi i obeshrabri. Moram pohvaliti organizatore za trud i brigu te za svu pomo\u0107 koju su mi pru\u017eili. Ostvarila mi se \u017eelja da napokon s ne\u010dim krenem, da se aktiviram&#8221;, pri\u010da nam gospo\u0111a Snje\u017eana, ina\u010de velika ljubiteljica kazali\u0161ta.<\/p>\n\n\n\n<figure class=\"wp-block-image size-large\"><img loading=\"lazy\" decoding=\"async\" width=\"740\" height=\"444\" src=\"https:\/\/www.mojevrijeme.hr\/magazin\/wp-content\/uploads\/2021\/02\/radionica-crveno-740x444.jpg\" alt=\"\" class=\"wp-image-44657\" srcset=\"https:\/\/www.mojevrijeme.hr\/magazin\/wp-content\/uploads\/2021\/02\/radionica-crveno-740x444.jpg 740w, https:\/\/www.mojevrijeme.hr\/magazin\/wp-content\/uploads\/2021\/02\/radionica-crveno-636x382.jpg 636w, https:\/\/www.mojevrijeme.hr\/magazin\/wp-content\/uploads\/2021\/02\/radionica-crveno-768x461.jpg 768w, https:\/\/www.mojevrijeme.hr\/magazin\/wp-content\/uploads\/2021\/02\/radionica-crveno-1536x922.jpg 1536w, https:\/\/www.mojevrijeme.hr\/magazin\/wp-content\/uploads\/2021\/02\/radionica-crveno-1500x900.jpg 1500w, https:\/\/www.mojevrijeme.hr\/magazin\/wp-content\/uploads\/2021\/02\/radionica-crveno-1600x960.jpg 1600w, https:\/\/www.mojevrijeme.hr\/magazin\/wp-content\/uploads\/2021\/02\/radionica-crveno-590x354.jpg 590w, https:\/\/www.mojevrijeme.hr\/magazin\/wp-content\/uploads\/2021\/02\/radionica-crveno-400x240.jpg 400w, https:\/\/www.mojevrijeme.hr\/magazin\/wp-content\/uploads\/2021\/02\/radionica-crveno-1000x600.jpg 1000w, https:\/\/www.mojevrijeme.hr\/magazin\/wp-content\/uploads\/2021\/02\/radionica-crveno-820x492.jpg 820w, https:\/\/www.mojevrijeme.hr\/magazin\/wp-content\/uploads\/2021\/02\/radionica-crveno.jpg 2000w\" sizes=\"auto, (max-width: 740px) 100vw, 740px\" \/><figcaption>foto: Binocular teatar<\/figcaption><\/figure>\n\n\n\n<p>&#8220;Budu\u0107i da sam iz Kostrene, pored Rijeke, uvijek sam s prijateljicama rado odlazila na predstave u HNK Ivana pl. Zajca. Imale smo tamo pretplatu. Kazali\u0161te me oduvijek zanimalo i pratila sam sve novosti. A onda je u rije\u010dki teatar stigao <strong>Oliver Frlji\u0107<\/strong> i sve nas dobro \u0161okirao. Sva\u0161ta smo do\u017eivjele na toj sceni \u2013 od krvi do posve golih glumaca, ali to je sve igra, to je sve dio \u017eivota&#8221;, veselo pri\u010da Snje\u017eana.&nbsp;<\/p>\n\n\n\n<p>Ka\u017ee kako su radionice odli\u010dne i izuzetno opu\u0161taju\u0107e.&nbsp;<\/p>\n\n\n\n<h3 class=\"wp-block-heading\">Kao na kavici<\/h3>\n\n\n\n<p>&#8220;Na po\u010detku smo svi imali laganu tremu, ali to smo brzo prebrodili. Jako se veselim svakoj idu\u0107oj \u2013 to nam je kao da smo se na\u0161li na kavici. Pri\u010damo jedni drugima \u0161to smo radili. Evo, na primjer, jedna gospo\u0111a se pohvalila da je zbog radionice nakon dugo vremena nalakirala nokte. Nije to radila u zadnje vrijeme jer zbog korone nije puno izlazila. To nam je dakle prilika i da se malo uredimo, ipak smo dru\u0161tvena bi\u0107a i svima nam nedostaju susreti s dragim ljudima. Ovo je sada na\u0161 novi krug ljudi i mislim da svi imamo sli\u010dan, pozitivan dojam.&#8221;&nbsp;<\/p>\n\n\n\n<p>Jedna od voditeljica radionice je&nbsp;<strong>Ivana Gudelj<\/strong>, dramaturginja, koja nam otkriva na\u010din rada s umirovljenicima. Ka\u017ee kako je inicijalno bilo planirano da se radionice odr\u017eavaju u\u017eivo, no stro\u017ee epidemiolo\u0161ke mjere to su im onemogu\u0107ile pa su se brzo &#8220;pre\u0161altali&#8221; u <em>online<\/em> svijet, \u0161to su njihovi polaznici bez problema prihvatili.&nbsp;<\/p>\n\n\n\n<h3 class=\"wp-block-heading\">Mali <em>online<\/em> razgovori<\/h3>\n\n\n\n<p>&#8220;Budu\u0107i da nam je radni naziv &#8216;Smijeh kao lijek&#8217; poku\u0161avamo na taj na\u010din kazali\u0161te i knji\u017eevnost pribli\u017eiti polaznicima. \u017delimo da sve bude pozitivno, ugodno, ali i edukativno. Puno razgovaramo o knji\u017eevnosti, o kazali\u0161tu, o tome \u0161to je gluma, \u0161to je igra. \u017delja i cilj nam je na kraju ovih dru\u017eenja pripremiti predstavu i nadamo se da \u0107emo to i uspjeti jer \u010dvrsto vjerujemo da \u0107emo se u nekoj bli\u017eoj budu\u0107nosti uspjeti na\u0107i i raditi u\u017eivo&#8221;, optimisti\u010dna je Ivana.&nbsp;<\/p>\n\n\n\n<p>Dodaje kako su trenutno jo\u0161 u fazi me\u0111usobnog upoznavanja i istra\u017eivanja, a to \u010dine kroz poeziju i kroz pri\u010danje pri\u010da koje su polaznicima va\u017ene. Trude se da se svi \u0161to vi\u0161e otvore i opuste kako bi potom mogli raditi konkretnije stvari vezane uz samu glumu.&nbsp;&nbsp;<\/p>\n\n\n\n<p>Ovo nije prvi put da Ivana kao dramaturginja sudjeluje na projektu koji uklju\u010duje umirovljenike.&nbsp;<\/p>\n\n\n\n<h3 class=\"wp-block-heading\">Pasje godine<\/h3>\n\n\n\n<p>&#8220;Prije desetak godina radili smo predstavu &#8216;Pasje godine&#8217;, u suradnji s domom umirovljenika u Klai\u0107evoj.&nbsp;&nbsp;Bila je to predstava o starosti i svemu \u0161to ona donosi, a o tome su, iz prve ruke, govorili stanari doma, uz sudjelovanje dva mlada profesionalna glumca.&nbsp;&nbsp;Bila je to doista sjajna suradnja i za mene dragocjeno iskustvo. Ti ljudi nisu se nikada bavili glumom ni sudjelovali u predstavama, a sna\u0161li su se fantasti\u010dno&#8221;, prisje\u0107a se Ivana Gudelj.&nbsp;<\/p>\n\n\n\n<p>Tijekom <em>online<\/em> radionica, polaznici im otvoreno priznaju da su jako usamljeni, da im je pandemija oduzela radost dru\u017eenja s djecom i unucima te da im sama mogu\u0107nost razgovora i upoznavanje novih ljudi neizmjerno puno zna\u010di.&nbsp;&nbsp;<\/p>\n\n\n\n<h3 class=\"wp-block-heading\">Ispunjeni \u017eivoti kao dio zajedni\u010dke predstave<\/h3>\n\n\n\n<p>&#8220;Svi od reda pokazuju za\u010dudni entuzijazam, \u017eelju za razgovorom, govorom i pri\u010dom. Sve je to nama ljudima uro\u0111eno, svi smo mi dru\u0161tvena bi\u0107a. Dijelimo doga\u0111aje iz svakodnevnog \u017eivota \u2013 od toga \u0161to su toga dana radili, \u0161to su kuhali, koga su sreli pa do svojih afiniteta, hobija, va\u017enih \u017eivotnih doga\u0111aja. Vjerujem da to sve na njih djeluje terapeutski. Osje\u0107aju se ponovno da su dio ne\u010dega, da negdje pripadaju, pronalaze neki novi smisao i svrhu. Redoviti su, svaki put se uklju\u010de i ranije, jedva \u010dekaju da se okupimo&#8221;, navodi na\u0161a sugovornica.<\/p>\n\n\n\n<p>&#8220;Slu\u017ee se internetom i raznim aplikacijama jer su odvojeni od obitelji. Prate razvoj tehnologije kako bi mogli punopravno sudjelovati u suvremenom na\u010dinu \u017eivota. Prije stariji ljudi nisu \u017eeljeli ni mobitel, a ja danas mogu re\u0107i da su na\u0161i polaznici informati\u010dki i tehni\u010dki vrlo pismeni. Svi su ti ljudi imali aktivne, bogate i ispunjene \u017eivote. Neki su se bavili slikarstvom, neki plesom, neki pi\u0161u poeziju. A mi oslu\u0161kujemo sve te njihove pri\u010de i doista se nadamo da \u0107emo ih sve uspjeti uklopiti u zavr\u0161nu predstavu&#8221;, zaklju\u010duje Ivana Gudelj.&nbsp;&nbsp;<\/p>\n\n\n\n<div id=\"blokovi\"><img decoding=\"async\" src=\"https:\/\/www.mojevrijeme.hr\/magazin\/wp-content\/uploads\/2020\/09\/esf-lenta.jpg\">\nOvaj prilog objavljen je u sklopu projekta \u201cNovo vrijeme\u201d. Projekt je sufinancirala\nEuropska unija sredstvima Europskog socijalnog fonda. Sadr\u017eaj priloga isklju\u010diva\nje odgovornost Udruge Ho\u0107u stranicu.<\/div>\n<div id=\"mojev-1457318008\" class=\"mojev-kraj-teksta mojev-entity-placement\" style=\"margin-bottom: 20px;margin-left: auto;margin-right: auto;text-align: center;\"><div class=\"mojev-adlabel\">oglas<\/div><div style=\"height: 250px;\"><script async src=\"https:\/\/pagead2.googlesyndication.com\/pagead\/js\/adsbygoogle.js?client=ca-pub-8106111766207173\"\r\n     crossorigin=\"anonymous\"><\/script>\r\n<!-- Display-1 -->\r\n<ins class=\"adsbygoogle\"\r\n     style=\"display:block\"\r\n     data-ad-client=\"ca-pub-8106111766207173\"\r\n     data-ad-slot=\"1465712950\"\r\n     data-ad-format=\"auto\"\r\n     data-full-width-responsive=\"true\"><\/ins>\r\n<script>\r\n     (adsbygoogle = window.adsbygoogle || []).push({});\r\n<\/script><\/div><\/div>","protected":false},"excerpt":{"rendered":"<p>\u010cetvrtkom poslijepodne vesela grupa zagreba\u010dkih umirovljenika okuplja se na online radionici glume. Razgovorom, smijehom i optimizmom bore se protiv samo\u0107e, dru\u017ee se i stvaraju. U tome im poma\u017eu renomirani glumci i drugi kazali\u0161ni ljudi. Prikupili smo njihove dojmove.<\/p>\n","protected":false},"author":13,"featured_media":44650,"comment_status":"closed","ping_status":"closed","sticky":false,"template":"","format":"standard","meta":{"footnotes":""},"categories":[85],"tags":[201,2339,206,2585,126,77],"class_list":["post-44628","post","type-post","status-publish","format-standard","has-post-thumbnail","hentry","category-aktivno-starenje","tag-glumci","tag-novo-vrijeme","tag-radionice","tag-tai-chi","tag-tehnologija","tag-umirovljenici"],"_links":{"self":[{"href":"https:\/\/www.mojevrijeme.hr\/magazin\/wp-json\/wp\/v2\/posts\/44628","targetHints":{"allow":["GET"]}}],"collection":[{"href":"https:\/\/www.mojevrijeme.hr\/magazin\/wp-json\/wp\/v2\/posts"}],"about":[{"href":"https:\/\/www.mojevrijeme.hr\/magazin\/wp-json\/wp\/v2\/types\/post"}],"author":[{"embeddable":true,"href":"https:\/\/www.mojevrijeme.hr\/magazin\/wp-json\/wp\/v2\/users\/13"}],"replies":[{"embeddable":true,"href":"https:\/\/www.mojevrijeme.hr\/magazin\/wp-json\/wp\/v2\/comments?post=44628"}],"version-history":[{"count":0,"href":"https:\/\/www.mojevrijeme.hr\/magazin\/wp-json\/wp\/v2\/posts\/44628\/revisions"}],"wp:featuredmedia":[{"embeddable":true,"href":"https:\/\/www.mojevrijeme.hr\/magazin\/wp-json\/wp\/v2\/media\/44650"}],"wp:attachment":[{"href":"https:\/\/www.mojevrijeme.hr\/magazin\/wp-json\/wp\/v2\/media?parent=44628"}],"wp:term":[{"taxonomy":"category","embeddable":true,"href":"https:\/\/www.mojevrijeme.hr\/magazin\/wp-json\/wp\/v2\/categories?post=44628"},{"taxonomy":"post_tag","embeddable":true,"href":"https:\/\/www.mojevrijeme.hr\/magazin\/wp-json\/wp\/v2\/tags?post=44628"}],"curies":[{"name":"wp","href":"https:\/\/api.w.org\/{rel}","templated":true}]}}