{"id":4467,"date":"2015-05-21T15:03:43","date_gmt":"2015-05-21T13:03:43","guid":{"rendered":"http:\/\/www.mojevrijeme.hr\/magazin\/?p=4467"},"modified":"2015-05-21T15:05:08","modified_gmt":"2015-05-21T13:05:08","slug":"povrat-poreza-zapeo-zbog-tehnickih-problema","status":"publish","type":"post","link":"https:\/\/www.mojevrijeme.hr\/magazin\/2015\/05\/povrat-poreza-zapeo-zbog-tehnickih-problema\/","title":{"rendered":"Povrat poreza zapeo zbog tehni\u010dkih problema"},"content":{"rendered":"<p>Ako ste jedna ili jedan od onih koji \u010dekaju da im dr\u017eava vrati prepla\u0107eni porez &#8211; strpite se jo\u0161 malo. Isplate su &#8220;na \u010dekanju&#8221;\u00a0zbog tehni\u010dke gre\u0161ke, no uskoro bi trebale krenuti, poru\u010duje ministar financija <strong>Boris Lalovac<\/strong>.<\/p>\n<p>&#8220;Rekli su kada zaprime sve zahtjeve da \u0107e odjednom svima po\u010deti pu\u0161tati novac. Ja sam zamolio da \u010dim prije \u0161to mogu da to krenu i raditi. Jedna je stvar moja politi\u010dka volja, a druga stvar su njihovi tehni\u010dkih problemi&#8221;,\u00a0izjavio je ministar nakon dana\u0161nje sjednice Vlade.<\/p>\n<div id=\"mojev-3052509994\" class=\"mojev-kraj-teksta mojev-entity-placement\" style=\"margin-bottom: 20px;margin-left: auto;margin-right: auto;text-align: center;\"><div class=\"mojev-adlabel\">oglas<\/div><div style=\"height: 250px;\"><script async src=\"https:\/\/pagead2.googlesyndication.com\/pagead\/js\/adsbygoogle.js?client=ca-pub-8106111766207173\"\r\n     crossorigin=\"anonymous\"><\/script>\r\n<!-- Display-1 -->\r\n<ins class=\"adsbygoogle\"\r\n     style=\"display:block\"\r\n     data-ad-client=\"ca-pub-8106111766207173\"\r\n     data-ad-slot=\"1465712950\"\r\n     data-ad-format=\"auto\"\r\n     data-full-width-responsive=\"true\"><\/ins>\r\n<script>\r\n     (adsbygoogle = window.adsbygoogle || []).push({});\r\n<\/script><\/div><\/div>","protected":false},"excerpt":{"rendered":"<p>Isplate \u010dekaju zbog tehni\u010dke gre\u0161ke, no uskoro bi trebale krenuti, poru\u010duje ministar financija Boris Lalovac. <\/p>\n","protected":false},"author":1,"featured_media":2577,"comment_status":"closed","ping_status":"open","sticky":false,"template":"","format":"standard","meta":{"footnotes":""},"categories":[9],"tags":[17,238,573],"class_list":["post-4467","post","type-post","status-publish","format-standard","has-post-thumbnail","hentry","category-vijesti","tag-novac","tag-politika","tag-porezi"],"_links":{"self":[{"href":"https:\/\/www.mojevrijeme.hr\/magazin\/wp-json\/wp\/v2\/posts\/4467","targetHints":{"allow":["GET"]}}],"collection":[{"href":"https:\/\/www.mojevrijeme.hr\/magazin\/wp-json\/wp\/v2\/posts"}],"about":[{"href":"https:\/\/www.mojevrijeme.hr\/magazin\/wp-json\/wp\/v2\/types\/post"}],"author":[{"embeddable":true,"href":"https:\/\/www.mojevrijeme.hr\/magazin\/wp-json\/wp\/v2\/users\/1"}],"replies":[{"embeddable":true,"href":"https:\/\/www.mojevrijeme.hr\/magazin\/wp-json\/wp\/v2\/comments?post=4467"}],"version-history":[{"count":0,"href":"https:\/\/www.mojevrijeme.hr\/magazin\/wp-json\/wp\/v2\/posts\/4467\/revisions"}],"wp:featuredmedia":[{"embeddable":true,"href":"https:\/\/www.mojevrijeme.hr\/magazin\/wp-json\/wp\/v2\/media\/2577"}],"wp:attachment":[{"href":"https:\/\/www.mojevrijeme.hr\/magazin\/wp-json\/wp\/v2\/media?parent=4467"}],"wp:term":[{"taxonomy":"category","embeddable":true,"href":"https:\/\/www.mojevrijeme.hr\/magazin\/wp-json\/wp\/v2\/categories?post=4467"},{"taxonomy":"post_tag","embeddable":true,"href":"https:\/\/www.mojevrijeme.hr\/magazin\/wp-json\/wp\/v2\/tags?post=4467"}],"curies":[{"name":"wp","href":"https:\/\/api.w.org\/{rel}","templated":true}]}}