{"id":44698,"date":"2021-02-10T17:01:30","date_gmt":"2021-02-10T16:01:30","guid":{"rendered":"https:\/\/www.mojevrijeme.hr\/magazin\/?p=44698"},"modified":"2021-02-10T17:10:19","modified_gmt":"2021-02-10T16:10:19","slug":"milanovic-uziva-u-svojim-svadalackim-statusima-no-sto-kazu-gradani","status":"publish","type":"post","link":"https:\/\/www.mojevrijeme.hr\/magazin\/2021\/02\/milanovic-uziva-u-svojim-svadalackim-statusima-no-sto-kazu-gradani\/","title":{"rendered":"Milanovi\u0107 u\u017eiva u svojim sva\u0111ala\u010dkim statusima, no \u0161to ka\u017eu gra\u0111ani?"},"content":{"rendered":"\n<p>Predsjednik <strong>Zoran Milanovi\u0107<\/strong> ve\u0107 danim zabavlja javnost serijom komentara na Facebooku, a kojima se obra\u010dunava s feministi\u010dkom scenom i pravobraniteljicom za ravnopravnost spolova Vi\u0161njom Ljubi\u010di\u0107.<\/p>\n\n\n\n<p>Po prvi puta Hrvatska tako ima predsjednika koji se upu\u0161ta u sasma osobne kvalifikacije onih koji ga se usude kritizirati pa je udrugu <strong>B.a.b.e.<\/strong> nazvao &#8220;logi\u010darkama&#8221; i punomo\u0107nicama glumice Ume Thurman, <strong>Vi\u0161nju Ljubi\u0107i\u0107<\/strong> &#8220;takozvanom pravobraniteljicom&#8221;, dok je danas s predsjedni\u010dkog trona nasrnuo na gra\u0111anku <strong>Vedranu Rudan<\/strong>, kvalificirav\u0161i je kao &#8220;polupismeno, vulgarno piskaralo&#8221;.<\/p>\n\n\n\n<p>O\u010dekivano, iako su njegovu bira\u010dku bazu \u010dinili gra\u0111ansko-lijevi bira\u010di, hvalospjeve ovih dana predsjednik ubire upravo od desnice koja je odu\u0161evljena njegovim nasrtajima na lijevi dio civilne scene i potpunim nerazumijevanjem tema u koje se upu\u0161ta. \u0160tovi\u0161e, nasrtaje na institucije Milanovi\u0107, poput donedavnih protivnika, naziva borbom &#8220;protiv fa\u0161isti\u010dko-bolj\u0161evi\u010dkog terora u javnom prostoru&#8221; te &#8220;borbom za slobodu govora&#8221;.<\/p><div id=\"mojev-65624488\" class=\"mojev-u-tekstu mojev-entity-placement\" style=\"margin-left: auto;margin-right: auto;text-align: center;\"><div class=\"mojev-adlabel\">oglas<\/div><div style=\"height: 250px;\"><script async src=\"https:\/\/pagead2.googlesyndication.com\/pagead\/js\/adsbygoogle.js?client=ca-pub-8106111766207173\"\r\n     crossorigin=\"anonymous\"><\/script>\r\n<!-- Prikazni 1 u tekstu -->\r\n<ins class=\"adsbygoogle\"\r\n     style=\"display:block\"\r\n     data-ad-client=\"ca-pub-8106111766207173\"\r\n     data-ad-slot=\"8535551207\"\r\n     data-ad-format=\"auto\"\r\n     data-full-width-responsive=\"true\"><\/ins>\r\n<script>\r\n     (adsbygoogle = window.adsbygoogle || []).push({});\r\n<\/script><\/div><\/div><br style=\"clear: both; display: block; float: none;\"\/>\n\n\n\n<p>Pa mu tako u komentarima novi obo\u017eavatelji sugeriraju da mu je jo\u0161 jedan mandat osiguran, ako se rije\u0161i animoziteta prema usta\u0161kom pozdravu &#8220;za dom spremni&#8221;. &#8220;Ugodno iznena\u0111enje&#8221;, &#8220;predsjednik koji se usudi&#8221; i &#8220;kona\u010dno na\u0161 predsjednik&#8221;, samo su neke od brojnih pohvala koje je zadnjih dana ubrao. <\/p>\n\n\n\n<p>&#8220;Svaka Vam je na mjestu! Divim se Va\u0161oj pameti, izravnosti i iskrenosti&#8221;, komentar je obo\u017eavateljice <strong>Sanele<\/strong> iz Rijeke.<\/p>\n\n\n\n<p>&#8220;Bravo gospodine predsjedni\u010de! Gazi neobrazovanie libtardske nejebljive feministknje bez ikakve milosti! Debilke moraju znati da su debilke i gdje im je mjesto! Hvala ti Zoki!&#8221; rije\u010di su produhovljene Mie koja nije na\u0161la vremena za popuniti profil na Facebooku. <\/p>\n\n\n\n<p>&#8220;S takvim stavom dobit \u0107e\u0161 glas Zorane i od mene koji ina\u010de ne glasam na izborima, a i od mnogih drugih koji mo\u017eda i nisu glasali za tebe. Samo tako i nemoj se uvijati pred nikim&#8221;, odu\u0161evljeno je otipkao anonimni Morski Vuk.<\/p>\n\n\n\n<p>No, nemaju ba\u0161 svi razumijevanja za predsjednikov egzibicionizam na dru\u0161tvenim mre\u017eama pa se \u010dini da Milanovi\u0107 vi\u0161e ne mo\u017ee ra\u010dunati na dobar dio bira\u010da koji su ga zaokru\u017eili na izborima.<\/p>\n\n\n\n<p>&#8220;Joj predsjedni\u010de, idem objaviti status o vama na svom profilu. Jedva \u010dekam da se osvrnete i na mene jednom reakcijom. Znate li onu da besposlen pop i jari\u0107e krsti?&#8221; napisala mu je Suzana.<\/p>\n\n\n\n<p>&#8220;Hahaha, ovim statusom si nadma\u0161io tu babu, <em>well done<\/em>\u201c, cini\u010dno je komentirao Sanjin iz Rijeke.<\/p>\n\n\n\n<p>&#8220;Uloga predsjednika dr\u017eave je da odgovara svakoj babi ili piskaralu pored toliko ozbiljnih problema?&#8221; pitala je Vanja iz Zagreba.<\/p>\n\n\n\n<p>&#8220;Kako te je pomela. Nije tvoj komentar iznena\u0111enje. Nikada nisi volio da te netko poklapa ili ti se suprotstavlja. Ti si savr\u0161en predsjednik jer si slika ve\u0107ine Hrvata. A ona te sjajno opisala. \u0160teta \u0161to si toliko iskompleksiran&#8221;, rije\u010di su komentatora Borisa.<\/p>\n\n\n\n<p>&#8220;Samo naprijed! Bez ikakve sumnje \u0107e\u0161 izgubiti ono malo glasova koji su te u\u010dinili tom smije\u0161nom i beskorisnom institucijom tzv. predsjednika u Hrvata. O\u010dito da bahati guzonjin sin ne mo\u017ee biti ni\u0161ta drugo nego ono \u0161to je. S Trumpom pod rukicu u vulgarnosti, mizoginiji, idiotluku&#8221;, zaklju\u010dila je Zorica iz Zagreba.<\/p>\n<div id=\"mojev-2492259597\" class=\"mojev-kraj-teksta mojev-entity-placement\" style=\"margin-bottom: 20px;margin-left: auto;margin-right: auto;text-align: center;\"><div class=\"mojev-adlabel\">oglas<\/div><div style=\"height: 250px;\"><script async src=\"https:\/\/pagead2.googlesyndication.com\/pagead\/js\/adsbygoogle.js?client=ca-pub-8106111766207173\"\r\n     crossorigin=\"anonymous\"><\/script>\r\n<!-- Display-1 -->\r\n<ins class=\"adsbygoogle\"\r\n     style=\"display:block\"\r\n     data-ad-client=\"ca-pub-8106111766207173\"\r\n     data-ad-slot=\"1465712950\"\r\n     data-ad-format=\"auto\"\r\n     data-full-width-responsive=\"true\"><\/ins>\r\n<script>\r\n     (adsbygoogle = window.adsbygoogle || []).push({});\r\n<\/script><\/div><\/div>","protected":false},"excerpt":{"rendered":"<p>O\u010dekivano, iako su njegovu bira\u010dku bazu \u010dinili gra\u0111ansko-lijevi bira\u010di, hvalospjeve ovih dana predsjednik ubire upravo od desnice koja je odu\u0161evljena njegovim nasrtajima na lijevi dio civilne scene i potpunim nerazumijevanjem tema u koje se upu\u0161ta. <\/p>\n","protected":false},"author":1,"featured_media":37395,"comment_status":"closed","ping_status":"closed","sticky":false,"template":"","format":"standard","meta":{"footnotes":""},"categories":[9],"tags":[498,300],"class_list":["post-44698","post","type-post","status-publish","format-standard","has-post-thumbnail","hentry","category-vijesti","tag-facebook","tag-zoran-milanovic"],"_links":{"self":[{"href":"https:\/\/www.mojevrijeme.hr\/magazin\/wp-json\/wp\/v2\/posts\/44698","targetHints":{"allow":["GET"]}}],"collection":[{"href":"https:\/\/www.mojevrijeme.hr\/magazin\/wp-json\/wp\/v2\/posts"}],"about":[{"href":"https:\/\/www.mojevrijeme.hr\/magazin\/wp-json\/wp\/v2\/types\/post"}],"author":[{"embeddable":true,"href":"https:\/\/www.mojevrijeme.hr\/magazin\/wp-json\/wp\/v2\/users\/1"}],"replies":[{"embeddable":true,"href":"https:\/\/www.mojevrijeme.hr\/magazin\/wp-json\/wp\/v2\/comments?post=44698"}],"version-history":[{"count":0,"href":"https:\/\/www.mojevrijeme.hr\/magazin\/wp-json\/wp\/v2\/posts\/44698\/revisions"}],"wp:featuredmedia":[{"embeddable":true,"href":"https:\/\/www.mojevrijeme.hr\/magazin\/wp-json\/wp\/v2\/media\/37395"}],"wp:attachment":[{"href":"https:\/\/www.mojevrijeme.hr\/magazin\/wp-json\/wp\/v2\/media?parent=44698"}],"wp:term":[{"taxonomy":"category","embeddable":true,"href":"https:\/\/www.mojevrijeme.hr\/magazin\/wp-json\/wp\/v2\/categories?post=44698"},{"taxonomy":"post_tag","embeddable":true,"href":"https:\/\/www.mojevrijeme.hr\/magazin\/wp-json\/wp\/v2\/tags?post=44698"}],"curies":[{"name":"wp","href":"https:\/\/api.w.org\/{rel}","templated":true}]}}