{"id":4485,"date":"2015-05-22T19:02:56","date_gmt":"2015-05-22T17:02:56","guid":{"rendered":"http:\/\/www.mojevrijeme.hr\/magazin\/?p=4485"},"modified":"2015-05-22T19:02:56","modified_gmt":"2015-05-22T17:02:56","slug":"buz-hrvatska-nema-drugog-izbora-nego-potpisati-ttip","status":"publish","type":"post","link":"https:\/\/www.mojevrijeme.hr\/magazin\/2015\/05\/buz-hrvatska-nema-drugog-izbora-nego-potpisati-ttip\/","title":{"rendered":"BUZ: Hrvatska nema drugog izbora nego potpisati TTIP"},"content":{"rendered":"<p><strong>Blok\u00a0umirovljenici zajedno<\/strong> javno je odgovorio na poziv sindikata i ponudio sa\u017eetak svog stajali\u0161ta o <strong>Transatlantskom trgovinskom i investicijskom partnerstvu<\/strong> (TTIP) &#8220;koji \u0107e ostaviti dugoro\u010dni efekt na razvoj na\u0161eg dru\u0161tva&#8221;. Priop\u0107enje BUZ-a prenosimo u cijelosti:<\/p>\n<p>&#8212;<\/p>\n<p>&#8220;U ovom sa\u017eetku na\u0161eg stajali\u0161ta bavimo se samo ekonomskim efektom TTIP-a tako da \u0107emo u potpunosti ignorirati neke druge iznimno va\u017ene \u010dinjenice, a jedna od tih koje nisu obuhva\u0107ene ovom analizom je i ona da se hrana ne mo\u017ee prodavati u EU dok proizvo\u0111a\u010d ne doka\u017ee da je ona sigurna, do\u010dim se u SAD treba dokazati da je hrana \u0161tetna kako bi se zabranila njena prodaja \u0161to kod nas izaziva iznimnu zabrinutost po pitanju sklapanja ovog sporazuma.<\/p><div id=\"mojev-2017618391\" class=\"mojev-u-tekstu mojev-entity-placement\" style=\"margin-left: auto;margin-right: auto;text-align: center;\"><div class=\"mojev-adlabel\">oglas<\/div><div style=\"height: 250px;\"><script async src=\"https:\/\/pagead2.googlesyndication.com\/pagead\/js\/adsbygoogle.js?client=ca-pub-8106111766207173\"\r\n     crossorigin=\"anonymous\"><\/script>\r\n<!-- Prikazni 1 u tekstu -->\r\n<ins class=\"adsbygoogle\"\r\n     style=\"display:block\"\r\n     data-ad-client=\"ca-pub-8106111766207173\"\r\n     data-ad-slot=\"8535551207\"\r\n     data-ad-format=\"auto\"\r\n     data-full-width-responsive=\"true\"><\/ins>\r\n<script>\r\n     (adsbygoogle = window.adsbygoogle || []).push({});\r\n<\/script><\/div><\/div><br style=\"clear: both; display: block; float: none;\"\/>\n<h3>Pove\u0107anje pla\u0107a<\/h3>\n<p>Glavne zagovornike TTIP-a na podru\u010dju Europske unije \u010dini nekoliko ekonomskih instituta zaposlenih od strane same Unije ili pojedinih dr\u017eava da napi\u0161u prognoze efekata ovog sporazuma na ekonomije dr\u017eava \u010dlanica. U svrhu analize mi smo obradili izvje\u0161taje Ecorysa i CEPR-a koji ispadnu najva\u017eniji, Ecorysa jer su prvi po\u010deli s radom na ovom projektu odnosno i prije po\u010detka samih pregovora, a drugog (CEPR-a ) naj\u010de\u0161\u0107e spominju zagovornici TTIP-a.<\/p>\n<p>Oba ova zagovornika kao i ostali iz ove skupine spominju pozitivan gospodarski efekt daljnje trgovinske liberalizacije i oba koriste kako bi to dokazali ekonomski model Svjetske banke imena\u00a0 Global Trade Analysis Project (GTAP). Zanimljivo je da se kod svoje analize CEPR djelomi\u010dno odri\u010de tog modela navode\u0107i da on ne mo\u017ee niti pribli\u017eno to\u010dno predvidjeti budu\u0107nost jer nema dovoljno podataka. Bez obzira na to obje ova instituta navode pozitivan efekt TTIP-a na ekonomiju Europske unije i SAD s tim da \u0107e osim porasta trgovine koji \u0107e kompenzirati potencijalni pad poljoprivrede do\u0107i do pove\u0107anja pla\u0107a od 70 kuna po osobi 10 godina nakon \u0161to ovaj sporazum za\u017eivi.<\/p>\n<h3>Gubitak 600.000 radnih mjesta<\/h3>\n<p>U svrhu ove kratke analize kao glavne predstavnike protivnika ovog sporazuma smo uzeli Tufts univerzitet iz SADa i Austrian Foundation for Development Research. Za razliku od zagovornika TTIP-a koji koriste ekonomski model Svjetske banke, protivnici koriste ekonomski model Ujedinjenih naroda. Po njihovom izra\u010dunu sklapanje TTIP \u0107e dovesti do gubitka 600.000 radnih mjesta u EU kao i pada BDP-a, pove\u0107anja dr\u017eavnog manjka i pada pla\u0107a radnika nau\u0161trb profita me\u0111unarodnih korporacija.<\/p>\n<p>Obje ove skupine \u010desto navode kao primjer Sjevernoameri\u010dki sporazum o slobodnoj trgovini, ali u finalnoj analizi to uop\u0107e ne poma\u017ee po\u0161to bez obzira na prvobitna obe\u0107anja taj sporazum nije doveo do pove\u0107anja broja radnih mjesta u SAD-u dok je u Meksiku otvorio 700.000 radnih mjesta u industriji, ali i zatvorio 3 milijuna radnih mjesta u poljoprivredi. Tako\u0111er se zagovornici i protivnici TTIP-a sla\u017eu da \u0107e taj sporazum zaustaviti daljnju gospodarsku integraciju EU nau\u0161trb ja\u010danja atlantske suradnje.<\/p>\n<h3>Zanemariv efekt po na\u0161u ekonomiju<\/h3>\n<p>Iako Europska komisija zagovora TTIP, a njen povjerenik za trgovinu Karel De Gucht (2010-2014) je jedan od najvatrenijih zagovornika sporazuma on sam je priznao na kraju svog mandata da ne zna kakav \u0107e efekt prouzro\u010diti TTIP na ekonomiju EU.<\/p>\n<p>U skladu s svim navedenim i obzirom na prili\u010dno lo\u0161e stanje na\u0161e poljoprivrede i industrije, kao i\u00a0 na\u0161e relativno niske pla\u0107e, mi\u0161ljenje BUZ-a je da \u0107e sporazum o Transatlantskom trgovinskom i investicijskom partnerstvu (TTIP) imati zanemariv efekt po na\u0161u ekonomiju.<\/p>\n<p>Trebamo imati na umu i politi\u010dke implikacije TTIP-a, a to je da on predstavlja zajedno s Transpacifi\u010dkim sporazumom ekonomski savez demokratskih dr\u017eava tako da Hrvatska realno govore\u0107i zapravo i nema druge opcije nego podr\u017eati ovaj sporazum,&#8221; pi\u0161e u priop\u0107enju kojeg potpisuje Robert Jur\u010di\u0107 iz Odbora za gospodarstvo BUZ-a.<\/p>\n<div id=\"mojev-3653706582\" class=\"mojev-kraj-teksta mojev-entity-placement\" style=\"margin-bottom: 20px;margin-left: auto;margin-right: auto;text-align: center;\"><div class=\"mojev-adlabel\">oglas<\/div><div style=\"height: 250px;\"><script async src=\"https:\/\/pagead2.googlesyndication.com\/pagead\/js\/adsbygoogle.js?client=ca-pub-8106111766207173\"\r\n     crossorigin=\"anonymous\"><\/script>\r\n<!-- Display-1 -->\r\n<ins class=\"adsbygoogle\"\r\n     style=\"display:block\"\r\n     data-ad-client=\"ca-pub-8106111766207173\"\r\n     data-ad-slot=\"1465712950\"\r\n     data-ad-format=\"auto\"\r\n     data-full-width-responsive=\"true\"><\/ins>\r\n<script>\r\n     (adsbygoogle = window.adsbygoogle || []).push({});\r\n<\/script><\/div><\/div>","protected":false},"excerpt":{"rendered":"<p>U skladu s svim navedenim i obzirom na prili\u010dno lo\u0161e stanje na\u0161e poljoprivrede i industrije, kao i  na\u0161e relativno niske pla\u0107e, mi\u0161ljenje BUZ-a je da \u0107e sporazum o Transatlantskom trgovinskom i investicijskom partnerstvu imati zanemariv efekt po na\u0161u ekonomiju.<\/p>\n","protected":false},"author":1,"featured_media":4486,"comment_status":"closed","ping_status":"open","sticky":false,"template":"","format":"standard","meta":{"footnotes":""},"categories":[9],"tags":[403,574,238,575],"class_list":["post-4485","post","type-post","status-publish","format-standard","has-post-thumbnail","hentry","category-vijesti","tag-blok-umirovljenici-zajedno","tag-europska-unija","tag-politika","tag-ttip"],"_links":{"self":[{"href":"https:\/\/www.mojevrijeme.hr\/magazin\/wp-json\/wp\/v2\/posts\/4485","targetHints":{"allow":["GET"]}}],"collection":[{"href":"https:\/\/www.mojevrijeme.hr\/magazin\/wp-json\/wp\/v2\/posts"}],"about":[{"href":"https:\/\/www.mojevrijeme.hr\/magazin\/wp-json\/wp\/v2\/types\/post"}],"author":[{"embeddable":true,"href":"https:\/\/www.mojevrijeme.hr\/magazin\/wp-json\/wp\/v2\/users\/1"}],"replies":[{"embeddable":true,"href":"https:\/\/www.mojevrijeme.hr\/magazin\/wp-json\/wp\/v2\/comments?post=4485"}],"version-history":[{"count":0,"href":"https:\/\/www.mojevrijeme.hr\/magazin\/wp-json\/wp\/v2\/posts\/4485\/revisions"}],"wp:featuredmedia":[{"embeddable":true,"href":"https:\/\/www.mojevrijeme.hr\/magazin\/wp-json\/wp\/v2\/media\/4486"}],"wp:attachment":[{"href":"https:\/\/www.mojevrijeme.hr\/magazin\/wp-json\/wp\/v2\/media?parent=4485"}],"wp:term":[{"taxonomy":"category","embeddable":true,"href":"https:\/\/www.mojevrijeme.hr\/magazin\/wp-json\/wp\/v2\/categories?post=4485"},{"taxonomy":"post_tag","embeddable":true,"href":"https:\/\/www.mojevrijeme.hr\/magazin\/wp-json\/wp\/v2\/tags?post=4485"}],"curies":[{"name":"wp","href":"https:\/\/api.w.org\/{rel}","templated":true}]}}