{"id":450,"date":"2014-03-23T11:47:01","date_gmt":"2014-03-23T10:47:01","guid":{"rendered":"http:\/\/mojevrijeme.hr\/?p=450"},"modified":"2014-03-31T09:56:58","modified_gmt":"2014-03-31T07:56:58","slug":"kustosi-umirovljenicima-prepustili-posao","status":"publish","type":"post","link":"https:\/\/www.mojevrijeme.hr\/magazin\/2014\/03\/kustosi-umirovljenicima-prepustili-posao\/","title":{"rendered":"Kustosi umirovljenicima prepustili posao"},"content":{"rendered":"<p>Muzej moderne i suvremene umjetnosti u Rijeci i rije\u010dki klubovi starijih osoba i umirovljenika osmislili su hvalevrijednu akciju nazvanu &#8216;Penzi\u0107i \u2013 kustosi&#8217;. Naime, kustosi muzeja upravo su umirovljenicima prepustili izbor tema i umjetni\u010dkih radova iz Zbirki muzeja koji \u0107e biti izlo\u017eeni na izlo\u017ebi 24.o\u017eujka.<\/p>\n<p><span style=\"line-height: 1.5em;\">Prva tema kojom su se pozabavili rije\u010dki penzioneri je \u2013 \u017dena u Zbirkama muzeja. U obrazlo\u017eenju stoji kako su \u017eene svojom ulogom op\u0107enito pokazale svu ljubav, ljepotu i kretivnost, kako u \u017eivotu tako i u umjetni\u010dkom izra\u017eavanju. Nakon razgledavanja Zbirki u pratnji kustosa, rije\u010dki su umirovljenici odabrali umjetnine koje \u0107e \u010diniti izlo\u017ebu.<\/span><\/p>\n<p>U ovoj lijepoj akciji sudjelovali su umirovljenici iz klubova Belveder, Potok, Zamet, Centar i Podve\u017eica, a me\u0111u odabranim radovima na\u0161li su se i oni poznatih umjetnika poput Zlatka Price, Otona Glihe, Ferdinanda Kulmera i Vlahe Bukovca.<\/p><div id=\"mojev-2917805471\" class=\"mojev-u-tekstu mojev-entity-placement\" style=\"margin-left: auto;margin-right: auto;text-align: center;\"><div class=\"mojev-adlabel\">oglas<\/div><div style=\"height: 250px;\"><script async src=\"https:\/\/pagead2.googlesyndication.com\/pagead\/js\/adsbygoogle.js?client=ca-pub-8106111766207173\"\r\n     crossorigin=\"anonymous\"><\/script>\r\n<!-- Prikazni 1 u tekstu -->\r\n<ins class=\"adsbygoogle\"\r\n     style=\"display:block\"\r\n     data-ad-client=\"ca-pub-8106111766207173\"\r\n     data-ad-slot=\"8535551207\"\r\n     data-ad-format=\"auto\"\r\n     data-full-width-responsive=\"true\"><\/ins>\r\n<script>\r\n     (adsbygoogle = window.adsbygoogle || []).push({});\r\n<\/script><\/div><\/div><br style=\"clear: both; display: block; float: none;\"\/>\n<p>Izlo\u017eba \u0107e biti otvorena u ponedjeljak, 24. o\u017eujka s po\u010detkom u 19 sati, a izbor rije\u010dkih umirovljenika mo\u0107i \u0107e se razgledati do 5. travnja. Posjetitelje \u0107e kroz izlo\u017ebu voditi ravnatelj Muzeja Slaven Tolj i to u sljede\u0107im terminima:<\/p>\n<ul>\n<li>Srijeda, 26. o\u017eujka u 18 sati,<\/li>\n<li>Subota, 29. o\u017eujka u 11 sati,<\/li>\n<li>Srijeda, 2. travnja u 18 sati.<\/li>\n<\/ul>\n<div id=\"mojev-1928455387\" class=\"mojev-kraj-teksta mojev-entity-placement\" style=\"margin-bottom: 20px;margin-left: auto;margin-right: auto;text-align: center;\"><div class=\"mojev-adlabel\">oglas<\/div><div style=\"height: 250px;\"><script async src=\"https:\/\/pagead2.googlesyndication.com\/pagead\/js\/adsbygoogle.js?client=ca-pub-8106111766207173\"\r\n     crossorigin=\"anonymous\"><\/script>\r\n<!-- Display-1 -->\r\n<ins class=\"adsbygoogle\"\r\n     style=\"display:block\"\r\n     data-ad-client=\"ca-pub-8106111766207173\"\r\n     data-ad-slot=\"1465712950\"\r\n     data-ad-format=\"auto\"\r\n     data-full-width-responsive=\"true\"><\/ins>\r\n<script>\r\n     (adsbygoogle = window.adsbygoogle || []).push({});\r\n<\/script><\/div><\/div>","protected":false},"excerpt":{"rendered":"<p>Izlo\u017eba \u0107e biti otvorena u ponedjeljak, 24. o\u017eujka s po\u010detkom u 19 sati, a izbor rije\u010dkih umirovljenika mo\u0107i \u0107e se razgledati do 5. travnja. Posjetitelje \u0107e kroz izlo\u017ebu voditi ravnatelj Muzeja Slaven Tolj.<\/p>\n","protected":false},"author":1,"featured_media":453,"comment_status":"closed","ping_status":"open","sticky":false,"template":"","format":"standard","meta":{"footnotes":""},"categories":[84],"tags":[93,92],"class_list":["post-450","post","type-post","status-publish","format-standard","has-post-thumbnail","hentry","category-show","tag-rijeka","tag-umjetnost"],"_links":{"self":[{"href":"https:\/\/www.mojevrijeme.hr\/magazin\/wp-json\/wp\/v2\/posts\/450","targetHints":{"allow":["GET"]}}],"collection":[{"href":"https:\/\/www.mojevrijeme.hr\/magazin\/wp-json\/wp\/v2\/posts"}],"about":[{"href":"https:\/\/www.mojevrijeme.hr\/magazin\/wp-json\/wp\/v2\/types\/post"}],"author":[{"embeddable":true,"href":"https:\/\/www.mojevrijeme.hr\/magazin\/wp-json\/wp\/v2\/users\/1"}],"replies":[{"embeddable":true,"href":"https:\/\/www.mojevrijeme.hr\/magazin\/wp-json\/wp\/v2\/comments?post=450"}],"version-history":[{"count":0,"href":"https:\/\/www.mojevrijeme.hr\/magazin\/wp-json\/wp\/v2\/posts\/450\/revisions"}],"wp:featuredmedia":[{"embeddable":true,"href":"https:\/\/www.mojevrijeme.hr\/magazin\/wp-json\/wp\/v2\/media\/453"}],"wp:attachment":[{"href":"https:\/\/www.mojevrijeme.hr\/magazin\/wp-json\/wp\/v2\/media?parent=450"}],"wp:term":[{"taxonomy":"category","embeddable":true,"href":"https:\/\/www.mojevrijeme.hr\/magazin\/wp-json\/wp\/v2\/categories?post=450"},{"taxonomy":"post_tag","embeddable":true,"href":"https:\/\/www.mojevrijeme.hr\/magazin\/wp-json\/wp\/v2\/tags?post=450"}],"curies":[{"name":"wp","href":"https:\/\/api.w.org\/{rel}","templated":true}]}}