{"id":45001,"date":"2021-02-19T19:42:11","date_gmt":"2021-02-19T18:42:11","guid":{"rendered":"https:\/\/www.mojevrijeme.hr\/magazin\/?p=45001"},"modified":"2021-02-19T22:02:16","modified_gmt":"2021-02-19T21:02:16","slug":"preminuo-je-dorde-balasevic-jednako-voljen-u-svim-dijelovima-bivse-jugoslavije","status":"publish","type":"post","link":"https:\/\/www.mojevrijeme.hr\/magazin\/2021\/02\/preminuo-je-dorde-balasevic-jednako-voljen-u-svim-dijelovima-bivse-jugoslavije\/","title":{"rendered":"Preminuo je \u0110or\u0111e Bala\u0161evi\u0107, jednako voljen u svim dijelovima biv\u0161e Jugoslavije"},"content":{"rendered":"\n<p>Srbijanski kantautor, jedna od najve\u0107ih zvijezda biv\u0161e Jugoslavije i regije, <strong>\u0110or\u0111e Bala\u0161evi\u0107<\/strong> preminuo je u 68. godini \u017eivota u Klini\u010dkom centru Vojvodina. <\/p>\n\n\n\n<p>Lije\u010dio se od komplikacija <strong>infekcije koronavirusom<\/strong>, prenijela je Radio-televizija&nbsp;Srbije. Hospitaliziran je prije tri dana s upalom plu\u0107a, prve informacije govorile su da se osje\u0107a dobro te da se \u0161ali s lije\u010dnicima.<\/p>\n\n\n\n<p>I hrvatski dio dru\u0161tvenih mre\u017ea preplavili su izrazi tuge za omiljenim pjeva\u010dem koji se ni u najizazovnijim vremenima nije kontaminirao nacionalizmom i potpirivanjem ratne histerije. Od samog po\u010detka nasrtaja JNA i srpske paravojske  na Hrvatsku, zauzeo je pacifisti\u010dki stav, iako su mu mnogi zamjerili (ali i oprostili) izjavu koju je dao o padu Vukovara 1991. za beogradski Nin. Ta \u0107e se izjava na desnom politi\u010dkom spektru hu\u0161ka\u010dki i prigodno izvla\u010diti uo\u010di njegovih dolazaka u Hrvatsku koja ga je uvijek do\u010dekivala s ljubavlju i ra\u0161irenih ruku.<\/p><div id=\"mojev-3593593955\" class=\"mojev-u-tekstu mojev-entity-placement\" style=\"margin-left: auto;margin-right: auto;text-align: center;\"><div class=\"mojev-adlabel\">oglas<\/div><div style=\"height: 250px;\"><script async src=\"https:\/\/pagead2.googlesyndication.com\/pagead\/js\/adsbygoogle.js?client=ca-pub-8106111766207173\"\r\n     crossorigin=\"anonymous\"><\/script>\r\n<!-- Prikazni 1 u tekstu -->\r\n<ins class=\"adsbygoogle\"\r\n     style=\"display:block\"\r\n     data-ad-client=\"ca-pub-8106111766207173\"\r\n     data-ad-slot=\"8535551207\"\r\n     data-ad-format=\"auto\"\r\n     data-full-width-responsive=\"true\"><\/ins>\r\n<script>\r\n     (adsbygoogle = window.adsbygoogle || []).push({});\r\n<\/script><\/div><\/div><br style=\"clear: both; display: block; float: none;\"\/>\n\n\n\n<p>\u010cak i prije samog po\u010detka rata, 1987. godine izveo je pjesmu &#8220;Samo da rata ne bude&#8221;. Jedan od stihova te pjesme ka\u017ee: &#8220;Samo da rata ne bude, ludila me\u0111u ljudima, veliki nude zablude, pla\u0161e nas raznim \u010dudima i svakoj bajci naude, da rata ne bude!&#8221;.<\/p>\n\n\n\n<h3 class=\"wp-block-heading\">Hrvatska tuguje<\/h3>\n\n\n\n<p>&#8220;Ta vijest me u\u017easno pogodila. Nemam rije\u010di jednostavno. Postoje neke smrti koje su apsurdne i nemogu\u0107e i ne mo\u017ee\u0161 se pomiriti s njima. Osje\u0107am se isto kao kada je Arsen umro&#8221;, rekao je za Nova.rs hrvatski glumac <strong>Rade \u0160erbed\u017eija<\/strong> dodaju\u0107i: &#8220;Bio je velik, veli\u010danstven pjesnik. Bo\u017eanstven pjesnik, koji nije samo pjevao svoje pjesme, nego je i pisao poeziju i knjige. Bio je mudrac. I uz sve to bio je veliki \u010dovjek. Hrabar kada je trebalo biti hrabar. Rekao je NE ratu. Rekao je NE nasilju, i ovome treba odati svako priznanje i \u010dast.&#8221;<\/p>\n\n\n\n<figure class=\"wp-block-embed is-type-video is-provider-youtube wp-block-embed-youtube wp-embed-aspect-4-3 wp-has-aspect-ratio\"><div class=\"wp-block-embed__wrapper\">\n<iframe loading=\"lazy\" title=\"Djordje Balasevic - Neki novi klinci - (Audio 1979) HD\" width=\"740\" height=\"555\" src=\"https:\/\/www.youtube.com\/embed\/otQBBpsBMPk?feature=oembed\" frameborder=\"0\" allow=\"accelerometer; autoplay; clipboard-write; encrypted-media; gyroscope; picture-in-picture\" allowfullscreen><\/iframe>\n<\/div><\/figure>\n\n\n\n<p>&#8220;Bio je uz moju generaciju kad nam je bio najpotrebniji. Nau\u010dio nas je da ne mrzimo, da budemo hrabri, da se smijemo i kad je te\u0161ko, da pla\u010demo kad nam je potrebno, da se ponosimo na\u0161om ravnicom i na\u0161im Dunavom. Bio je glas razuma u vremenu koje je razum napustilo u potpunosti. Nau\u010dio nas je da devedesetima ka\u017eemo da kona\u010dno vise odjebu od nas. Pomogao nam je da ozdravimo nakon rata. Bio je dio moje male prognani\u010dke ekipe uz svaku logorsku vatricu, svaki put kad bi netko uzeo gitaru u ruke. Ne\u0107u pre\u017ealiti sto mu nisam imao priliku stisnuti ruku&#8221;, objavio je saborski zastupnik <strong>Bojan Glava\u0161evi\u0107<\/strong>. <\/p>\n\n\n\n<h3 class=\"wp-block-heading\">&#8220;Nisam jugonostalgi\u010dar&#8221;<\/h3>\n\n\n\n<p>Iako je, nesumnjivo, bio dio sentimenta koje nas ve\u017eu uz bolji dio biv\u0161e dr\u017eave, o Jugoslaviji je Bala\u0161evi\u0107 govorio racionalno i za sebe je tvrdio da nije jugonostalgi\u010dar. <\/p>\n\n\n\n<p>&#8220;Djeco, okanite se tih tema. Ve\u010deras je tu s nama Dino Ra\u0111a, velikan svjetskog sporta. Takve stvari vas trebaju veseliti, a ne Jugoslavija. Jugoslavija nije valjala, da je valjala ne bi se onako krvavo raspala. Mene zovu jugonostalgi\u010darem, ali ja sam jugoplasti\u010dar, meni nedostaje Jugoplastika, meni samo nedostaju ta vremena, a ne ta dr\u017eava\u201d, rije\u010di su s kojima je popularni Novosa\u0111anin 2018. godine na koncertu u Splitu odbio pjevati &#8220;Ra\u010dunajte na nas&#8221;. <\/p>\n\n\n\n<p>Bala\u0161evi\u0107 je ro\u0111en je 11. svibnja&nbsp;1953.&nbsp;godine u&nbsp;Novom Sadu. Njegovi su se do rata&nbsp;1941.&nbsp;godine prezivali Bala\u0161ev, kada je njegov djed promijenio prezime u Bala\u0161evi\u0107. <\/p>\n\n\n\n<h3 class=\"wp-block-heading\">Umjesto geografije &#8211; glazba<\/h3>\n\n\n\n<p>Zavr\u0161io je gimnaziju u Novom Sadu 1972. godine, studirao je zemljopis na novosadskom Prirodno &#8211; matemati\u010dkom fakultetu koji nije zavr\u0161io, ve\u0107 se posvetio glazbi. Naime, 1977. priklju\u010dio se grupi &#8220;\u017detva&#8221; iz Novog Sada i s njima snimio singl &#8220;U razdeljak te ljubim&#8221; koji je postao jako uspje\u0161an i prodan u \u010dak 180.000 primjeraka. <\/p>\n\n\n\n<figure class=\"wp-block-embed is-type-video is-provider-youtube wp-block-embed-youtube wp-embed-aspect-16-9 wp-has-aspect-ratio\"><div class=\"wp-block-embed__wrapper\">\n<iframe loading=\"lazy\" title=\"Rani Mraz - Panonski mornar - (Audio 1979) HD\" width=\"740\" height=\"416\" src=\"https:\/\/www.youtube.com\/embed\/larBXmWTn-0?feature=oembed\" frameborder=\"0\" allow=\"accelerometer; autoplay; clipboard-write; encrypted-media; gyroscope; picture-in-picture\" allowfullscreen><\/iframe>\n<\/div><\/figure>\n\n\n\n<p>1979. godine osvojio je prvo mjesto na Splitskom festivalu s pjesmom &#8220;Panonski mornar&#8221; i tada zapravo po\u010dinje Bala\u0161evi\u0107evo razdoblje. Sa skupinom &#8220;Rani mraz&#8221; izveo je dvije iznimno popularne pjesme &#8220;Pri\u010da o Vasi Lada\u010dkom&#8221; i &#8220;\u017divot je more&#8221;. 1982. godine napustio je Mraz i zapo\u010deo solo karijeru. Izdao je 12 samostalnih studijskih albuma te jo\u0161 sedam kompilacija najve\u0107ih hitova. <\/p>\n<div id=\"mojev-472099621\" class=\"mojev-kraj-teksta mojev-entity-placement\" style=\"margin-bottom: 20px;margin-left: auto;margin-right: auto;text-align: center;\"><div class=\"mojev-adlabel\">oglas<\/div><div style=\"height: 250px;\"><script async src=\"https:\/\/pagead2.googlesyndication.com\/pagead\/js\/adsbygoogle.js?client=ca-pub-8106111766207173\"\r\n     crossorigin=\"anonymous\"><\/script>\r\n<!-- Display-1 -->\r\n<ins class=\"adsbygoogle\"\r\n     style=\"display:block\"\r\n     data-ad-client=\"ca-pub-8106111766207173\"\r\n     data-ad-slot=\"1465712950\"\r\n     data-ad-format=\"auto\"\r\n     data-full-width-responsive=\"true\"><\/ins>\r\n<script>\r\n     (adsbygoogle = window.adsbygoogle || []).push({});\r\n<\/script><\/div><\/div>","protected":false},"excerpt":{"rendered":"<p>Iako je, nesumnjivo, bio dio sentimenta koje nas ve\u017eu uz bolji dio biv\u0161e dr\u017eave, o Jugoslaviji je govorio racionalno i za sebe je tvrdio da nije jugonostalgi\u010dar. <\/p>\n","protected":false},"author":1,"featured_media":45005,"comment_status":"closed","ping_status":"closed","sticky":false,"template":"","format":"standard","meta":{"footnotes":""},"categories":[84],"tags":[1117,724,188],"class_list":["post-45001","post","type-post","status-publish","format-standard","has-post-thumbnail","hentry","category-show","tag-dorde-balasevic","tag-in-memoriam","tag-jugoslavija"],"_links":{"self":[{"href":"https:\/\/www.mojevrijeme.hr\/magazin\/wp-json\/wp\/v2\/posts\/45001","targetHints":{"allow":["GET"]}}],"collection":[{"href":"https:\/\/www.mojevrijeme.hr\/magazin\/wp-json\/wp\/v2\/posts"}],"about":[{"href":"https:\/\/www.mojevrijeme.hr\/magazin\/wp-json\/wp\/v2\/types\/post"}],"author":[{"embeddable":true,"href":"https:\/\/www.mojevrijeme.hr\/magazin\/wp-json\/wp\/v2\/users\/1"}],"replies":[{"embeddable":true,"href":"https:\/\/www.mojevrijeme.hr\/magazin\/wp-json\/wp\/v2\/comments?post=45001"}],"version-history":[{"count":0,"href":"https:\/\/www.mojevrijeme.hr\/magazin\/wp-json\/wp\/v2\/posts\/45001\/revisions"}],"wp:featuredmedia":[{"embeddable":true,"href":"https:\/\/www.mojevrijeme.hr\/magazin\/wp-json\/wp\/v2\/media\/45005"}],"wp:attachment":[{"href":"https:\/\/www.mojevrijeme.hr\/magazin\/wp-json\/wp\/v2\/media?parent=45001"}],"wp:term":[{"taxonomy":"category","embeddable":true,"href":"https:\/\/www.mojevrijeme.hr\/magazin\/wp-json\/wp\/v2\/categories?post=45001"},{"taxonomy":"post_tag","embeddable":true,"href":"https:\/\/www.mojevrijeme.hr\/magazin\/wp-json\/wp\/v2\/tags?post=45001"}],"curies":[{"name":"wp","href":"https:\/\/api.w.org\/{rel}","templated":true}]}}