{"id":4510,"date":"2015-05-23T13:12:39","date_gmt":"2015-05-23T11:12:39","guid":{"rendered":"http:\/\/www.mojevrijeme.hr\/magazin\/?p=4510"},"modified":"2015-05-24T08:34:35","modified_gmt":"2015-05-24T06:34:35","slug":"4-trika-da-osijedite-dostojanstveno","status":"publish","type":"post","link":"https:\/\/www.mojevrijeme.hr\/magazin\/2015\/05\/4-trika-da-osijedite-dostojanstveno\/","title":{"rendered":"4 trika da osijedite dostojanstveno\u00a0"},"content":{"rendered":"<p>Bilo da ste u ranim tridesetima ili u kasnim \u0161ezdesetima, rast sijede kose je dio \u017eivota. Iako se mnoge \u017eene odlu\u010duju za prekrivanje svojih sijedih bojom za kosu, mo\u017ee biti prili\u010dno osloba\u0111aju\u0107e ako se ostavite boje i prirodno posijedite.\u00a0Ali \u0161to ako neki dijelovi va\u0161e kose sijede br\u017ee nego ostali, koji je onda najbolji na\u010din da prirodno posijedite? <a href=\"http:\/\/www.huffingtonpost.com\/\" target=\"_blank\">Huffington Post<\/a>\u00a0donosi savjete\u00a0<strong>Giovannija Vaccara<\/strong>, kreativnog direktora servisa za ljepotu <em>Glamsquad.<\/em><\/p>\n<h3>1. Promijenite frizuru<\/h3>\n<p>Umjesto da vadite pincetu kako bi \u010dupali sijede dlake, Vaccaro predla\u017ee da se oslobodite uz pomo\u0107 frizure.\u201cKad birate idealnu duljinu i stil, trebate biti vi\u0161e fokusirani na svoj oblik lica nego na boju svoje kose\u201c, ka\u017ee. A ako tra\u017eite veliku promjenu, za\u0161to se ne probate o\u0161i\u0161ati na kratko.<\/p>\n<h3>2. Probajte pramenove<\/h3>\n<p>Ova tehnika bojanja predstavlja na\u010din da bez velikih korekcija pustite va\u0161e sijede da narastu i tako ne \u017ertvujete du\u017einu kose, ka\u017ee Vaccaro. Va\u0161 frizer mo\u017ee stvoriti prirodni izgled kori\u0161tenjem zamaha \u010detke\u00a0 u drugim bojama koje \u0107e pomo\u0107i da se uklope va\u0161e sijede, od korijena do vrhova.<\/p><div id=\"mojev-4225809438\" class=\"mojev-u-tekstu mojev-entity-placement\" style=\"margin-left: auto;margin-right: auto;text-align: center;\"><div class=\"mojev-adlabel\">oglas<\/div><div style=\"height: 250px;\"><script async src=\"https:\/\/pagead2.googlesyndication.com\/pagead\/js\/adsbygoogle.js?client=ca-pub-8106111766207173\"\r\n     crossorigin=\"anonymous\"><\/script>\r\n<!-- Prikazni 1 u tekstu -->\r\n<ins class=\"adsbygoogle\"\r\n     style=\"display:block\"\r\n     data-ad-client=\"ca-pub-8106111766207173\"\r\n     data-ad-slot=\"8535551207\"\r\n     data-ad-format=\"auto\"\r\n     data-full-width-responsive=\"true\"><\/ins>\r\n<script>\r\n     (adsbygoogle = window.adsbygoogle || []).push({});\r\n<\/script><\/div><\/div><br style=\"clear: both; display: block; float: none;\"\/>\n<h3>3. Poja\u010dajte sjaj i zadr\u017eite vlagu s pravim proizvodima za kosu<\/h3>\n<p>Za sijedu kosu potpuno bijele boje&#8230; Vaccaro preporu\u010duje ljubi\u010daste \u0161ampone poput <em>Pravana Pure Light<\/em> \u0161ampona za svijetljenje kose koji \u0107e vam dati svijetliju bijelu nijansu i neutralizirati mjedene, \u017eute tonove.\u00a0Za sijede srebrne boje&#8230; fokusirajte se na hidrataciju. &#8220;Srebrna kosa \u0107e prije biti gruba i suha stoga treba vi\u0161e vlage,&#8221; ka\u017ee Vaccaro. &#8220;Postoje tretmani s visokim sadr\u017eajem vlage koji poma\u017eu da vratite elasti\u010dnost i sjaj va\u0161oj sijedoj kosi.&#8221;<\/p>\n<h3>4. Promijenite svoju \u0161minku<\/h3>\n<p>No\u0161enje tamnih, dimnih tonova \u0161minke za o\u010di i crvenog ru\u017ea na sijedu kosu mo\u017ee u\u010diniti da va\u0161 ten izgleda bezizra\u017eajno i isprano. Da naglasite svoje sijede i u\u010dinite svoju ko\u017eu toplijom, dodajte sloj boje s ru\u017ei\u010dastim rumenilom i rozim bojama za usne. I ne mo\u017eete pogrije\u0161iti s neutralnim sjenilom u mornarskoj, boji \u0161ljive ili sivo-sme\u0111oj kako bi istaknuli svoje o\u010di.<\/p>\n<div id=\"mojev-748993410\" class=\"mojev-kraj-teksta mojev-entity-placement\" style=\"margin-bottom: 20px;margin-left: auto;margin-right: auto;text-align: center;\"><div class=\"mojev-adlabel\">oglas<\/div><div style=\"height: 250px;\"><script async src=\"https:\/\/pagead2.googlesyndication.com\/pagead\/js\/adsbygoogle.js?client=ca-pub-8106111766207173\"\r\n     crossorigin=\"anonymous\"><\/script>\r\n<!-- Display-1 -->\r\n<ins class=\"adsbygoogle\"\r\n     style=\"display:block\"\r\n     data-ad-client=\"ca-pub-8106111766207173\"\r\n     data-ad-slot=\"1465712950\"\r\n     data-ad-format=\"auto\"\r\n     data-full-width-responsive=\"true\"><\/ins>\r\n<script>\r\n     (adsbygoogle = window.adsbygoogle || []).push({});\r\n<\/script><\/div><\/div>","protected":false},"excerpt":{"rendered":"<p>\u017deljeli mi to ili ne, svi \u0107emo u nekom trenutku posijediti. No kako do\u010dekati tu promjenu dostojanstveno? Bojanje u crno do poznih godina nije ba\u0161 neko rje\u0161enje, no evo \u0161to jo\u0161 mo\u017eete poduzeti.<\/p>\n","protected":false},"author":1,"featured_media":4519,"comment_status":"closed","ping_status":"open","sticky":false,"template":"","format":"standard","meta":{"footnotes":""},"categories":[86],"tags":[90,479,80],"class_list":["post-4510","post","type-post","status-publish","format-standard","has-post-thumbnail","hentry","category-stil-i-ljepota","tag-kosa","tag-sijede","tag-starenje"],"_links":{"self":[{"href":"https:\/\/www.mojevrijeme.hr\/magazin\/wp-json\/wp\/v2\/posts\/4510","targetHints":{"allow":["GET"]}}],"collection":[{"href":"https:\/\/www.mojevrijeme.hr\/magazin\/wp-json\/wp\/v2\/posts"}],"about":[{"href":"https:\/\/www.mojevrijeme.hr\/magazin\/wp-json\/wp\/v2\/types\/post"}],"author":[{"embeddable":true,"href":"https:\/\/www.mojevrijeme.hr\/magazin\/wp-json\/wp\/v2\/users\/1"}],"replies":[{"embeddable":true,"href":"https:\/\/www.mojevrijeme.hr\/magazin\/wp-json\/wp\/v2\/comments?post=4510"}],"version-history":[{"count":0,"href":"https:\/\/www.mojevrijeme.hr\/magazin\/wp-json\/wp\/v2\/posts\/4510\/revisions"}],"wp:featuredmedia":[{"embeddable":true,"href":"https:\/\/www.mojevrijeme.hr\/magazin\/wp-json\/wp\/v2\/media\/4519"}],"wp:attachment":[{"href":"https:\/\/www.mojevrijeme.hr\/magazin\/wp-json\/wp\/v2\/media?parent=4510"}],"wp:term":[{"taxonomy":"category","embeddable":true,"href":"https:\/\/www.mojevrijeme.hr\/magazin\/wp-json\/wp\/v2\/categories?post=4510"},{"taxonomy":"post_tag","embeddable":true,"href":"https:\/\/www.mojevrijeme.hr\/magazin\/wp-json\/wp\/v2\/tags?post=4510"}],"curies":[{"name":"wp","href":"https:\/\/api.w.org\/{rel}","templated":true}]}}