{"id":45216,"date":"2021-02-28T17:53:32","date_gmt":"2021-02-28T16:53:32","guid":{"rendered":"https:\/\/www.mojevrijeme.hr\/magazin\/?p=45216"},"modified":"2021-02-28T20:15:57","modified_gmt":"2021-02-28T19:15:57","slug":"posljednji-ispracaj-milana-bandica-bit-ce-na-mirogoju","status":"publish","type":"post","link":"https:\/\/www.mojevrijeme.hr\/magazin\/2021\/02\/posljednji-ispracaj-milana-bandica-bit-ce-na-mirogoju\/","title":{"rendered":"Pogreb Milana Bandi\u0107a biti \u0107e na Mirogoju, po\u010divat \u0107e me\u0111u &#8216;obi\u010dnim&#8217; gra\u0111anima"},"content":{"rendered":"\n<p>U 66. godini no\u0107as je u Klini\u010dkoj bolnici Sveti Duh umro zagreba\u010dki gradona\u010delnik <strong>Milan Bandi\u0107<\/strong>. <\/p>\n\n\n\n<p>Za sada se zna da \u0107e se sve\u010dana komemoracija odr\u017eat u utorak u 11 sati u Hrvatskom narodnom kazali\u0161tu. Posljednji ispra\u0107aj odr\u017eat \u0107e se u srijedu u 12 sati na zagreba\u010dkom Mirogoju, priop\u0107eno je iz Grada Zagreba. <\/p>\n\n\n\n<p>Dodaju i kako \u0107e ve\u010deras od 18 sati u \u010dast preminulome gradona\u010delniku svijetliti fontane u Ulici Hrvatske bratske zajednice, poznatije kao &#8220;Bandi\u0107eve fontane&#8221;.<\/p><div id=\"mojev-1221596105\" class=\"mojev-u-tekstu mojev-entity-placement\" style=\"margin-left: auto;margin-right: auto;text-align: center;\"><div class=\"mojev-adlabel\">oglas<\/div><div style=\"height: 250px;\"><script async src=\"https:\/\/pagead2.googlesyndication.com\/pagead\/js\/adsbygoogle.js?client=ca-pub-8106111766207173\"\r\n     crossorigin=\"anonymous\"><\/script>\r\n<!-- Prikazni 1 u tekstu -->\r\n<ins class=\"adsbygoogle\"\r\n     style=\"display:block\"\r\n     data-ad-client=\"ca-pub-8106111766207173\"\r\n     data-ad-slot=\"8535551207\"\r\n     data-ad-format=\"auto\"\r\n     data-full-width-responsive=\"true\"><\/ins>\r\n<script>\r\n     (adsbygoogle = window.adsbygoogle || []).push({});\r\n<\/script><\/div><\/div><br style=\"clear: both; display: block; float: none;\"\/>\n\n\n\n<p>Neslu\u017ebeno se doznaje da Bandi\u0107 ne\u0107e biti pokopan u mirogojskoj Aleji velikana, ve\u0107 uz &#8220;obi\u010dne&#8221; gra\u0111ane, me\u0111u kojima je, poru\u010duju iz gradske uprave, bio i tijekom \u017eivota. Ve\u010dernji list je objavio, s obzirom da Bandi\u0107 nije za \u017eivota odlu\u010dio gdje \u017eeli biti pokopan, da \u0107e po\u010divati u grobnici izvan starog dijela groblja, koja se slu\u010dajno nalazi u blizini Ve\u0107eslava Holjevca i narodnih heroja.<\/p>\n<div id=\"mojev-1820505760\" class=\"mojev-kraj-teksta mojev-entity-placement\" style=\"margin-bottom: 20px;margin-left: auto;margin-right: auto;text-align: center;\"><div class=\"mojev-adlabel\">oglas<\/div><div style=\"height: 250px;\"><script async src=\"https:\/\/pagead2.googlesyndication.com\/pagead\/js\/adsbygoogle.js?client=ca-pub-8106111766207173\"\r\n     crossorigin=\"anonymous\"><\/script>\r\n<!-- Display-1 -->\r\n<ins class=\"adsbygoogle\"\r\n     style=\"display:block\"\r\n     data-ad-client=\"ca-pub-8106111766207173\"\r\n     data-ad-slot=\"1465712950\"\r\n     data-ad-format=\"auto\"\r\n     data-full-width-responsive=\"true\"><\/ins>\r\n<script>\r\n     (adsbygoogle = window.adsbygoogle || []).push({});\r\n<\/script><\/div><\/div>","protected":false},"excerpt":{"rendered":"<p>Ve\u010deras \u0107e od 18 sati u \u010dast preminulome gradona\u010delniku svijetliti fontane u Ulici Hrvatske bratske zajednice, poznatije kao &#8220;Bandi\u0107eve fontane&#8221;.<\/p>\n","protected":false},"author":1,"featured_media":45217,"comment_status":"closed","ping_status":"closed","sticky":false,"template":"","format":"standard","meta":{"footnotes":""},"categories":[9],"tags":[37,67,65,2615,39],"class_list":["post-45216","post","type-post","status-publish","format-standard","has-post-thumbnail","hentry","category-vijesti","tag-milan-bandic","tag-mirogoj","tag-pogreb","tag-posljednji-ispracaj","tag-zagreb"],"_links":{"self":[{"href":"https:\/\/www.mojevrijeme.hr\/magazin\/wp-json\/wp\/v2\/posts\/45216","targetHints":{"allow":["GET"]}}],"collection":[{"href":"https:\/\/www.mojevrijeme.hr\/magazin\/wp-json\/wp\/v2\/posts"}],"about":[{"href":"https:\/\/www.mojevrijeme.hr\/magazin\/wp-json\/wp\/v2\/types\/post"}],"author":[{"embeddable":true,"href":"https:\/\/www.mojevrijeme.hr\/magazin\/wp-json\/wp\/v2\/users\/1"}],"replies":[{"embeddable":true,"href":"https:\/\/www.mojevrijeme.hr\/magazin\/wp-json\/wp\/v2\/comments?post=45216"}],"version-history":[{"count":0,"href":"https:\/\/www.mojevrijeme.hr\/magazin\/wp-json\/wp\/v2\/posts\/45216\/revisions"}],"wp:featuredmedia":[{"embeddable":true,"href":"https:\/\/www.mojevrijeme.hr\/magazin\/wp-json\/wp\/v2\/media\/45217"}],"wp:attachment":[{"href":"https:\/\/www.mojevrijeme.hr\/magazin\/wp-json\/wp\/v2\/media?parent=45216"}],"wp:term":[{"taxonomy":"category","embeddable":true,"href":"https:\/\/www.mojevrijeme.hr\/magazin\/wp-json\/wp\/v2\/categories?post=45216"},{"taxonomy":"post_tag","embeddable":true,"href":"https:\/\/www.mojevrijeme.hr\/magazin\/wp-json\/wp\/v2\/tags?post=45216"}],"curies":[{"name":"wp","href":"https:\/\/api.w.org\/{rel}","templated":true}]}}