{"id":45372,"date":"2021-03-04T17:51:10","date_gmt":"2021-03-04T16:51:10","guid":{"rendered":"https:\/\/www.mojevrijeme.hr\/magazin\/?p=45372"},"modified":"2021-03-04T17:52:19","modified_gmt":"2021-03-04T16:52:19","slug":"bivsa-predsjednica-ima-novi-posao-u-zagrebackoj-skoli-za-ekonomiju-i-menadzment","status":"publish","type":"post","link":"https:\/\/www.mojevrijeme.hr\/magazin\/2021\/03\/bivsa-predsjednica-ima-novi-posao-u-zagrebackoj-skoli-za-ekonomiju-i-menadzment\/","title":{"rendered":"Biv\u0161a predsjednica ima novi posao, bavit \u0107e obrazovanjem sporta\u0161a"},"content":{"rendered":"\n<p>Biv\u0161a predsjednica Republike Hrvatske,&nbsp;Kolinda Grabar \u2013 Kitarovi\u0107, 1. o\u017eujka, pridru\u017eila se Z\u0160EM-u u ulozi Posebne savjetnice dekana za me\u0111unarodne projekte. <\/p>\n\n\n\n<p>&#8220;U svijetu je uobi\u010dajeno da se biv\u0161i predsjednici po okon\u010danju svojih politi\u010dkih karijera anga\u017eiraju u podru\u010dju obrazovanja i drago mi je \u0161to sam i ja dobila takvu priliku&#8221;, kazala je prva hrvatska predsjednica. <\/p>\n\n\n\n<p>&#8220;Na\u010din rada Z\u0160EM-a i ambicije za daljnji razvoj i me\u0111unarodno pozicioniranje otvorile su prostor za na\u0161u suradnju. Ona po\u010dinje s projektom vezanim uz sport i \u017eelju Z\u0160EM-a da se u budu\u0107nosti pozicionira kao regionalni centar za obrazovanje sporta\u0161a. Poznato je da oni relativno mladi zavr\u0161avaju sportske karijere, a vrlo \u010desto nemaju adekvatnih vje\u0161tina i znanja koja bi im omogu\u0107ila razvoj jednako uspje\u0161nih poslovnih karijera pa njihovi potencijali \u010desto ostaju nedovoljno iskori\u0161teni \u0161to je propu\u0161tena prilika i za njih kao pojedince, ali i za zajednicu&#8221;, istaknula je&nbsp;Grabar-Kitarovi\u0107<\/p><div id=\"mojev-1525385082\" class=\"mojev-u-tekstu mojev-entity-placement\" style=\"margin-left: auto;margin-right: auto;text-align: center;\"><div class=\"mojev-adlabel\">oglas<\/div><div style=\"height: 250px;\"><script async src=\"https:\/\/pagead2.googlesyndication.com\/pagead\/js\/adsbygoogle.js?client=ca-pub-8106111766207173\"\r\n     crossorigin=\"anonymous\"><\/script>\r\n<!-- Prikazni 1 u tekstu -->\r\n<ins class=\"adsbygoogle\"\r\n     style=\"display:block\"\r\n     data-ad-client=\"ca-pub-8106111766207173\"\r\n     data-ad-slot=\"8535551207\"\r\n     data-ad-format=\"auto\"\r\n     data-full-width-responsive=\"true\"><\/ins>\r\n<script>\r\n     (adsbygoogle = window.adsbygoogle || []).push({});\r\n<\/script><\/div><\/div><br style=\"clear: both; display: block; float: none;\"\/>\n\n\n\n<p>&#8220;Veselimo se suradnji na brojnim projektima i prilici za na\u0161e studente koji \u0107e mo\u0107i u\u010diti iz bogatog i vrijednog iskustva koje je Kolinda &nbsp;Grabar \u2013 Kitarovi\u0107 stekla na prethodnim pozicijama&#8221;, priop\u0107ili su iz Z\u0160EM-a.<\/p>\n<div id=\"mojev-3055617375\" class=\"mojev-kraj-teksta mojev-entity-placement\" style=\"margin-bottom: 20px;margin-left: auto;margin-right: auto;text-align: center;\"><div class=\"mojev-adlabel\">oglas<\/div><div style=\"height: 250px;\"><script async src=\"https:\/\/pagead2.googlesyndication.com\/pagead\/js\/adsbygoogle.js?client=ca-pub-8106111766207173\"\r\n     crossorigin=\"anonymous\"><\/script>\r\n<!-- Display-1 -->\r\n<ins class=\"adsbygoogle\"\r\n     style=\"display:block\"\r\n     data-ad-client=\"ca-pub-8106111766207173\"\r\n     data-ad-slot=\"1465712950\"\r\n     data-ad-format=\"auto\"\r\n     data-full-width-responsive=\"true\"><\/ins>\r\n<script>\r\n     (adsbygoogle = window.adsbygoogle || []).push({});\r\n<\/script><\/div><\/div>","protected":false},"excerpt":{"rendered":"<p>Na\u010din rada Z\u0160EM-a i ambicije za daljnji razvoj i me\u0111unarodno pozicioniranje otvorile su prostor za na\u0161u suradnju. Ona po\u010dinje s projektom vezanim uz sport, ka\u017ee Kolinda Grabar-Kitarovi\u0107. <\/p>\n","protected":false},"author":1,"featured_media":45374,"comment_status":"closed","ping_status":"closed","sticky":false,"template":"","format":"standard","meta":{"footnotes":""},"categories":[84],"tags":[98,359],"class_list":["post-45372","post","type-post","status-publish","format-standard","has-post-thumbnail","hentry","category-show","tag-karijera","tag-kolinda"],"_links":{"self":[{"href":"https:\/\/www.mojevrijeme.hr\/magazin\/wp-json\/wp\/v2\/posts\/45372","targetHints":{"allow":["GET"]}}],"collection":[{"href":"https:\/\/www.mojevrijeme.hr\/magazin\/wp-json\/wp\/v2\/posts"}],"about":[{"href":"https:\/\/www.mojevrijeme.hr\/magazin\/wp-json\/wp\/v2\/types\/post"}],"author":[{"embeddable":true,"href":"https:\/\/www.mojevrijeme.hr\/magazin\/wp-json\/wp\/v2\/users\/1"}],"replies":[{"embeddable":true,"href":"https:\/\/www.mojevrijeme.hr\/magazin\/wp-json\/wp\/v2\/comments?post=45372"}],"version-history":[{"count":0,"href":"https:\/\/www.mojevrijeme.hr\/magazin\/wp-json\/wp\/v2\/posts\/45372\/revisions"}],"wp:featuredmedia":[{"embeddable":true,"href":"https:\/\/www.mojevrijeme.hr\/magazin\/wp-json\/wp\/v2\/media\/45374"}],"wp:attachment":[{"href":"https:\/\/www.mojevrijeme.hr\/magazin\/wp-json\/wp\/v2\/media?parent=45372"}],"wp:term":[{"taxonomy":"category","embeddable":true,"href":"https:\/\/www.mojevrijeme.hr\/magazin\/wp-json\/wp\/v2\/categories?post=45372"},{"taxonomy":"post_tag","embeddable":true,"href":"https:\/\/www.mojevrijeme.hr\/magazin\/wp-json\/wp\/v2\/tags?post=45372"}],"curies":[{"name":"wp","href":"https:\/\/api.w.org\/{rel}","templated":true}]}}