{"id":45433,"date":"2021-03-06T20:59:20","date_gmt":"2021-03-06T19:59:20","guid":{"rendered":"https:\/\/www.mojevrijeme.hr\/magazin\/?p=45433"},"modified":"2021-03-06T21:07:01","modified_gmt":"2021-03-06T20:07:01","slug":"policajci-ce-na-dan-zena-zaustavljati-vozacice-kako-bi-im-ukazali-na-greske-u-prometu","status":"publish","type":"post","link":"https:\/\/www.mojevrijeme.hr\/magazin\/2021\/03\/policajci-ce-na-dan-zena-zaustavljati-vozacice-kako-bi-im-ukazali-na-greske-u-prometu\/","title":{"rendered":"Policajci \u0107e na Dan \u017eena ciljano zaustavljati voza\u010dice kako bi im ukazali na gre\u0161ke u prometu"},"content":{"rendered":"\n<p>Povodom Me\u0111unarodnog dana \u017eena u nekoliko hrvatskih gradova i op\u0107ina policija provoditi akciju &#8220;\u017dene u prometu&#8221;. Sve kako bi se upozorilo na eventualne nedostatke, ali i pohvalilo u slu\u010dajevima kada to zaslu\u017euju. <\/p>\n\n\n\n<p>U akciji \u0107e sudjelovati i policijski slu\u017ebenici Policijske postaje Zapre\u0161i\u0107 u suradnji sa Vije\u0107ima za prevenciju Grada Zapre\u0161i\u0107a i Vije\u0107em za prevenciju Op\u0107ine Marija Gorica. Policajci \u0107e ljubazno \u017eenama \u0107e se ukazivati na nu\u017enost po\u0161tivanja prometnih propisa, dok \u0107e one koje po\u0161tuju prometne propise nagraditi predstavnici lokalne samouprave i policije.<\/p>\n\n\n\n<p>Lokacija na kojoj \u0107e policajci zaustavljati \u017eene jest Marija Gorica, Trstenik, ispred DV Bambi, ulica Ante Kova\u010di\u0107a u vremenu od 15,00 do 16,00 sati.<\/p><div id=\"mojev-759581519\" class=\"mojev-u-tekstu mojev-entity-placement\" style=\"margin-left: auto;margin-right: auto;text-align: center;\"><div class=\"mojev-adlabel\">oglas<\/div><div style=\"height: 250px;\"><script async src=\"https:\/\/pagead2.googlesyndication.com\/pagead\/js\/adsbygoogle.js?client=ca-pub-8106111766207173\"\r\n     crossorigin=\"anonymous\"><\/script>\r\n<!-- Prikazni 1 u tekstu -->\r\n<ins class=\"adsbygoogle\"\r\n     style=\"display:block\"\r\n     data-ad-client=\"ca-pub-8106111766207173\"\r\n     data-ad-slot=\"8535551207\"\r\n     data-ad-format=\"auto\"\r\n     data-full-width-responsive=\"true\"><\/ins>\r\n<script>\r\n     (adsbygoogle = window.adsbygoogle || []).push({});\r\n<\/script><\/div><\/div><br style=\"clear: both; display: block; float: none;\"\/>\n<div id=\"mojev-2402787684\" class=\"mojev-kraj-teksta mojev-entity-placement\" style=\"margin-bottom: 20px;margin-left: auto;margin-right: auto;text-align: center;\"><div class=\"mojev-adlabel\">oglas<\/div><div style=\"height: 250px;\"><script async src=\"https:\/\/pagead2.googlesyndication.com\/pagead\/js\/adsbygoogle.js?client=ca-pub-8106111766207173\"\r\n     crossorigin=\"anonymous\"><\/script>\r\n<!-- Display-1 -->\r\n<ins class=\"adsbygoogle\"\r\n     style=\"display:block\"\r\n     data-ad-client=\"ca-pub-8106111766207173\"\r\n     data-ad-slot=\"1465712950\"\r\n     data-ad-format=\"auto\"\r\n     data-full-width-responsive=\"true\"><\/ins>\r\n<script>\r\n     (adsbygoogle = window.adsbygoogle || []).push({});\r\n<\/script><\/div><\/div>","protected":false},"excerpt":{"rendered":"<p>Policajci \u0107e ljubazno \u017eenama \u0107e se ukazivati na nu\u017enost po\u0161tivanja prometnih propisa, dok \u0107e one koje po\u0161tuju prometne propise nagraditi predstavnici lokalne samouprave i policije.<\/p>\n","protected":false},"author":1,"featured_media":45434,"comment_status":"closed","ping_status":"closed","sticky":false,"template":"","format":"standard","meta":{"footnotes":""},"categories":[9],"tags":[772,641,610],"class_list":["post-45433","post","type-post","status-publish","format-standard","has-post-thumbnail","hentry","category-vijesti","tag-dan-zena","tag-policija","tag-promet"],"_links":{"self":[{"href":"https:\/\/www.mojevrijeme.hr\/magazin\/wp-json\/wp\/v2\/posts\/45433","targetHints":{"allow":["GET"]}}],"collection":[{"href":"https:\/\/www.mojevrijeme.hr\/magazin\/wp-json\/wp\/v2\/posts"}],"about":[{"href":"https:\/\/www.mojevrijeme.hr\/magazin\/wp-json\/wp\/v2\/types\/post"}],"author":[{"embeddable":true,"href":"https:\/\/www.mojevrijeme.hr\/magazin\/wp-json\/wp\/v2\/users\/1"}],"replies":[{"embeddable":true,"href":"https:\/\/www.mojevrijeme.hr\/magazin\/wp-json\/wp\/v2\/comments?post=45433"}],"version-history":[{"count":0,"href":"https:\/\/www.mojevrijeme.hr\/magazin\/wp-json\/wp\/v2\/posts\/45433\/revisions"}],"wp:featuredmedia":[{"embeddable":true,"href":"https:\/\/www.mojevrijeme.hr\/magazin\/wp-json\/wp\/v2\/media\/45434"}],"wp:attachment":[{"href":"https:\/\/www.mojevrijeme.hr\/magazin\/wp-json\/wp\/v2\/media?parent=45433"}],"wp:term":[{"taxonomy":"category","embeddable":true,"href":"https:\/\/www.mojevrijeme.hr\/magazin\/wp-json\/wp\/v2\/categories?post=45433"},{"taxonomy":"post_tag","embeddable":true,"href":"https:\/\/www.mojevrijeme.hr\/magazin\/wp-json\/wp\/v2\/tags?post=45433"}],"curies":[{"name":"wp","href":"https:\/\/api.w.org\/{rel}","templated":true}]}}