{"id":45452,"date":"2021-03-08T12:09:42","date_gmt":"2021-03-08T11:09:42","guid":{"rendered":"https:\/\/www.mojevrijeme.hr\/magazin\/?p=45452"},"modified":"2021-03-08T18:38:03","modified_gmt":"2021-03-08T17:38:03","slug":"mirjana-rakic-o-diskriminaciji-na-ekranu-stariji-muskarac-znaci-iskustvo-dok-se-od-zena-trazi-mladost-i-ljepota","status":"publish","type":"post","link":"https:\/\/www.mojevrijeme.hr\/magazin\/2021\/03\/mirjana-rakic-o-diskriminaciji-na-ekranu-stariji-muskarac-znaci-iskustvo-dok-se-od-zena-trazi-mladost-i-ljepota\/","title":{"rendered":"Mirjana Raki\u0107 o diskriminaciji na ekranu: Od \u017eena se tra\u017ei mladost i ljepota, dok stariji mu\u0161karac zna\u010di iskustvo"},"content":{"rendered":"\n<p>Uvijek sam se u \u017eivotu dr\u017eala one stare da ne treba upoznavati svoje idole i uzore, da se ne bismo u njih razo\u010darali. Tako, recimo, nikad nisam \u017eeljela upoznati svog najdra\u017eeg pjeva\u010da, neke drage glumce. Iako je bilo prilike za to.<\/p>\n\n\n\n<p>Priznajem, pala mi je ta misao na pamet i pro\u0161log tjedna, kada sam dogovarala susret s legendarnom televizijskom novinarkom i urednicom <strong>Mirjanom Raki\u0107<\/strong>. Ona je za mene uvijek bila pojam profesionalizma, kvalitetnog novinarstva, eti\u010dnosti i korektnosti. Ono najbolje \u0161to su mediji na ovim prostorima iznjedrili. Te\u0161ko dosti\u017ena i po navedenim karakteristikama i po dugovje\u010dnosti pojavljivanja na malim ekranima kojima je tako suvereno vladala. Na Hrvatskoj je televiziji provela 43 godine i tako tom mediju dala \u010ditav svoj radni vijek.&nbsp;<\/p>\n\n\n\n<p>Ve\u0107 mi je sam telefonski dogovor intervjua dao naslutiti da nema straha \u2013 rije\u010d je o pristupa\u010dnoj, prizemljenoj i silno simpati\u010dnoj osobi koju jedva \u010dekam upoznati! Dogovorile smo kavu na jednoj od mirnijih gradskih terasa, dan je bio kao nacrtan i krenule smo od nekih op\u0107ih tema. Prijateljstvo.<\/p><div id=\"mojev-3663348414\" class=\"mojev-u-tekstu mojev-entity-placement\" style=\"margin-left: auto;margin-right: auto;text-align: center;\"><div class=\"mojev-adlabel\">oglas<\/div><div style=\"height: 250px;\"><script async src=\"https:\/\/pagead2.googlesyndication.com\/pagead\/js\/adsbygoogle.js?client=ca-pub-8106111766207173\"\r\n     crossorigin=\"anonymous\"><\/script>\r\n<!-- Prikazni 1 u tekstu -->\r\n<ins class=\"adsbygoogle\"\r\n     style=\"display:block\"\r\n     data-ad-client=\"ca-pub-8106111766207173\"\r\n     data-ad-slot=\"8535551207\"\r\n     data-ad-format=\"auto\"\r\n     data-full-width-responsive=\"true\"><\/ins>\r\n<script>\r\n     (adsbygoogle = window.adsbygoogle || []).push({});\r\n<\/script><\/div><\/div><br style=\"clear: both; display: block; float: none;\"\/>\n\n\n\n<h3 class=\"wp-block-heading\">Prijateljstvo je va\u017eno za sretan \u017eivot<\/h3>\n\n\n\n<p>&#8220;\u010covjek u \u017eivotu nema puno prijatelja. Ne mo\u017ee ih ni imati u velikom broju jer prijateljstva zahtijevaju velika ulaganja; ne financijska, naravno, ve\u0107 ona emocionalna. To su ljudi na koje se mo\u017eete osloniti u svakom trenutku. I oni mogu na vas. I to je ta veza \u2013 oslonac u \u017eivotu. \u010cak i uz obitelj, prijatelj je ne\u0161to drugo, netko koga sami birate&#8221;, pri\u010da mi Mirjana Raki\u0107.<\/p>\n\n\n\n<p>Dodaje kako su njezina prijateljstva duga, neka jo\u0161 iz mladosti. &#8220;Nije va\u017eno da se \u010dujete svaki dan, s nekim se ljudima ne morate vidjeti mjesecima, a kad se \u010dujete, sve je kao da ste se \u010duli ju\u010der. I to najvi\u0161e govori o tim odnosima. Oni se ne mijenjaju, bili vi tu ili u New Yorku. Ja ka\u017eem da su to pripadaju\u0107e du\u0161e, va\u0161e drugo ja.&#8221;<\/p>\n\n\n\n<p>Prijateljstvo joj puno zna\u010di, to joj je, ka\u017ee, veliko veselje i sre\u0107a u \u017eivotu. Primje\u0107ujem da se puno smije, promatram je i uz najbolju volju, ne vidim bore na njezinu licu. Zapravo, izgleda jednako dobro kao \u010ditavog \u017eivota, takvu je pamtim s televizije.<\/p>\n\n\n\n<h3 class=\"wp-block-heading\">\u017divotni optimizam i odgovornost prema poslu<\/h3>\n\n\n\n<p>&#8220;Ja nisam sekantna osoba, nisam osoba koja mo\u017ee mrziti. U slu\u010daju neke nepremostive razlike, okrenut \u0107u le\u0111a i oti\u0107i. Ne bih se bavila time na na\u010din da me to okupira. Ne natmurim&nbsp;se lako. Mo\u017eda je to i do posla. Tu se nisam mogla duriti, nego sam morala sve odraditi. Poslije sam si mogla misliti \u0161to sam htjela, ali posao je uvijek bio prvi. Uvijek sam govorila mojim mladim kolegama: ne buni se prije nego odradi\u0161 posao. Osim, naravno, ako to nije neki posao koji je protivan profesionalnim standardima ili tvojim osobnim vrijednostima. Jako je va\u017eno da \u010dovjek od po\u010detka ima kvalitetan stav prema poslu, da ga obavlja s maksimumom koncentracije i fokusa&#8221;, ka\u017ee Mirjana.<\/p>\n\n\n\n<p>Dodaje da ve\u0107 i po\u010detnici u novinarstvu moraju biti pa\u017eljivi. I napominje kako nisu svi novinari ro\u0111eni da budu komentatori.&nbsp; &#8220;Ja ne vidim razloga da se ljudi guraju u ne\u0161to \u0161to je njima protivno. Za\u0161to ne biste cijelog \u017eivota bili kvalitetan izvjestitelj, reporter? To su prekrasni poslovi u kojima tako\u0111er kreativnost, domi\u0161ljatost i \u0161irina mogu do\u0107i do izra\u017eaja. Uvijek kad sam radila neki izvje\u0161taj, bilo mi je bitno prona\u0107i neku sitnicu kojom \u0107u vam privu\u0107i pa\u017enju te da me zbog nje odlu\u010dite poslu\u0161ati.&#8221;<\/p>\n\n\n\n<h3 class=\"wp-block-heading\">Izokrenuta televizija<\/h3>\n\n\n\n<p>Cijeli \u017eivot zanimala ju je percepcija gledatelja \u2013 koliko sadr\u017eaja s ekrana mo\u017ee primiti i usvojiti. Danas se, ka\u017ee, televizija prili\u010dno izokrenula. Budu\u0107i da je zbog prirode svoga posla \u2013 novinarke koja je pratila vanjsku politiku \u2013 puno putovala, imala je priliku upoznati i rad svojih kolega iz \u010ditavog svijeta.&nbsp;<\/p>\n\n\n\n<p>&#8220;Kroz kolege iz drugih zemalja uspjela sam savladati i usvojiti jednostavan jezik. Ako u izvje\u0161taj ili prilog krenete s frazetinama i floskulama, to je silno zamorno i svi uklju\u010deni u tu pri\u010du samo gube vrijeme.&#8221;<\/p>\n\n\n\n<p>Pri\u010da kako su nekad na televiziji najvi\u0161e pa\u017enje posve\u0107ivali gledatelju, onome \u0161to on vidi, kako razmi\u0161lja, kako bi mogao reagirati, te su tome prilago\u0111avali sve, od sadr\u017eaja, terminologije pa do vizualne opreme priloga, kadrova.&nbsp;<\/p>\n\n\n\n<p>&#8220;Nekad smo znali na ekran, umjesto kadrova, staviti fotografiju osobe o kojoj pri\u010damo. Tu mi je sjajan primjer Yasser Arafat \u2013 imao je krupno lice, \u0161al\u2026 nitko ne bi slu\u0161ao vijest jer bi njegovo lice odvla\u010dilo pa\u017enju. Zato bismo stavili njegovu sliku \u2013 dovoljno veliku da bude prepoznatljiv i dovoljno malenu da ne dopu\u0161ta igranje i analiziranje. Danas je sve obrnuto. Pri\u010da se o cijepljenju i u studiju su relevantni gosti. Njih se komprimira u dno ekrana, a u ogromnom formatu gledamo kadrove zabijanja igle u ruku ili bo\u010dica s cjepivom koje se vrte. Meni kao gledateljici, va\u017eni su ti stru\u010dnjaci, epidemiolozi. Onda, neki ljudi naprosto ne \u010duju dobro, \u010ditaju s usana. To sada ne mogu. Nevjerojatno,&#8221;<\/p>\n\n\n\n<p>U\u017eivam i mislim si kako upravo dobivam sjajno novinarsko mentoriranje, jedan na jedan. Name\u0107e mi se pitanje za\u0161to Mirjana Raki\u0107 to ne \u010dini sustavno, na dobrobit hrvatskog novinarstva?<\/p>\n\n\n\n<h3 class=\"wp-block-heading\">\u0160iroka kultura i veliko znanje \u010dine novinara<\/h3>\n\n\n\n<p>&#8220;Znali su me pozvati na Fakultet politi\u010dkih znanosti, gostovala sam par puta s predavanjima i zanimljivostima, ali moram priznati da sam bila prili\u010dno razo\u010darana znanjem tih mladih ljudi. Radilo se o studentima 3. godine fakulteta! Ali, isto tako valja re\u0107i da to nije njihova krivnja.\u00a0\u00a0Lo\u0161e temelje vuku iz osnovnih i srednjih \u0161kola. Shva\u0107ate? Nisam ni ja Cezarova sestra pa znam za Cezara. Moram priznati da me \u0161okiralo.&#8221;<\/p>\n\n\n\n<figure class=\"wp-block-image size-large\"><img loading=\"lazy\" decoding=\"async\" width=\"740\" height=\"444\" src=\"https:\/\/www.mojevrijeme.hr\/magazin\/wp-content\/uploads\/2021\/03\/mirjana-rakic-2-740x444.jpg\" alt=\"\" class=\"wp-image-45447\" srcset=\"https:\/\/www.mojevrijeme.hr\/magazin\/wp-content\/uploads\/2021\/03\/mirjana-rakic-2-740x444.jpg 740w, https:\/\/www.mojevrijeme.hr\/magazin\/wp-content\/uploads\/2021\/03\/mirjana-rakic-2-636x382.jpg 636w, https:\/\/www.mojevrijeme.hr\/magazin\/wp-content\/uploads\/2021\/03\/mirjana-rakic-2-768x461.jpg 768w, https:\/\/www.mojevrijeme.hr\/magazin\/wp-content\/uploads\/2021\/03\/mirjana-rakic-2-1536x922.jpg 1536w, https:\/\/www.mojevrijeme.hr\/magazin\/wp-content\/uploads\/2021\/03\/mirjana-rakic-2-1500x900.jpg 1500w, https:\/\/www.mojevrijeme.hr\/magazin\/wp-content\/uploads\/2021\/03\/mirjana-rakic-2-1600x960.jpg 1600w, https:\/\/www.mojevrijeme.hr\/magazin\/wp-content\/uploads\/2021\/03\/mirjana-rakic-2-590x354.jpg 590w, https:\/\/www.mojevrijeme.hr\/magazin\/wp-content\/uploads\/2021\/03\/mirjana-rakic-2-400x240.jpg 400w, https:\/\/www.mojevrijeme.hr\/magazin\/wp-content\/uploads\/2021\/03\/mirjana-rakic-2-1000x600.jpg 1000w, https:\/\/www.mojevrijeme.hr\/magazin\/wp-content\/uploads\/2021\/03\/mirjana-rakic-2-820x492.jpg 820w, https:\/\/www.mojevrijeme.hr\/magazin\/wp-content\/uploads\/2021\/03\/mirjana-rakic-2.jpg 2000w\" sizes=\"auto, (max-width: 740px) 100vw, 740px\" \/><figcaption>Mirjana Raki\u0107 (foto: Sandro Bura)<\/figcaption><\/figure>\n\n\n\n<p>Osim toga, iskreno \u0107e priznati gospo\u0111a Raki\u0107 \u2013 vi\u0161e joj se i ne da: &#8220;Dosta mi je obaveza. Vrlo rado \u0107u do\u0107i na dva, tri predavanja, ali ne \u017eelim nametanje obaveze. To mi jednostavno vi\u0161e ne odgovara. Radila sam u kontinuitetu 47 godina: 43 na televiziji i 4 u Agenciji za elektroni\u010dke medije i mislim da imam pravo re\u0107i da vi\u0161e ne bih.&#8221;<\/p>\n\n\n\n<h3 class=\"wp-block-heading\">Aktivna mirovina<\/h3>\n\n\n\n<p>U mirovini je od 2017., ali, iako je iz temelja promijenila \u017eivot, i dalje ima malo vremena. I dalje dosta putuje i jako puno \u010dita. Prati dnevni tisak, sve portale \u2013 odli\u010dno je informirana \u2013 ipak je to njezin \u017eivot! Svakoga dana \u0161e\u0107e oko Jaruna. Ka\u017ee kako korona nije puno utjecala na kvalitetu njezina \u017eivota.&nbsp;<\/p>\n\n\n\n<p>&#8220;Ne osje\u0107am se stisnuto ni izolirano. Nemam neki poseban strah. Istina, manje izlazim, ali to nam je zajedni\u010dka sudbina. Jedino \u0161to mi nedostaje su koncerti i kazali\u0161te. To sam cijeli \u017eivot voljela i puno konzumirala. \u010cesto sam putovala i izvan zemlje zbog dobre predstave ili koncerta. Ali ni time ne optere\u0107ujem. Imam pozitivan stav kakav sam imala \u010ditavog \u017eivota. Uvijek sam gledala \u0161to se mo\u017ee napraviti u zadanim okvirima&#8221;, optimisti\u010dno otkriva Mirjana Raki\u0107.&nbsp;<\/p>\n\n\n\n<h3 class=\"wp-block-heading\">Pozitivan stav kao \u017eivotni moto<\/h3>\n\n\n\n<p>Rado se prisje\u0107a vlastitog djetinjstva. Imala je, ka\u017ee, normalan odgoj, a to je ne\u0161to \u0161to je gotovo i\u0161\u010dezlo. Rasla je samo uz majku, budu\u0107i da joj je otac preminuo prije njezinog ro\u0111enja.&nbsp;<\/p>\n\n\n\n<p>&#8220;Moja mama nije imala jednostavan \u017eivot. Ali puno se bavila sa mnom. Vodila me u kino svaki drugi dan. Odrasla sam na Sva\u010di\u0107evom trgu, imala sam i dadilju koja se brinula o meni dok je mama radila. Uvijek sam osje\u0107ala ogromnu ljubav i pa\u017enju okoline. Ono \u0161to smatram izuzetno dragocjenim jest da sam mamu uvijek gledala kao prijateljicu, nikada kao nekog tko bi mi ne\u0161to diktirao. I kroz sve situacije u \u017eivotu, naro\u010dito one lo\u0161e, i\u0161la sam s devizom \u2013 pro\u0107i \u0107e. Tu pozitivu mi je mama usadila i ja je nosim kroz \u017eivot,&#8221;<\/p>\n\n\n\n<p>Osim pozitivnog stava, kao va\u017enu \u017eivotnu odrednicu isti\u010de znanje: &#8220;Novinar mora puno \u010ditati \u2013 tako dobiva bogatstvo vokabulara, unosi melodiju u svoju re\u010denicu. Jako je va\u017eno \u0161iroko obrazovanje. Danas imamo brojne sakuplja\u010de informacija, i to ne uvijek to\u010dnih. To nisu novinari. Ali uvijek za to krivim urednike. Danas imamo jako lo\u0161u strukturu urednika u svim medijima. A to je silno va\u017ena uloga jer urednik je taj koji od \u010dovjeka mo\u017ee napraviti novinara. Va\u017ene su njegove procjene, njegova o\u010dekivanja, na\u010din na koji vas poti\u010de, on mora znati prepoznati va\u0161e mogu\u0107nosti, ali i va\u0161e granice. No, danas urednike postavljaju vlasnici medija i onda oni laviraju izme\u0111u ogla\u0161iva\u010da i sadr\u017eaja. Nije im lako. Ali \u010desto se sve svodi na onu staru re\u010denicu &#8216;Stara Mara ostala bez para&#8217;. Bitno je samo da je \u0161areno.&#8221;<\/p>\n\n\n\n<h3 class=\"wp-block-heading\">Hrvatska televizija dosegla je svoje dno<\/h3>\n\n\n\n<p>Veliku tugu, ali i gor\u010dinu osje\u0107a prema situaciji na Hrvatskoj televiziji:&nbsp;&#8220;Na\u017ealost, mislim da je ta ku\u0107a nepovratno izgubila svoj ugled i kredibilitet. Znate, ugled je stra\u0161no lako izgubiti, a ponovo ga ste\u0107i gotovo je nemogu\u0107e. Mi smo nekada bili doista najja\u010di medij, u biv\u0161oj smo Jugoslaviji bili broj jedan. Sje\u0107am se rije\u010di mog slovenskog kolege koji mi je, dok sam jo\u0161 radila Dnevnik, znao re\u0107i \u2013 &#8216;Dao bih sve kada bih va\u0161u ekipu iz Dnevnika mogao preseliti k sebi. Naime, na\u0161 Dnevnik nitko ne gleda jer ide u isto vrijeme kada i va\u0161&#8217;. Imali smo kvalitetne urednike i novinare.&#8221;<\/p>\n\n\n\n<p>&#8220;Kada biste nekog vidjeli na ekranu, vi ste to\u010dno znali o \u010demu \u0107e govoriti. I to je jako va\u017eno &#8211; povjerenje. Uop\u0107e nije bitno jeste li ljevi\u010dar ili desni\u010dar &#8211; morate se dr\u017eati svoje sadr\u017eajne linije jer vas na taj na\u010din gledatelji percipiraju. Ali mi, umjesto da zadr\u017eimo tu na\u0161u razinu \u2013 razinu jezika, nastupa, kvalitete u izvje\u0161tavanju, mi smo se mijenjali do neprepoznatljivosti. I onda su nam privatne televizije povukle sve najbolje ljude. Tu je i N1 koji je, na\u017ealost, preuzeo informativnu funkciju HRT-a&#8221;, analizira Raki\u0107. &nbsp;<\/p>\n\n\n\n<p>Situacija je toliko lo\u0161a, ka\u017ee Mirjana Raki\u0107, da \u010dak ni kanali nisu sadr\u017eajno uskla\u0111eni, ve\u0107 se sli\u010dni sadr\u017eaji doslovno &#8216;tuku&#8217; u eteru. &#8220;Nekad pomislim da bi to bolje ispalo kada bi netko ko\u0161 okrenuo naopako, nego ovako kako je sada. Tu je sada kod mene puno \u017eu\u010di jer mislim da je uni\u0161tena ku\u0107a koja je bila kvalitetna. I dan danas tamo rade neki ljudi koji, da im da\u0161 da naprave posao kako treba, to bi sjajno odradili. Trenutno je HRT dosegao samo dno upravljanja. Uop\u0107e ne vidim funkciju glavnog ravnatelja jer ona ne postoji.&#8221;<\/p>\n\n\n\n<p>&#8220;Osim toga, \u010dula sam jo\u0161 jednu nevjerojatnu stvar koja me \u0161okirala \u2013 da se HRT nedavno registrirao kao neprofitna organizacija! A \u0161to je s pretplatom? No, to je sada pitanje za Agenciju za elektroni\u010dke medije. No, da zaklju\u010dim: HRT je naslje\u0111e ove dr\u017eave, ne\u0161to kao obiteljsko srebro. Ono nije \u010dak ni prodano, ono je rastopljeno. I, \u0161to sada? Ho\u0107emo sada raditi male \u017eli\u010dice za kavu?\u201c pita Mirjana Raki\u0107.<\/p>\n\n\n\n<h3 class=\"wp-block-heading\">Diskriminacija \u017eena i na ekranu<\/h3>\n\n\n\n<p>Budu\u0107i da je danas Dan \u017eena, prigodno se doti\u010demo teme diskriminacije u medijima.&nbsp;&#8220;Na ekranima ima puno mu\u0161karaca u zrelim godinama, dok je \u017eena vrlo malo, ako ijedna. Lice mu\u0161karca koje stari na ekranu, ka\u017eu, zra\u010di iskustvom, dok \u017eena mora biti lijepa, mora biti dopadljivo lice. A to s borama ne mo\u017eete biti. U moje vrijeme, stvari se nisu tako postavljale. Mnoge moje kolegice su do mirovine bile na ekranu i radile su svoje emisije koje su bile karakteristi\u010dne. Neda Ritz, Da\u0161a Bradi\u010di\u0107\u2026 one nisu bile tu da bi bile dopadljive.&#8221;<\/p>\n\n\n\n<p>Rastu\u017eila ju je, ka\u017ee, pri\u010da Ljiljane Sauche kojoj su otkazali od danas do sutra. &#8220;Ona je vrlo korektno radila svoj posao i bila prepoznatljivo lice Vijesti iz kulture.&#8221;<\/p>\n\n\n\n<p>Mirjana Raki\u0107 kao sjajnu paradigmu odnosa dru\u0161tva prema starijim ljudima navodi japanski film &#8220;Balada o Narayami&#8221;.&nbsp;<\/p>\n\n\n\n<p>&#8220;To je film o maloj seoskoj obitelji koja \u017eivi skromno. Imaju dvoje djece, a s njima \u017eivi i baka. Kada se rodi tre\u0107e dijete, po\u010dinje im manjkati hrane pa si baka kamenom razbije zube kako ne bi mogla jesti. Nakon nekog vremena, sin je uprti na le\u0111a i odnosi je na Narayamu, planinu na kojoj je ostavlja. To je toliko potresno na vi\u0161e razina, ali je i \u010dinjeni\u010dno. Kada ostarite, vi\u0161e niste potrebni, odnosno postajete teret i svi vas \u017eele zaboraviti.&#8221;<\/p>\n\n\n\n<h3 class=\"wp-block-heading\">Dru\u0161tvo se olako odri\u010de znanja umirovljenih profesionalaca<\/h3>\n\n\n\n<p>Tako ni na\u0161e dru\u0161tvo ne koristi kapital profesionalaca u mirovini, zaklju\u010duje Mirjana Raki\u0107 te dodaje kako je to silno pogre\u0161no jer to je znanje itekako mogu\u0107e implementirati. Pogotovo znanje koje ne podrazumijeva tehni\u010dku ili fizi\u010dku izvedbu.&nbsp;<\/p>\n\n\n\n<figure class=\"wp-block-image size-large\"><img loading=\"lazy\" decoding=\"async\" width=\"740\" height=\"444\" src=\"https:\/\/www.mojevrijeme.hr\/magazin\/wp-content\/uploads\/2021\/03\/mirjana-rakic-1-740x444.jpg\" alt=\"\" class=\"wp-image-45446\" srcset=\"https:\/\/www.mojevrijeme.hr\/magazin\/wp-content\/uploads\/2021\/03\/mirjana-rakic-1-740x444.jpg 740w, https:\/\/www.mojevrijeme.hr\/magazin\/wp-content\/uploads\/2021\/03\/mirjana-rakic-1-636x382.jpg 636w, https:\/\/www.mojevrijeme.hr\/magazin\/wp-content\/uploads\/2021\/03\/mirjana-rakic-1-768x461.jpg 768w, https:\/\/www.mojevrijeme.hr\/magazin\/wp-content\/uploads\/2021\/03\/mirjana-rakic-1-1536x922.jpg 1536w, https:\/\/www.mojevrijeme.hr\/magazin\/wp-content\/uploads\/2021\/03\/mirjana-rakic-1-1500x900.jpg 1500w, https:\/\/www.mojevrijeme.hr\/magazin\/wp-content\/uploads\/2021\/03\/mirjana-rakic-1-1600x960.jpg 1600w, https:\/\/www.mojevrijeme.hr\/magazin\/wp-content\/uploads\/2021\/03\/mirjana-rakic-1-590x354.jpg 590w, https:\/\/www.mojevrijeme.hr\/magazin\/wp-content\/uploads\/2021\/03\/mirjana-rakic-1-400x240.jpg 400w, https:\/\/www.mojevrijeme.hr\/magazin\/wp-content\/uploads\/2021\/03\/mirjana-rakic-1-1000x600.jpg 1000w, https:\/\/www.mojevrijeme.hr\/magazin\/wp-content\/uploads\/2021\/03\/mirjana-rakic-1-820x492.jpg 820w, https:\/\/www.mojevrijeme.hr\/magazin\/wp-content\/uploads\/2021\/03\/mirjana-rakic-1.jpg 2000w\" sizes=\"auto, (max-width: 740px) 100vw, 740px\" \/><figcaption>Mirjana Raki\u0107 (foto: Sandro Bura)<\/figcaption><\/figure>\n\n\n\n<p>&#8220;\u010cak i umirovljeni kirurzi mogu biti u nekoj savjetodavnoj ulozi u operacijskoj sali, a da ne govorim o novinarima, filozofima. Zar bi oni trebali prestati misliti? Ili drugi znanstvenici \u2013 kemi\u010dari, fizi\u010dari?&#8221; pita ova iskusna novinarka i urednica.<\/p>\n\n\n\n<p>Budu\u0107i da puno prati inozemne televizije, od talijanskog RAI-a, BBC-a, TF2 ili SKY-a, primje\u0107uje da tamo \u017eene u starijoj \u017eivotnoj dobi uredno obavljaju svoj posao na ekranu. &#8220;\u010cak mi se \u010dini da na tim stanicama ima manje mu\u0161karaca nego \u017eena u godinama. One zra\u010de kredibilitetom i o\u010dito ih zato dr\u017ee. Kod nas je voditeljica manje-vi\u0161e svedena na ulogu starlete ili spikerice i to je toliko krivo. Pogledajte Christian Amanpour, ona je zagazila u sedmo desetlje\u0107e i potpuna je institucija. A institucije se treba dr\u017eati jer je itekako potrebna&#8221;, zaklju\u010duje Mirjana Raki\u0107.<\/p>\n\n\n\n<div id=\"blokovi\"><img decoding=\"async\" src=\"https:\/\/www.mojevrijeme.hr\/magazin\/wp-content\/uploads\/2020\/09\/esf-lenta.jpg\">\nOvaj prilog objavljen je u sklopu projekta \u201cNovo vrijeme\u201d. Projekt je sufinancirala\nEuropska unija sredstvima Europskog socijalnog fonda. Sadr\u017eaj priloga isklju\u010diva\nje odgovornost Udruge Ho\u0107u stranicu.<\/div>\n<div id=\"mojev-1444864030\" class=\"mojev-kraj-teksta mojev-entity-placement\" style=\"margin-bottom: 20px;margin-left: auto;margin-right: auto;text-align: center;\"><div class=\"mojev-adlabel\">oglas<\/div><div style=\"height: 250px;\"><script async src=\"https:\/\/pagead2.googlesyndication.com\/pagead\/js\/adsbygoogle.js?client=ca-pub-8106111766207173\"\r\n     crossorigin=\"anonymous\"><\/script>\r\n<!-- Display-1 -->\r\n<ins class=\"adsbygoogle\"\r\n     style=\"display:block\"\r\n     data-ad-client=\"ca-pub-8106111766207173\"\r\n     data-ad-slot=\"1465712950\"\r\n     data-ad-format=\"auto\"\r\n     data-full-width-responsive=\"true\"><\/ins>\r\n<script>\r\n     (adsbygoogle = window.adsbygoogle || []).push({});\r\n<\/script><\/div><\/div>","protected":false},"excerpt":{"rendered":"<p>I u 73. godini \u017eivota, legendarna hrvatska TV novinarka i urednica, Mirjana Raki\u0107 \u017eivi aktivan i ispunjen \u017eivot. U razgovoru za na\u0161 portal komentira situaciju na dana\u0161njoj medijskoj sceni, ali i neiskori\u0161teni kapital umirovljenih profesionalaca. <\/p>\n","protected":false},"author":13,"featured_media":45448,"comment_status":"closed","ping_status":"closed","sticky":false,"template":"","format":"standard","meta":{"footnotes":""},"categories":[2],"tags":[1185,476,2586,1344,2339,142],"class_list":["post-45452","post","type-post","status-publish","format-standard","has-post-thumbnail","hentry","category-mozaik","tag-ageizam","tag-diskriminacija","tag-mirjana-rakic","tag-novinarstvo","tag-novo-vrijeme","tag-televizija"],"_links":{"self":[{"href":"https:\/\/www.mojevrijeme.hr\/magazin\/wp-json\/wp\/v2\/posts\/45452","targetHints":{"allow":["GET"]}}],"collection":[{"href":"https:\/\/www.mojevrijeme.hr\/magazin\/wp-json\/wp\/v2\/posts"}],"about":[{"href":"https:\/\/www.mojevrijeme.hr\/magazin\/wp-json\/wp\/v2\/types\/post"}],"author":[{"embeddable":true,"href":"https:\/\/www.mojevrijeme.hr\/magazin\/wp-json\/wp\/v2\/users\/13"}],"replies":[{"embeddable":true,"href":"https:\/\/www.mojevrijeme.hr\/magazin\/wp-json\/wp\/v2\/comments?post=45452"}],"version-history":[{"count":0,"href":"https:\/\/www.mojevrijeme.hr\/magazin\/wp-json\/wp\/v2\/posts\/45452\/revisions"}],"wp:featuredmedia":[{"embeddable":true,"href":"https:\/\/www.mojevrijeme.hr\/magazin\/wp-json\/wp\/v2\/media\/45448"}],"wp:attachment":[{"href":"https:\/\/www.mojevrijeme.hr\/magazin\/wp-json\/wp\/v2\/media?parent=45452"}],"wp:term":[{"taxonomy":"category","embeddable":true,"href":"https:\/\/www.mojevrijeme.hr\/magazin\/wp-json\/wp\/v2\/categories?post=45452"},{"taxonomy":"post_tag","embeddable":true,"href":"https:\/\/www.mojevrijeme.hr\/magazin\/wp-json\/wp\/v2\/tags?post=45452"}],"curies":[{"name":"wp","href":"https:\/\/api.w.org\/{rel}","templated":true}]}}