{"id":45477,"date":"2021-03-08T13:50:08","date_gmt":"2021-03-08T12:50:08","guid":{"rendered":"https:\/\/www.mojevrijeme.hr\/magazin\/?p=45477"},"modified":"2021-03-08T13:54:24","modified_gmt":"2021-03-08T12:54:24","slug":"milanovic-postoje-jake-zene-i-one-koje-glumataju-plenkovic-zene-su-drustvo-ucinile-boljim","status":"publish","type":"post","link":"https:\/\/www.mojevrijeme.hr\/magazin\/2021\/03\/milanovic-postoje-jake-zene-i-one-koje-glumataju-plenkovic-zene-su-drustvo-ucinile-boljim\/","title":{"rendered":"Milanovi\u0107: Postoje jake \u017eene i one koje glumataju; Plenkovi\u0107: \u017dene su dru\u0161tvo u\u010dinile boljim"},"content":{"rendered":"\n<p>Predsjednik <strong>Zoran Milanovi\u0107<\/strong> na Me\u0111unarodni dan \u017eena objavio \u0161to o \u017eenama misli. &#8220;Postoje \u017eene i \u017eene&#8221;, rekao je tijekom obilaska Banije. <\/p>\n\n\n\n<p>Upitan na koga misli, rekao je da postoje \u017eene koje su jake i borbene, koje \u0107e nasilnike i sve koji im se na\u0111u na putu &#8220;udariti na jedno mjesto&#8221;. &#8220;I postoje one koje glumataju&#8221;, dodao je, no nije rekao na koga misli. <\/p>\n\n\n\n<p>S druge strane, premijer <strong>Andrej Plenkovi\u0107<\/strong> na svojem je Twitteru objavio da su &#8220;\u017eene svojim radom i zalaganjem u\u010dinile na\u0161e obitelji i dru\u0161tvo boljim&#8221;. <\/p><div id=\"mojev-1006640971\" class=\"mojev-u-tekstu mojev-entity-placement\" style=\"margin-left: auto;margin-right: auto;text-align: center;\"><div class=\"mojev-adlabel\">oglas<\/div><div style=\"height: 250px;\"><script async src=\"https:\/\/pagead2.googlesyndication.com\/pagead\/js\/adsbygoogle.js?client=ca-pub-8106111766207173\"\r\n     crossorigin=\"anonymous\"><\/script>\r\n<!-- Prikazni 1 u tekstu -->\r\n<ins class=\"adsbygoogle\"\r\n     style=\"display:block\"\r\n     data-ad-client=\"ca-pub-8106111766207173\"\r\n     data-ad-slot=\"8535551207\"\r\n     data-ad-format=\"auto\"\r\n     data-full-width-responsive=\"true\"><\/ins>\r\n<script>\r\n     (adsbygoogle = window.adsbygoogle || []).push({});\r\n<\/script><\/div><\/div><br style=\"clear: both; display: block; float: none;\"\/>\n\n\n\n<p>&#8220;Ovo je poseban dan za zahvalu na njihovom nemjerljivom doprinosu stvaranju pravednije zajednice\u201d, poru\u010dio je Plenkovi\u0107 putem Twittera. <\/p>\n\n\n\n<p>&#8220;Brojnim mjerama za ve\u0107u zapo\u0161ljivost \u017eena i postizanje jednakih uvjeta na tr\u017ei\u0161tu rada te demografskim mjerama, a osobito odlu\u010dnom borbom protiv svih oblika diskriminacija i nasilja nad \u017eenama, \u017eelimo jo\u0161 sna\u017enije pridonijeti ravnopravnosti \u017eena u hrvatskom dru\u0161tvu&#8221;, napisao je Plenkovi\u0107. <\/p>\n<div id=\"mojev-2432747508\" class=\"mojev-kraj-teksta mojev-entity-placement\" style=\"margin-bottom: 20px;margin-left: auto;margin-right: auto;text-align: center;\"><div class=\"mojev-adlabel\">oglas<\/div><div style=\"height: 250px;\"><script async src=\"https:\/\/pagead2.googlesyndication.com\/pagead\/js\/adsbygoogle.js?client=ca-pub-8106111766207173\"\r\n     crossorigin=\"anonymous\"><\/script>\r\n<!-- Display-1 -->\r\n<ins class=\"adsbygoogle\"\r\n     style=\"display:block\"\r\n     data-ad-client=\"ca-pub-8106111766207173\"\r\n     data-ad-slot=\"1465712950\"\r\n     data-ad-format=\"auto\"\r\n     data-full-width-responsive=\"true\"><\/ins>\r\n<script>\r\n     (adsbygoogle = window.adsbygoogle || []).push({});\r\n<\/script><\/div><\/div>","protected":false},"excerpt":{"rendered":"<p>Brojnim mjerama za ve\u0107u zapo\u0161ljivost \u017eena i postizanje jednakih uvjeta na tr\u017ei\u0161tu rada te demografskim mjerama, a osobito odlu\u010dnom borbom protiv svih oblika diskriminacija i nasilja nad \u017eenama, \u017eelimo jo\u0161 sna\u017enije pridonijeti ravnopravnosti \u017eena u hrvatskom dru\u0161tvu, napisao je Plenkovi\u0107. <\/p>\n","protected":false},"author":1,"featured_media":40150,"comment_status":"closed","ping_status":"closed","sticky":false,"template":"","format":"standard","meta":{"footnotes":""},"categories":[9],"tags":[888,772,300],"class_list":["post-45477","post","type-post","status-publish","format-standard","has-post-thumbnail","hentry","category-vijesti","tag-andrej-plenkovic","tag-dan-zena","tag-zoran-milanovic"],"_links":{"self":[{"href":"https:\/\/www.mojevrijeme.hr\/magazin\/wp-json\/wp\/v2\/posts\/45477","targetHints":{"allow":["GET"]}}],"collection":[{"href":"https:\/\/www.mojevrijeme.hr\/magazin\/wp-json\/wp\/v2\/posts"}],"about":[{"href":"https:\/\/www.mojevrijeme.hr\/magazin\/wp-json\/wp\/v2\/types\/post"}],"author":[{"embeddable":true,"href":"https:\/\/www.mojevrijeme.hr\/magazin\/wp-json\/wp\/v2\/users\/1"}],"replies":[{"embeddable":true,"href":"https:\/\/www.mojevrijeme.hr\/magazin\/wp-json\/wp\/v2\/comments?post=45477"}],"version-history":[{"count":0,"href":"https:\/\/www.mojevrijeme.hr\/magazin\/wp-json\/wp\/v2\/posts\/45477\/revisions"}],"wp:featuredmedia":[{"embeddable":true,"href":"https:\/\/www.mojevrijeme.hr\/magazin\/wp-json\/wp\/v2\/media\/40150"}],"wp:attachment":[{"href":"https:\/\/www.mojevrijeme.hr\/magazin\/wp-json\/wp\/v2\/media?parent=45477"}],"wp:term":[{"taxonomy":"category","embeddable":true,"href":"https:\/\/www.mojevrijeme.hr\/magazin\/wp-json\/wp\/v2\/categories?post=45477"},{"taxonomy":"post_tag","embeddable":true,"href":"https:\/\/www.mojevrijeme.hr\/magazin\/wp-json\/wp\/v2\/tags?post=45477"}],"curies":[{"name":"wp","href":"https:\/\/api.w.org\/{rel}","templated":true}]}}