{"id":45627,"date":"2021-03-12T13:12:58","date_gmt":"2021-03-12T12:12:58","guid":{"rendered":"https:\/\/www.mojevrijeme.hr\/magazin\/?p=45627"},"modified":"2021-03-12T13:14:54","modified_gmt":"2021-03-12T12:14:54","slug":"petrovic-800-tisuca-umirovljenika-ce-dobiti-covid-dodatak","status":"publish","type":"post","link":"https:\/\/www.mojevrijeme.hr\/magazin\/2021\/03\/petrovic-800-tisuca-umirovljenika-ce-dobiti-covid-dodatak\/","title":{"rendered":"Petrovi\u0107: 800 tisu\u0107a umirovljenika dobiti \u0107e COVID dodatak"},"content":{"rendered":"\n<p>&#8220;Prijepora nema, glavne stvari su dogovorene&#8221;, kazali su o COVID dodatku iz Sindikata umirovljenika Hrvatke. Kako javlja <a href=\"https:\/\/www.rtl.hr\/vijesti-hr\/novosti\/hrvatska\/3994810\/dobre-vijesti-oko-800-tisuca-hrvatskih-umirovljenika-dobit-ce-covid-dodatak-evo-i-kada\/\" target=\"_blank\" rel=\"noreferrer noopener\">RTL<\/a>, dodatak \u0107e dobiti oko 800.000 umirovljenika. <\/p>\n\n\n\n<p>Umirovljenici s najni\u017eim primanjima trebali bi tako dobiti skoro jednu cijelu dodatnu mirovinu.&nbsp; &#8220;Svakako za one koji su zanemareni, socijalno isklju\u010deni i siroma\u0161ni, a to je u najmanju ruku u Hrvatskoj 800 tisu\u0107a umirovljenika. COVID dodatka treba biti i bit \u0107e ga&#8221;, poru\u010duje&nbsp;predsjednica Sindikata umirovljenika Hrvatske&nbsp;<strong>Jasna A. Petrovi\u0107<\/strong>.<\/p>\n\n\n\n<p>Petrovi\u0107 ka\u017ee da imaju \u010dvrsto obe\u0107anje, no o iznosima, za sada, ne \u017eeli javno govoriti. &#8220;Ali bit \u0107e svakako dobar dodatak za one koji su najsiroma\u0161niji&#8221;, kazala je. <a rel=\"noreferrer noopener\" href=\"https:\/\/www.rtl.hr\/vijesti-hr\/novosti\/hrvatska\/3994810\/dobre-vijesti-oko-800-tisuca-hrvatskih-umirovljenika-dobit-ce-covid-dodatak-evo-i-kada\/\" target=\"_blank\">RTL<\/a> neslu\u017ebeno doznaje da \u0107e ga dobiti oni \u010dija je mirovina manja od 4.000 kuna. Oni s najmanjom, dobit \u0107e najvi\u0161e. O detaljima se jo\u0161 razgovara s Maticom, Sindikatom i strankom umirovljenika.&nbsp;<\/p><div id=\"mojev-1016747113\" class=\"mojev-u-tekstu mojev-entity-placement\" style=\"margin-left: auto;margin-right: auto;text-align: center;\"><div class=\"mojev-adlabel\">oglas<\/div><div style=\"height: 250px;\"><script async src=\"https:\/\/pagead2.googlesyndication.com\/pagead\/js\/adsbygoogle.js?client=ca-pub-8106111766207173\"\r\n     crossorigin=\"anonymous\"><\/script>\r\n<!-- Prikazni 1 u tekstu -->\r\n<ins class=\"adsbygoogle\"\r\n     style=\"display:block\"\r\n     data-ad-client=\"ca-pub-8106111766207173\"\r\n     data-ad-slot=\"8535551207\"\r\n     data-ad-format=\"auto\"\r\n     data-full-width-responsive=\"true\"><\/ins>\r\n<script>\r\n     (adsbygoogle = window.adsbygoogle || []).push({});\r\n<\/script><\/div><\/div><br style=\"clear: both; display: block; float: none;\"\/>\n\n\n\n<p>&#8220;Moramo biti svjesni, s druge strane, fiskalnih ograni\u010denja na\u0161eg prora\u010duna. Moramo biti svjesni koliki je to tro\u0161ak na rashodovnoj strani prora\u010duna&#8221;, rekao je ministar&nbsp;<strong>Josip Aladrovi\u0107<\/strong>.<\/p>\n<div id=\"mojev-271452532\" class=\"mojev-kraj-teksta mojev-entity-placement\" style=\"margin-bottom: 20px;margin-left: auto;margin-right: auto;text-align: center;\"><div class=\"mojev-adlabel\">oglas<\/div><div style=\"height: 250px;\"><script async src=\"https:\/\/pagead2.googlesyndication.com\/pagead\/js\/adsbygoogle.js?client=ca-pub-8106111766207173\"\r\n     crossorigin=\"anonymous\"><\/script>\r\n<!-- Display-1 -->\r\n<ins class=\"adsbygoogle\"\r\n     style=\"display:block\"\r\n     data-ad-client=\"ca-pub-8106111766207173\"\r\n     data-ad-slot=\"1465712950\"\r\n     data-ad-format=\"auto\"\r\n     data-full-width-responsive=\"true\"><\/ins>\r\n<script>\r\n     (adsbygoogle = window.adsbygoogle || []).push({});\r\n<\/script><\/div><\/div>","protected":false},"excerpt":{"rendered":"<p>RTL neslu\u017ebeno doznaje da \u0107e ga dobiti oni \u010dija je mirovina manja od 4.000 kuna. Oni s najmanjom, dobit \u0107e najvi\u0161e.<\/p>\n","protected":false},"author":1,"featured_media":42046,"comment_status":"closed","ping_status":"closed","sticky":false,"template":"","format":"standard","meta":{"footnotes":""},"categories":[9],"tags":[2603,684,1804],"class_list":["post-45627","post","type-post","status-publish","format-standard","has-post-thumbnail","hentry","category-vijesti","tag-covid-dodatak","tag-jasna-petrovic","tag-josip-aladrovic"],"_links":{"self":[{"href":"https:\/\/www.mojevrijeme.hr\/magazin\/wp-json\/wp\/v2\/posts\/45627","targetHints":{"allow":["GET"]}}],"collection":[{"href":"https:\/\/www.mojevrijeme.hr\/magazin\/wp-json\/wp\/v2\/posts"}],"about":[{"href":"https:\/\/www.mojevrijeme.hr\/magazin\/wp-json\/wp\/v2\/types\/post"}],"author":[{"embeddable":true,"href":"https:\/\/www.mojevrijeme.hr\/magazin\/wp-json\/wp\/v2\/users\/1"}],"replies":[{"embeddable":true,"href":"https:\/\/www.mojevrijeme.hr\/magazin\/wp-json\/wp\/v2\/comments?post=45627"}],"version-history":[{"count":0,"href":"https:\/\/www.mojevrijeme.hr\/magazin\/wp-json\/wp\/v2\/posts\/45627\/revisions"}],"wp:featuredmedia":[{"embeddable":true,"href":"https:\/\/www.mojevrijeme.hr\/magazin\/wp-json\/wp\/v2\/media\/42046"}],"wp:attachment":[{"href":"https:\/\/www.mojevrijeme.hr\/magazin\/wp-json\/wp\/v2\/media?parent=45627"}],"wp:term":[{"taxonomy":"category","embeddable":true,"href":"https:\/\/www.mojevrijeme.hr\/magazin\/wp-json\/wp\/v2\/categories?post=45627"},{"taxonomy":"post_tag","embeddable":true,"href":"https:\/\/www.mojevrijeme.hr\/magazin\/wp-json\/wp\/v2\/tags?post=45627"}],"curies":[{"name":"wp","href":"https:\/\/api.w.org\/{rel}","templated":true}]}}