{"id":45676,"date":"2021-03-13T18:33:10","date_gmt":"2021-03-13T17:33:10","guid":{"rendered":"https:\/\/www.mojevrijeme.hr\/magazin\/?p=45676"},"modified":"2021-03-13T18:33:13","modified_gmt":"2021-03-13T17:33:13","slug":"trazi-se-zgodan-visok-neozenjen-volonter","status":"publish","type":"post","link":"https:\/\/www.mojevrijeme.hr\/magazin\/2021\/03\/trazi-se-zgodan-visok-neozenjen-volonter\/","title":{"rendered":"Tra\u017ei se zgodan, visok, neo\u017eenjen volonter"},"content":{"rendered":"\n<p>&#8220;Tra\u017eimo zgodnog, visokog, neo\u017eenjenog, s malom bradicom volontera Hrvatskog Crvenog kri\u017ea! Samo da mu ka\u017eemo hvala i volimoooo teee!&#8221;, stoji u Facebook objavi inicijative Ljudi za ljude koja ve\u0107 godinama poma\u017ee potrebitima na podru\u010dju Banovine.<\/p>\n\n\n\n<p>Naime, jedna je baka koja \u017eivi sama na Banovini kazala kako je kod nje ve\u0107 \u010detiri puta bio opisani volonter kako bi joj pomogao i donio \u0161to joj je potrebno. Baka mu, na\u017ealost, nije upamtila ime, ali je itekako upamtila njegovu dobrotu.<\/p>\n\n\n\n<p>Ka\u017ee da je mladi\u0107 bio visok, zgodan, neo\u017eenjen! &#8220;\u010cetiri puta je bio kod mene. Stvarno, du\u0161a od \u010dovjeka. Pitao me i volim li jesti piletine \u2013 baba voli sve, navikla je sve jesti&#8221;, poru\u010duje baka uz smijeh.<\/p><div id=\"mojev-1759349435\" class=\"mojev-u-tekstu mojev-entity-placement\" style=\"margin-left: auto;margin-right: auto;text-align: center;\"><div class=\"mojev-adlabel\">oglas<\/div><div style=\"height: 250px;\"><script async src=\"https:\/\/pagead2.googlesyndication.com\/pagead\/js\/adsbygoogle.js?client=ca-pub-8106111766207173\"\r\n     crossorigin=\"anonymous\"><\/script>\r\n<!-- Prikazni 1 u tekstu -->\r\n<ins class=\"adsbygoogle\"\r\n     style=\"display:block\"\r\n     data-ad-client=\"ca-pub-8106111766207173\"\r\n     data-ad-slot=\"8535551207\"\r\n     data-ad-format=\"auto\"\r\n     data-full-width-responsive=\"true\"><\/ins>\r\n<script>\r\n     (adsbygoogle = window.adsbygoogle || []).push({});\r\n<\/script><\/div><\/div><br style=\"clear: both; display: block; float: none;\"\/>\n\n\n\n<p>Znate li o kome je rije\u010d, javite inicijativi Ljudi za ljude.<\/p>\n\n\n\n<figure class=\"wp-block-embed\"><div class=\"wp-block-embed__wrapper\">\nhttps:\/\/www.facebook.com\/ljudizaljude\/videos\/796339777903465\n<\/div><\/figure>\n<div id=\"mojev-4244303474\" class=\"mojev-kraj-teksta mojev-entity-placement\" style=\"margin-bottom: 20px;margin-left: auto;margin-right: auto;text-align: center;\"><div class=\"mojev-adlabel\">oglas<\/div><div style=\"height: 250px;\"><script async src=\"https:\/\/pagead2.googlesyndication.com\/pagead\/js\/adsbygoogle.js?client=ca-pub-8106111766207173\"\r\n     crossorigin=\"anonymous\"><\/script>\r\n<!-- Display-1 -->\r\n<ins class=\"adsbygoogle\"\r\n     style=\"display:block\"\r\n     data-ad-client=\"ca-pub-8106111766207173\"\r\n     data-ad-slot=\"1465712950\"\r\n     data-ad-format=\"auto\"\r\n     data-full-width-responsive=\"true\"><\/ins>\r\n<script>\r\n     (adsbygoogle = window.adsbygoogle || []).push({});\r\n<\/script><\/div><\/div>","protected":false},"excerpt":{"rendered":"<p>Jedna baka koja \u017eivi sama na Banovini, u potrazi je za mladim volonterom koji joj je nesebi\u010dno pomogao. <\/p>\n","protected":false},"author":4,"featured_media":45695,"comment_status":"closed","ping_status":"closed","sticky":false,"template":"","format":"standard","meta":{"footnotes":""},"categories":[2],"tags":[2576,2431,1032],"class_list":["post-45676","post","type-post","status-publish","format-standard","has-post-thumbnail","hentry","category-mozaik","tag-banovina","tag-stariji","tag-volontiranje"],"_links":{"self":[{"href":"https:\/\/www.mojevrijeme.hr\/magazin\/wp-json\/wp\/v2\/posts\/45676","targetHints":{"allow":["GET"]}}],"collection":[{"href":"https:\/\/www.mojevrijeme.hr\/magazin\/wp-json\/wp\/v2\/posts"}],"about":[{"href":"https:\/\/www.mojevrijeme.hr\/magazin\/wp-json\/wp\/v2\/types\/post"}],"author":[{"embeddable":true,"href":"https:\/\/www.mojevrijeme.hr\/magazin\/wp-json\/wp\/v2\/users\/4"}],"replies":[{"embeddable":true,"href":"https:\/\/www.mojevrijeme.hr\/magazin\/wp-json\/wp\/v2\/comments?post=45676"}],"version-history":[{"count":0,"href":"https:\/\/www.mojevrijeme.hr\/magazin\/wp-json\/wp\/v2\/posts\/45676\/revisions"}],"wp:featuredmedia":[{"embeddable":true,"href":"https:\/\/www.mojevrijeme.hr\/magazin\/wp-json\/wp\/v2\/media\/45695"}],"wp:attachment":[{"href":"https:\/\/www.mojevrijeme.hr\/magazin\/wp-json\/wp\/v2\/media?parent=45676"}],"wp:term":[{"taxonomy":"category","embeddable":true,"href":"https:\/\/www.mojevrijeme.hr\/magazin\/wp-json\/wp\/v2\/categories?post=45676"},{"taxonomy":"post_tag","embeddable":true,"href":"https:\/\/www.mojevrijeme.hr\/magazin\/wp-json\/wp\/v2\/tags?post=45676"}],"curies":[{"name":"wp","href":"https:\/\/api.w.org\/{rel}","templated":true}]}}