{"id":45822,"date":"2021-03-19T12:03:06","date_gmt":"2021-03-19T11:03:06","guid":{"rendered":"https:\/\/www.mojevrijeme.hr\/magazin\/?p=45822"},"modified":"2021-03-19T12:03:10","modified_gmt":"2021-03-19T11:03:10","slug":"ponovno-se-otvara-kultno-zagrebacko-izletiste-kraljicin-zdenac","status":"publish","type":"post","link":"https:\/\/www.mojevrijeme.hr\/magazin\/2021\/03\/ponovno-se-otvara-kultno-zagrebacko-izletiste-kraljicin-zdenac\/","title":{"rendered":"Ponovno se otvara kultno zagreba\u010dko izleti\u0161te Kralji\u010din zdenac"},"content":{"rendered":"\n<p>Jedno od omiljenih izleti\u0161ta Zagrep\u010dana, Kralji\u010din zdenac, ponovno se otvara ovoga ljeta nakon \u0161to je godinama zjapio prazan i zapu\u0161ten.<\/p>\n\n\n\n<p>Birokratska zavrzlama zbog koje je Kralji\u010din zdenac bio zatvoren, pi\u0161e <a href=\"https:\/\/m.vecernji.hr\/zagreb\/u-lipnju-se-opet-otvara-kraljicin-zdenac-nudit-ce-knedle-i-strukle-1476669?utm_source=Facebook&amp;utm_medium=Status&amp;utm_content=1476669&amp;utm_campaign=FB%20page%20statusi&amp;fbclid=IwAR0A_01EpqorVVk0MLbRM4JKgcSSfXB40KUJU9beXHg7LdBXKciikUvn1XE\" target=\"_blank\" rel=\"noreferrer noopener\">Ve\u010dernji list<\/a>, napokon je zavr\u0161ena. Desetak je godina, naime, kultno izleti\u0161te na Medvednici vo\u0111eno bez odgovaraju\u0107e dokumentacije, sve dok 2016. restoranu nije stavljen klju\u010d u bravu, a tada\u0161nja je ekipa delo\u017eirana. Do lani su se vodili sudski sporovi i rje\u0161avali imovinskopravni odnosi izme\u0111u Grada i dr\u017eave, odnosno postupak povrata sukladno Zakonu o naknadi za imovinu oduzetu za vrijeme jugoslavenske komunisti\u010dke vladavine. Drugim rije\u010dima, Grad nije bio vlasnik sve dok to nije rije\u0161eno, a sad kad je napokon ra\u0161\u010di\u0161\u0107eno, Kralji\u010din je zdenac spreman za nove posjetitelje.<\/p>\n\n\n\n<p>Ponuda novog zakupca, <strong>Tea Karanu\u0161i\u0107a<\/strong>, na javnom je natje\u010daju progla\u0161ena najboljom i na njemu je sada da izleti\u0161tu vrati nekada\u0161nji sjaj i otvori ga za posjetitelje po\u010detkom ljeta. U planu ima, osim \u010di\u0161\u0107enja i drugih pothvata koje izleti\u0161te treba, urediti i dje\u010dje igrali\u0161te s ljulja\u010dkama i toboganima.<\/p><div id=\"mojev-584090021\" class=\"mojev-u-tekstu mojev-entity-placement\" style=\"margin-left: auto;margin-right: auto;text-align: center;\"><div class=\"mojev-adlabel\">oglas<\/div><div style=\"height: 250px;\"><script async src=\"https:\/\/pagead2.googlesyndication.com\/pagead\/js\/adsbygoogle.js?client=ca-pub-8106111766207173\"\r\n     crossorigin=\"anonymous\"><\/script>\r\n<!-- Prikazni 1 u tekstu -->\r\n<ins class=\"adsbygoogle\"\r\n     style=\"display:block\"\r\n     data-ad-client=\"ca-pub-8106111766207173\"\r\n     data-ad-slot=\"8535551207\"\r\n     data-ad-format=\"auto\"\r\n     data-full-width-responsive=\"true\"><\/ins>\r\n<script>\r\n     (adsbygoogle = window.adsbygoogle || []).push({});\r\n<\/script><\/div><\/div><br style=\"clear: both; display: block; float: none;\"\/>\n\n\n\n<p>&#8220;Budu\u0107i da sam ovdje odrastao, vidim i sam \u0161to ljudima treba kad se \u0161e\u0107u Sljemenom. Nema sadr\u017eaja za djecu i na tome \u0107u se bazirati. Postavit \u0107emo, naravno, i klupe za sjedenje, a sve \u0107e biti u klasi\u010dnom rustikalnom, odnosno drvenom stilu&#8221;, ka\u017ee Karanu\u0161i\u0107.<\/p>\n\n\n\n<p>Kralji\u010din zdenac ina\u010de je sna\u017ean izvor pitke vode kod potoka Kraljevca. Na tom je mjestu u 19. stolje\u0107u ure\u0111en izvor i okoli\u0161, a grof <strong>Miroslav Kulmer <\/strong>prije Drugog svjetskog rata izradio je malo umjetno jezero, odnosno ribogojili\u0161te s lugarnicom. Karanu\u0161i\u0107u je, ka\u017ee, \u017eelja urediti i to jezero, koje se nalazi pokraj poznate ku\u0107ice i koje je tijekom godina devastirano. Najprije ga planira o\u010distiti od mulja te urediti \u0161etnicu oko njega, a zatim obogatiti ribama te dovesti i patke.<\/p>\n\n\n\n<p>\u0160to se gastronomske ponude ti\u010de, u Kralji\u010dinom zdencu \u0107e na svoje do\u0107i svi ljubitelji lokalne kuhinje pa \u0107ete se tako nakon \u0161atnje ondje mo\u0107i u\u017eivati u ro\u0161tilju, \u0161truklima, \u0161trudlama i knedlama, purici s mlincima, krpicama sa zeljem, \u017egancima, tripicama, makovnja\u010dama i orahnja\u010dama.<\/p>\n\n\n\n<p>&#8220;Uz ro\u0161tilj, jela \u0107e se uglavnom bazirati na tradiciji i lokalnim proizvo\u0111a\u010dima. Voljeli bi da za pivo bude zadu\u017eena ekipa iz Medvedgrada i da imamo craft pivo, a na meniju planiramo istaknuti i od kojeg OPG-a dolaze namirnice. Volio bi da to bude jedna lijepa, topla pri\u010da i da Kralji\u010din zdenac ponovno postane mjesto na koje obitelji dolaze na izlet&#8221;, rekao je Karanu\u0161i\u0107 za portal <a rel=\"noreferrer noopener\" href=\"https:\/\/www.jutarnji.hr\/dobrahrana\/price\/ovog-ljeta-ponovno-se-otvara-izletiste-i-restoran-kraljicin-zdenac-saznali-smo-detalje-15058793?fbclid=IwAR0OtYSpwexm3K-lVn71Bw3Mj7VkUB5eDF58QExBruhqApBtOzLQ6ihK_Uc\" target=\"_blank\">Dobra hrana<\/a>. Sve novosti vezane uz izleti\u0161te mo\u017eete pratiti na Facebook stranici <a rel=\"noreferrer noopener\" href=\"https:\/\/www.facebook.com\/Izleti%C5%A1te-Kralji%C4%8Din-Zdenac-536628543922771\/?ref=page_internal\" target=\"_blank\">Kralji\u010din zdenac<\/a>.<\/p>\n<div id=\"mojev-2174645121\" class=\"mojev-kraj-teksta mojev-entity-placement\" style=\"margin-bottom: 20px;margin-left: auto;margin-right: auto;text-align: center;\"><div class=\"mojev-adlabel\">oglas<\/div><div style=\"height: 250px;\"><script async src=\"https:\/\/pagead2.googlesyndication.com\/pagead\/js\/adsbygoogle.js?client=ca-pub-8106111766207173\"\r\n     crossorigin=\"anonymous\"><\/script>\r\n<!-- Display-1 -->\r\n<ins class=\"adsbygoogle\"\r\n     style=\"display:block\"\r\n     data-ad-client=\"ca-pub-8106111766207173\"\r\n     data-ad-slot=\"1465712950\"\r\n     data-ad-format=\"auto\"\r\n     data-full-width-responsive=\"true\"><\/ins>\r\n<script>\r\n     (adsbygoogle = window.adsbygoogle || []).push({});\r\n<\/script><\/div><\/div>","protected":false},"excerpt":{"rendered":"<p>Nakon \u0161to je godinama zjapilo prazno i napu\u0161teno, omiljeno izleti\u0161te ovoga ljeta kre\u0107e u nov \u017eivot. <\/p>\n","protected":false},"author":4,"featured_media":45860,"comment_status":"closed","ping_status":"closed","sticky":false,"template":"","format":"standard","meta":{"footnotes":""},"categories":[2],"tags":[2642,2640,2641,39],"class_list":["post-45822","post","type-post","status-publish","format-standard","has-post-thumbnail","hentry","category-mozaik","tag-izletiste","tag-kraljicin-zdenac","tag-medvednica","tag-zagreb"],"_links":{"self":[{"href":"https:\/\/www.mojevrijeme.hr\/magazin\/wp-json\/wp\/v2\/posts\/45822","targetHints":{"allow":["GET"]}}],"collection":[{"href":"https:\/\/www.mojevrijeme.hr\/magazin\/wp-json\/wp\/v2\/posts"}],"about":[{"href":"https:\/\/www.mojevrijeme.hr\/magazin\/wp-json\/wp\/v2\/types\/post"}],"author":[{"embeddable":true,"href":"https:\/\/www.mojevrijeme.hr\/magazin\/wp-json\/wp\/v2\/users\/4"}],"replies":[{"embeddable":true,"href":"https:\/\/www.mojevrijeme.hr\/magazin\/wp-json\/wp\/v2\/comments?post=45822"}],"version-history":[{"count":0,"href":"https:\/\/www.mojevrijeme.hr\/magazin\/wp-json\/wp\/v2\/posts\/45822\/revisions"}],"wp:featuredmedia":[{"embeddable":true,"href":"https:\/\/www.mojevrijeme.hr\/magazin\/wp-json\/wp\/v2\/media\/45860"}],"wp:attachment":[{"href":"https:\/\/www.mojevrijeme.hr\/magazin\/wp-json\/wp\/v2\/media?parent=45822"}],"wp:term":[{"taxonomy":"category","embeddable":true,"href":"https:\/\/www.mojevrijeme.hr\/magazin\/wp-json\/wp\/v2\/categories?post=45822"},{"taxonomy":"post_tag","embeddable":true,"href":"https:\/\/www.mojevrijeme.hr\/magazin\/wp-json\/wp\/v2\/tags?post=45822"}],"curies":[{"name":"wp","href":"https:\/\/api.w.org\/{rel}","templated":true}]}}