{"id":46064,"date":"2021-03-25T12:16:57","date_gmt":"2021-03-25T11:16:57","guid":{"rendered":"https:\/\/www.mojevrijeme.hr\/magazin\/?p=46064"},"modified":"2021-04-06T10:44:14","modified_gmt":"2021-04-06T08:44:14","slug":"klub-mariska-je-bas-kao-i-zena-cije-ime-nosi-zabavan-i-uvijek-spreman-pomoci","status":"publish","type":"post","link":"https:\/\/www.mojevrijeme.hr\/magazin\/2021\/03\/klub-mariska-je-bas-kao-i-zena-cije-ime-nosi-zabavan-i-uvijek-spreman-pomoci\/","title":{"rendered":"Klub Mari\u0161ka je, ba\u0161 kao i \u017eena \u010dije ime nosi, zabavan i uvijek spreman pomo\u0107i"},"content":{"rendered":"\n<p>Ime <strong>Mari\u0161ke Holoubek Funjak<\/strong> mo\u017eda ne\u0107e biti poznato u svim krajevima Hrvatske, no \u017eitelji Koprivnice itekako dobro znaju tko je ona. Ova glazbenica ma\u0111arskog porijekla svirala je s brojnim profesionalnim i amaterskim glazbenicima i pou\u010davala mlade, a svoju najve\u0107u popularnost stekla je u sastavu &#8220;Mari\u0161ka band&#8221;. <\/p>\n\n\n\n<p>No osim glazbe, Mari\u0161ka je imala jo\u0161 jednu strast: nesebi\u010dno pomaganje drugima. Mari\u0161ka je umrla 1993. godine u dobi od 90 godina, a sje\u0107anje na nju u Koprivnici je i dalje vrlo \u017eivo i to ponajprije zahvaljuju\u0107i Klubu za starije osobe &#8220;Mari\u0161ka&#8221; kojeg su 2002. godine osnovali zaposlenici Doma za starije i nemo\u0107ne osobe Koprivnica, u \u010dijim prostorima Klub djeluje.<\/p>\n\n\n\n<p>&#8220;Na\u0161 cilj je okupljanje osoba starije \u017eivotne dobi i osmi\u0161ljavanja aktivnosti za \u0161to kvalitetnije provo\u0111enje njihova slobodnog vremena&#8221;, rekla nam je <strong>Valentina \u010ca\u0111avec<\/strong> iz Kluba &#8220;Mari\u0161ka&#8221;. &#8220;Klub je osnovan u \u010dast i sje\u0107anje na legendarnu baku Mari\u0161ku, koja je svojom energijom i ljubavlju prema \u017eivotu pokazala kako je i starost \u017eivotno doba koje se mo\u017ee pro\u017eivjeti na aktivan i zdrav na\u010din.&#8221;<\/p><div id=\"mojev-3153743496\" class=\"mojev-u-tekstu mojev-entity-placement\" style=\"margin-left: auto;margin-right: auto;text-align: center;\"><div class=\"mojev-adlabel\">oglas<\/div><div style=\"height: 250px;\"><script async src=\"https:\/\/pagead2.googlesyndication.com\/pagead\/js\/adsbygoogle.js?client=ca-pub-8106111766207173\"\r\n     crossorigin=\"anonymous\"><\/script>\r\n<!-- Prikazni 1 u tekstu -->\r\n<ins class=\"adsbygoogle\"\r\n     style=\"display:block\"\r\n     data-ad-client=\"ca-pub-8106111766207173\"\r\n     data-ad-slot=\"8535551207\"\r\n     data-ad-format=\"auto\"\r\n     data-full-width-responsive=\"true\"><\/ins>\r\n<script>\r\n     (adsbygoogle = window.adsbygoogle || []).push({});\r\n<\/script><\/div><\/div><br style=\"clear: both; display: block; float: none;\"\/>\n\n\n\n<p>Doista, Klub provodi niz aktivnosti vezanih uz osmi\u0161ljavanje, organiziranje i provo\u0111enje programa i projekata usmjerenih na pobolj\u0161anje kvalitete \u017eivota starijih osoba, ali i drugih skupina u riziku od socijalne isklju\u010denosti. Tu su razne sportsko-rekreativne, kulturno-umjetni\u010dke, kreativne, dru\u0161tvene, zabavne i sli\u010dne aktivnosti, a organiziraju se i stru\u010dna predavanja iz podru\u010dja gerontologije, socijalne i zdravstvene za\u0161tite, zatim programi cjelo\u017eivotnog u\u010denja i sli\u010dno.<\/p>\n\n\n\n<h3 class=\"wp-block-heading\">Rad, ali i dru\u017eenje<\/h3>\n\n\n\n<p>Na\u017ealost, epidemija COVID-19 malo je zaustavila i usporila aktivnosti Kluba, ali nekih &#8211; i to vrlo zanimljivih &#8211; djelatnosti i dalje ima. Jedna od takvih je i kreativna radionica ovih dana posve\u0107ena prolje\u0107u i nadolaze\u0107em Uskrsu. Porazgovarali smo s nekima od polaznica koje su nam ispri\u010dale \u0161to rade na radionicama.<\/p>\n\n\n\n<p>&#8220;O, radimo vam mi sva\u0161ta! Sad radimo uskrsno, radili smo proljetno\u2026 Sad nas je ta korona malo sprije\u010dila da ostvarimo neke stvari, ali ne damo se. Zbog toga smo se iz na\u0161ih uobi\u010dajenih prostorija preselili u Dom mladih gdje ima vi\u0161e mjesta&#8221;, ka\u017ee nam gospo\u0111a <strong>Milica Me\u0111ure\u010dan<\/strong>.<\/p>\n\n\n\n<p>&#8220;Radili smo sad za prolje\u0107e suncokrete, zumbule\u2026 Radimo uskrsne \u010destitke, ko\u0161arice od \u0161page, pisanice ra\u0111ene tehnikom <em>decupagea<\/em>, puno svakakvih stvari. Radimo i puno neobi\u010dnih stvari koje se na drugim radionicama ba\u0161 ne rade. Sad kad govorimo o ovim uskrsnim stvarima, ja najvi\u0161e volim oslikavanje ljuske jajeta. To je jako precizan posao, ali jako lijep. Na jednom jajetu vi imate \u010dak \u0161est razli\u010ditih postupaka. Na\u0161e radove smo izlagali u Domu. Ondje su se neke od tih stvari mogle i kupiti, ali sad to vi\u0161e ne radimo. Okupljamo se najvi\u0161e radi dru\u017eenja,a ne toliko radi proizvodnje stvari za prodaju. Predmete koje napravimo naj\u010de\u0161\u0107e poklonimo, a \u010destitke se \u0161alju prijateljima i rodbini&#8221;, ka\u017ee gospo\u0111a Milica.<\/p>\n\n\n\n<p>No osim kreativnog i zanimljivog rada, kao izuzetno va\u017eno isti\u010de jo\u0161 ne\u0161to. &#8220;Nama ovakva dru\u017eenja jako puno zna\u010de. Svi smo sad ve\u0107 starije osobe i dugo sudjelujemo u aktivnostima Mari\u0161ki. Okupljamo se i radi dru\u017eenja, barem jednako toliko i koliko zbog samog rada. Ja sam vam najstarija me\u0111u Mari\u0161kama &#8211; i po godinama i po tome koliko ve\u0107 dugo idem u Klub. Jako mi to puno zna\u010di, puno se \u0161alimo, nekad idemo i na kavu. Dru\u017eimo se i ta dva dana tjedno jako su nam va\u017ena. No uz dru\u017eenje puno i napravimo \u0161to je jako korisno jer tako uvijek imamo neki spreman poklon\u010di\u0107 kad nam netko do\u0111e i tako. To je, kako mi volimo re\u0107i, ba\u0161 na\u0161e vrijeme pod ove stare dane&#8221;, ka\u017ee gospo\u0111a Milica.<\/p>\n\n\n\n<iframe loading=\"lazy\" src=\"https:\/\/www.facebook.com\/plugins\/post.php?href=https%3A%2F%2Fwww.facebook.com%2FKlubZaStarijeOsobeMariska%2Fphotos%2Fa.920327878020565%2F3677579392295386%2F&amp;width=740&amp;show_text=false&amp;appId=702830876459350&amp;height=412\" width=\"740\" height=\"412\" style=\"border:none;overflow:hidden\" scrolling=\"no\" frameborder=\"0\" allowfullscreen=\"true\" allow=\"autoplay; clipboard-write; encrypted-media; picture-in-picture; web-share\"><\/iframe>\n\n\n\n<p>Sli\u010dno razmi\u0161lja jo\u0161 jedna &#8220;Mari\u0161ka&#8221;, gospo\u0111a <strong>Ivka Rogulji\u0107<\/strong>. &#8220;Otkako sam do\u0161la u mirovinu, puno mi zna\u010di \u0161to se mogu dru\u017eiti s ljudima koje nisu bile u mojem okru\u017eenju dok sam radila i da mi je lijepo s njima&#8221;, ka\u017ee nam. &#8220;Puno razgovaramo, puno toga novog \u010dujemo, a osim toga i radimo. Uvijek je to ne\u0161to prigodno: za Bo\u017ei\u0107, Uskrs, Valentinovo. Za raznorazne prigode. No dru\u017eenje je tu ipak najva\u017enije. Pogotovo sad u ovo vrijeme. Vidi se da nam je to jako falilo. Nismo jo\u0161 uvijek sve na broju, manje nas je, uvijek netko zbog ne\u010dega ne mo\u017ee do\u0107i. A i vi\u0161e se \u010duvamo u ovim danima korone. Ali opet, kad iza\u0111e\u0161 i podru\u017ei\u0161 se s ostalim polaznicama, lak\u0161e ti je pri du\u0161i&#8221;, ka\u017ee gospo\u0111a Ivka.<\/p>\n\n\n\n<p>&#8220;Prije se nisam bavila ba\u0161 ovakvim stvarima, ali ru\u010dni rad volim od malena. U\u010dili smo ga i u \u0161koli. No ove tehnike koje mi koristimo u Mari\u010dkama nikad prije nisam probala, a neke od njih nikad prije nisam ni vidjela. Meni je omiljena tehnika \u0161ivanje na papiru. Sad smo na taj na\u010din radili pisanice, razne ukrase i proljetno cvije\u0107e. To mi je omiljeno. Ono lijepljenje ba\u0161 i ne volim jer je pomalo packavo, zmazano. Stvarno moram pohvaliti djevojke koje nas vode. One se silno trude da nam poka\u017eu sve novo tako da je stvarno zanimljivo i jako u\u017eivamo&#8221;, govori nam Ivka.<\/p>\n\n\n\n<h3 class=\"wp-block-heading\">Veliki interes za radionice<\/h3>\n\n\n\n<p>A jedna od voditeljica kreativnih radionica Kluba Mari\u0161ka je <strong>Andrea Klen<\/strong> koja ka\u017ee kako je veseli velik interes polaznica. &#8220;Na te radionica nam obi\u010dno dolazi od osam do 12 \u017eena. Vrlo su redovite. Izra\u0111ujemo ukrase i predmete vezane uz godi\u0161nja doba ili neke posebne datume i blagdane, primjerice proljetne i uskr\u0161nje, pa onda zimske i bo\u017ei\u0107ne, pa za Valentinovo i tako. Izra\u0111ivali smo sve i sva\u0161ta: ukrasne aran\u017emane za stol ili vjen\u010di\u0107e za vrata, jaja u raznim tehnikama, ukrasne ze\u010di\u0107e, \u010destitke i sli\u010dno&#8221;, opisuje nam Andrea.<\/p>\n\n\n\n<p>&#8220;Naj\u010de\u0161\u0107e tehnike su rad sa salvetama, ili tzv. kviling kad se papir re\u017ee na tanke trake i onda se te trake posebnom iglom fr\u010du i onda se od tog papira mo\u017ee napraviti sva\u0161ta: cvije\u0107e, listovi, jaja, ze\u010devi. Ba\u0161 tu tehniku na\u0161i polaznici jako vole. \u010cestitke \u010desto i \u0161ivamo na na\u010din da se papir izbode i ukrasi koncem. To izgleda stvarno prekrasno i to sve budu jako zanimljivi unikatni radovi&#8221;, hvali Andrea trud i kreativnost svojih polaznica.<\/p>\n\n\n\n<p>&#8220;\u0160to se Uskrsa ti\u010de, to obi\u010dno krene ve\u0107 krajem prvog mjeseca tako da smo sada s time sad ve\u0107 i pri kraju. Organizirali smo i prigodnu prodaju izra\u0111enih predmeta sad za svetog Josipa u kapelici u domu, to oni zovu &#8216;pro\u0161\u0107enje&#8217;, pa svi korisnici doma mogu kupiti neku sitnicu za svoje najmilije. Prije korone nam je dolazilo i dosta ljudi izvana, no sada je to zbog epidemije sve malo stalo&#8221;, ka\u017ee Andrea.<\/p>\n\n\n\n<iframe loading=\"lazy\" src=\"https:\/\/www.facebook.com\/plugins\/post.php?href=https%3A%2F%2Fwww.facebook.com%2FKlubZaStarijeOsobeMariska%2Fphotos%2Fa.920327878020565%2F3674675552585770%2F&amp;width=740&amp;show_text=false&amp;appId=702830876459350&amp;height=412\" width=\"740\" height=\"412\" style=\"border:none;overflow:hidden\" scrolling=\"no\" frameborder=\"0\" allowfullscreen=\"true\" allow=\"autoplay; clipboard-write; encrypted-media; picture-in-picture; web-share\"><\/iframe>\n\n\n\n<p>&#8220;Na\u0161e polaznice se jako rado dolaze. Tijekom ljeta, u najtoplijem periodu, napravimo stanku i onda svi stalno pitaju kad \u0107e biti ponovno. Osim \u0161to se kreativno izra\u017eavaju, oni se i dru\u017ee i mislim daje to najzna\u010dajniji dio svega. Sklopljena su neka nova prijateljstva, dru\u017ee se privatno i nakon radionica tako da je taj dru\u0161tveni dio mo\u017eda i najva\u017eniji. Uglavnom, jako su si me\u0111usobno dobe i uvijek je vesela atmosfera. \u010cesto se smijemo, ba\u0161 kao obitelj. \u010cim jedne nema, odmah nam nedostaje. No uz to su i vrijedne i puno rade. Zbog svega toga je i nama voditeljima jako drago do\u0107i na radionice&#8221;, ka\u017ee Andrea.<\/p>\n\n\n\n<h3 class=\"wp-block-heading\">Klub pomo\u0107i i podr\u0161ke<\/h3>\n\n\n\n<p>Va\u017eno je naglasiti da Klub Mari\u0161ka nije samo klub zabave i dru\u017eenja. Svojim korisnicima pru\u017ea savjetodavnu pomo\u0107 i podr\u0161ku, prati stanje ljudskih prava, naro\u010dito prava starijih osoba.<\/p>\n\n\n\n<p>&#8220;Poduzimamo i akcije i inicijative vezane uz promicanje ljudskih prava i socijalne pravde, organiziramo tribine, okrugle stolove i druge stru\u010dne skupove vezane uz razvoj civilnog dru\u0161tva, promociju dru\u0161tvene solidarnosti, razvoj socijalne djelatnosti, za\u0161tite zdravlja i drugih podru\u010dja od interesa Kluba&#8221;, poja\u0161njava nam Valentina \u010ca\u0111avec.<\/p>\n\n\n\n<p>Klub izdaje i publikacije poput \u010dasopisa, vodi\u010da i bro\u0161ura iz podru\u010dja djelatnosti Kluba, a provode i istra\u017eivanja vezana uz procjenu stanja i probleme starije populacije, sudjeluje u javnom zagovaranju te predla\u017ee izmjene i dopune zakona i propisa, u interesu pobolj\u0161anja dru\u0161tvene brige i skrbi za starije osobe.<\/p>\n\n\n\n<p>&#8220;Jedna od glavnih aktivnosti Kluba vezana je uz organiziranje, pru\u017eanje i razvijanje socijalnih usluga u \u010demu valja istaknuti projekte pomo\u0107i u ku\u0107i, usluge prijevoza, kao i drugih usluga i pomo\u0107i iz podru\u010dja socijalne djelatnosti&#8221;, ka\u017ee Valentina.<\/p>\n\n\n\n<p>Klub za starije osobe \u201cMari\u0161ka\u201d korisnik je institucionalne podr\u0161ke Nacionalne zaklade za razvoj civilnog dru\u0161tva za stabilizaciju i\/ili razvoj udruge, a neki projekti poput projekta &#8220;Ruka podr\u0161ke&#8221; provodi se u sklopu Poziva \u201eZa\u017eeli \u2013 program zapo\u0161ljavanja \u017eena\u201c , koji je financiran u okviru Operativnog programa U\u010dinkoviti ljudski potencijali iz sredstava Europskog socijalnog fonda.<\/p>\n\n\n\n<div id=\"sivo\"><\/p>\n\n\n\n<h3 class=\"wp-block-heading\">Tko je bila Mari\u0161ka Holoubek Funjak?<\/h3>\n\n\n\n<p>Mari\u0161ka Holoubek Funjak (Szariszap, Ma\u0111arska 1904. &#8211; Koprivnica, 3. o\u017eujka 1993.) &#8211; hrvatska je glazbenica najpoznatija kao \u010dlanica glazbenog sastava &#8220;Mari\u0161ka band&#8221; Otac joj je bio \u010ceh i violinist u vojnom orkestru, a majka Ma\u0111arica. <\/p>\n\n\n\n<p>Otac je Mari\u0161ku ve\u0107 od pete godine u\u010dio svirati razne glazbene instrumente. Obitelj se u Mari\u0161kinoj ranoj mladosti preselila u Koprivnicu, a djevoj\u010dica je u Zagrebu upisala srednju glazbenu \u0161kolu gdje je u\u010dila svirati violinu. No Mari\u0161kin glazbeni talent bio je doista izniman pa je nau\u010dila je svirati i klavir i harmoniku. <\/p>\n\n\n\n<p>Samo sviranje nije joj bilo dovoljno ve\u0107 je svoje znanje nesebi\u010dno dijelila s mla\u0111im generacijama. Naime, desetlje\u0107ima je besplatno pou\u010davala sviranje tih triju instrumenata i tako odgojila je velik broj glazbenika, od kojih su neki ostvarili i zavidne karijere.<\/p>\n\n\n\n<p>Mari\u0161ka se aktivno po\u010dela baviti glazbom i nastupati tek u zrelim godinama. 1960. godine po\u010dela je nastupati diljem tada\u0161nje zemlje u sklopu raznih glazbenih sastava na \u010dijem su repertoaru uglavnom bile podravske pjesme. Po\u010detkom osamdesetih godina pro\u0161log stolje\u0107a osnovala je glazbeni sastav &#8220;Mari\u0161ka band&#8221; koji je stekao veliku popularnost. Svirali su podravsku glazbu nadahnutu ameri\u010dkom <em>country<\/em> glazbom te \u0161lagere i evergrine. Sastav je postojao oko 7 godina, tijekom kojih su odr\u017eali oko 50 koncerata u Hrvatskoj i Sloveniji.<\/p>\n\n\n\n<p>O &#8220;Mari\u0161ka bandu&#8221;, hrvatski re\u017eiser Petar Krelja snimio je istoimeni dokumentarni film 1985. godine, koji je osvojio mnoge nagrade i postao klasik hrvatskog dokumentarnog filma.<\/p>\n\n\n\n<p>Mari\u0161ka je svirala i pou\u010davala mlade do kraja svog \u017eivota. \u017divjela je u sredi\u0161tu Koprivnice, a preminula je u 90. godini \u017eivota u domu umirovljenika u Koprivnici.<\/p>\n\n\n\n<figure class=\"wp-block-embed is-type-video is-provider-youtube wp-block-embed-youtube wp-embed-aspect-4-3 wp-has-aspect-ratio\"><div class=\"wp-block-embed__wrapper\">\n<iframe loading=\"lazy\" title=\"Mari\u0161ka i Vrban\" width=\"740\" height=\"555\" src=\"https:\/\/www.youtube.com\/embed\/_Y5qtiPG0qg?feature=oembed\" frameborder=\"0\" allow=\"accelerometer; autoplay; clipboard-write; encrypted-media; gyroscope; picture-in-picture\" allowfullscreen><\/iframe>\n<\/div><\/figure>\n\n\n\n<p><\/div>\n\n\n\n<div id=\"blokovi\"><img decoding=\"async\" src=\"https:\/\/www.mojevrijeme.hr\/magazin\/wp-content\/uploads\/2020\/09\/esf-lenta.jpg\">\nOvaj prilog objavljen je u sklopu projekta \u201cNovo vrijeme\u201d. Projekt je sufinancirala\nEuropska unija sredstvima Europskog socijalnog fonda. Sadr\u017eaj priloga isklju\u010diva\nje odgovornost Udruge Ho\u0107u stranicu.<\/div>\n<div id=\"mojev-299997368\" class=\"mojev-kraj-teksta mojev-entity-placement\" style=\"margin-bottom: 20px;margin-left: auto;margin-right: auto;text-align: center;\"><div class=\"mojev-adlabel\">oglas<\/div><div style=\"height: 250px;\"><script async src=\"https:\/\/pagead2.googlesyndication.com\/pagead\/js\/adsbygoogle.js?client=ca-pub-8106111766207173\"\r\n     crossorigin=\"anonymous\"><\/script>\r\n<!-- Display-1 -->\r\n<ins class=\"adsbygoogle\"\r\n     style=\"display:block\"\r\n     data-ad-client=\"ca-pub-8106111766207173\"\r\n     data-ad-slot=\"1465712950\"\r\n     data-ad-format=\"auto\"\r\n     data-full-width-responsive=\"true\"><\/ins>\r\n<script>\r\n     (adsbygoogle = window.adsbygoogle || []).push({});\r\n<\/script><\/div><\/div>","protected":false},"excerpt":{"rendered":"<p>Ba\u0161 kao \u0161to je Mari\u0161ka bila neobi\u010dna i zanimljiva \u017eena, tako je i klub iz Koprivnice koji nosi njezino ime omiljeno mjesto dru\u017eenja, ali i pomo\u0107i onima kojima je pomo\u0107 najpotrebnija. <\/p>\n","protected":false},"author":4,"featured_media":46067,"comment_status":"closed","ping_status":"closed","sticky":false,"template":"","format":"standard","meta":{"footnotes":""},"categories":[85],"tags":[1155,1643,2339],"class_list":["post-46064","post","type-post","status-publish","format-standard","has-post-thumbnail","hentry","category-aktivno-starenje","tag-koprivnica","tag-kreativnost","tag-novo-vrijeme"],"_links":{"self":[{"href":"https:\/\/www.mojevrijeme.hr\/magazin\/wp-json\/wp\/v2\/posts\/46064","targetHints":{"allow":["GET"]}}],"collection":[{"href":"https:\/\/www.mojevrijeme.hr\/magazin\/wp-json\/wp\/v2\/posts"}],"about":[{"href":"https:\/\/www.mojevrijeme.hr\/magazin\/wp-json\/wp\/v2\/types\/post"}],"author":[{"embeddable":true,"href":"https:\/\/www.mojevrijeme.hr\/magazin\/wp-json\/wp\/v2\/users\/4"}],"replies":[{"embeddable":true,"href":"https:\/\/www.mojevrijeme.hr\/magazin\/wp-json\/wp\/v2\/comments?post=46064"}],"version-history":[{"count":0,"href":"https:\/\/www.mojevrijeme.hr\/magazin\/wp-json\/wp\/v2\/posts\/46064\/revisions"}],"wp:featuredmedia":[{"embeddable":true,"href":"https:\/\/www.mojevrijeme.hr\/magazin\/wp-json\/wp\/v2\/media\/46067"}],"wp:attachment":[{"href":"https:\/\/www.mojevrijeme.hr\/magazin\/wp-json\/wp\/v2\/media?parent=46064"}],"wp:term":[{"taxonomy":"category","embeddable":true,"href":"https:\/\/www.mojevrijeme.hr\/magazin\/wp-json\/wp\/v2\/categories?post=46064"},{"taxonomy":"post_tag","embeddable":true,"href":"https:\/\/www.mojevrijeme.hr\/magazin\/wp-json\/wp\/v2\/tags?post=46064"}],"curies":[{"name":"wp","href":"https:\/\/api.w.org\/{rel}","templated":true}]}}