{"id":462,"date":"2014-03-29T06:46:00","date_gmt":"2014-03-29T05:46:00","guid":{"rendered":"http:\/\/mojevrijeme.hr\/?p=462"},"modified":"2023-05-14T13:11:17","modified_gmt":"2023-05-14T11:11:17","slug":"zivot-u-umirovljenickom-domu","status":"publish","type":"post","link":"https:\/\/www.mojevrijeme.hr\/magazin\/2014\/03\/zivot-u-umirovljenickom-domu\/","title":{"rendered":"\u017divot u umirovljeni\u010dkom domu"},"content":{"rendered":"<p>Kako izgleda \u017eivot u domu umirovljenika? Je li vi\u0161e nalik boravku ukakvom ljetnom odmarali\u0161tu ili tek \u010dekaonici za finalno putovanje? Uz pretpostavku da si ga mo\u017eete priu\u0161titi, kakav doista mo\u017ee biti \u017eivot u domu?<\/p>\n<p><span style=\"line-height: 1.5em;\">Kako bismo doznali, posjetili smo <strong>Dom umirovljenika Tre\u0161njevka<\/strong> smje\u0161ten u velikoj ciglastoj zgradi iz 1981. godine, posve nalik na odmarali\u0161ta ili hotelske komplekse iz istog razdoblja. Dakako, organizacija prostora prilago\u0111ena je korisnicima \u0161to otkriva da ipak nije rije\u010d o odmarali\u0161tu, ali da bi \u017eivot u njemu svakako mogao biti kao na kakvom zaslu\u017eenom odmoru, potvr\u0111uju nam u razgovoru gospodin <strong>Ljerko<\/strong>\u00a0i gospo\u0111a <strong>Tereza<\/strong>, korisnici Doma.<\/span><\/p>\n<p>Gospodin Ljerko i gospo\u0111a Tereza, nevjen\u010dani supru\u017enici, ljubazno su nas ugostili u svojem apartmanu na tre\u0107em katu doma. Lijepa garsonijera s kupaonicom i terasom okrenutom na zapad, ispunjena je dragim predmetima, cvije\u0107em i ljubavlju.<\/p><div id=\"mojev-40529744\" class=\"mojev-u-tekstu mojev-entity-placement\" style=\"margin-left: auto;margin-right: auto;text-align: center;\"><div class=\"mojev-adlabel\">oglas<\/div><div style=\"height: 250px;\"><script async src=\"https:\/\/pagead2.googlesyndication.com\/pagead\/js\/adsbygoogle.js?client=ca-pub-8106111766207173\"\r\n     crossorigin=\"anonymous\"><\/script>\r\n<!-- Prikazni 1 u tekstu -->\r\n<ins class=\"adsbygoogle\"\r\n     style=\"display:block\"\r\n     data-ad-client=\"ca-pub-8106111766207173\"\r\n     data-ad-slot=\"8535551207\"\r\n     data-ad-format=\"auto\"\r\n     data-full-width-responsive=\"true\"><\/ins>\r\n<script>\r\n     (adsbygoogle = window.adsbygoogle || []).push({});\r\n<\/script><\/div><\/div><br style=\"clear: both; display: block; float: none;\"\/>\n<div id=\"attachment_463\" style=\"width: 646px\" class=\"wp-caption alignnone\"><img loading=\"lazy\" decoding=\"async\" aria-describedby=\"caption-attachment-463\" class=\"size-medium wp-image-463\" src=\"http:\/\/mojevrijeme.hr\/magazin\/wp-content\/uploads\/2014\/03\/ruze-636x352.jpg\" alt=\"foto: mojevrijeme.hr\" width=\"636\" height=\"352\" srcset=\"https:\/\/www.mojevrijeme.hr\/magazin\/wp-content\/uploads\/2014\/03\/ruze-636x352.jpg 636w, https:\/\/www.mojevrijeme.hr\/magazin\/wp-content\/uploads\/2014\/03\/ruze.jpg 740w\" sizes=\"auto, (max-width: 636px) 100vw, 636px\" \/><p id=\"caption-attachment-463\" class=\"wp-caption-text\">foto: mojevrijeme.hr<\/p><\/div>\n<p>&#8220;Da, imali smo sre\u0107e da smo se na\u0161li. Zajedno smo ve\u0107 12 godina&#8221;, otkriva nam gospodin Ljerko.<\/p>\n<p>&#8220;Lijepo nam je&#8221;, dodaje gospo\u0111a Tereza.<\/p>\n<p>Na\u0161i nam sugovornici pri\u010daju kako njima \u017eivot u domu odgovara.<\/p>\n<p>&#8220;Smje\u0161taj pru\u017ea svu udobnost vlastitog doma, a o hrani, ve\u0161u i re\u017eijama brine netko drugi&#8221;, \u0161ale se.<\/p>\n<p>&#8220;Naravno, sve ovisi o tome koliko si zdrav. Ali to je i ina\u010de tako&#8221;, dodaju.<\/p>\n<p>Osim smje\u0161tajnih jedinica, korisnicima doma dostupne su i zajedni\u010dke prostorije poput \u010dajne kuhinje, dru\u0161tvenih prostorija i sli\u010dnog. Prednost domova umirovljenika je da, osim prehrane i smje\u0161taja, osiguravaju i kompletnu brigu o zdravlju i usluge socijalnog rada, higijenu prostora i pranje i gla\u010danje rublja te nudi niz dodatnih aktivnosti.<\/p>\n<p>&#8220;Imamo puno aktivnosti u domu&#8221;, kazuje nam gospo\u0111a Tereza. &#8220;Ja idem na gimnastiku koja mi puno poma\u017ee.&#8221;<\/p>\n<div id=\"attachment_465\" style=\"width: 646px\" class=\"wp-caption alignnone\"><img loading=\"lazy\" decoding=\"async\" aria-describedby=\"caption-attachment-465\" class=\"size-medium wp-image-465 \" src=\"http:\/\/mojevrijeme.hr\/magazin\/wp-content\/uploads\/2014\/03\/ljerko-636x352.jpg\" alt=\"Gospo\u0111a Tereza i gospodine Ljerko (foto: mojevrijeme.hr)\" width=\"636\" height=\"352\" srcset=\"https:\/\/www.mojevrijeme.hr\/magazin\/wp-content\/uploads\/2014\/03\/ljerko-636x352.jpg 636w, https:\/\/www.mojevrijeme.hr\/magazin\/wp-content\/uploads\/2014\/03\/ljerko.jpg 740w\" sizes=\"auto, (max-width: 636px) 100vw, 636px\" \/><p id=\"caption-attachment-465\" class=\"wp-caption-text\">Gospo\u0111a Tereza i gospodin Ljerko (foto: mojevrijeme.hr)<\/p><\/div>\n<p><span style=\"line-height: 1.5em;\">Osim gimnastike tu su i kreativne radionice, pjeva\u010dki zbor &#8216;Tre\u0161njeva\u010dki ki\u0161obrani&#8217;, glazbena slu\u0161aonica, dramska grupa ali i knji\u017eevni klub &#8216;Tin&#8217; te Knji\u017enica s preko 3000 naslova. U Domu djeluje i klub ljubitelja cvije\u0107a koji svake godine organizira izbor najljep\u0161eg balkona u Domu. Jednom mjese\u010dno u Domu se organizira proslava ro\u0111endana svih ro\u0111enih u tom mjesecu.<\/span><\/p>\n<p><span style=\"line-height: 1.5em;\">&#8220;Dom nudi doista mnogo aktivnosti, \u010dak i neke stvari koje ina\u010de ne biste probali&#8221;, govori nam gospodin Ljerko.\u00a0<\/span><span style=\"line-height: 1.5em;\">&#8220;No, na kraju sve ovisi o tome koliko se netko \u017eeli uklju\u010diti. Mi smo dosta aktivni i izvan Doma. Puno putujemo, a prije mojih problema s nogom smo i planinarili.&#8221;<\/span><\/p>\n<p>Tereza i Ljerko redovito idu u kazali\u0161te i na ples.\u00a0&#8220;Ple\u0161emo skoro svaki vikend u Udruzi penzionera &#8216;Stara Tre\u0161njevka&#8217;. Volimo se dru\u017eiti i u\u017eivamo u tome.&#8221;<\/p>\n<p><span style=\"line-height: 1.5em;\">\u017divot u domu doista ima brojne prednosti: ne morate vi\u0161e brinuti o kuhanju, pranju, \u010di\u0161\u0107enju, osigurana vam je zdravstvena za\u0161tita i, ako zdravlje dopusti, slobodni ste u\u017eivati u \u017eivotu. Slika o domovima kao posljednjim odredi\u0161tima, pomalo se mijenja. Dom itekako mo\u017ee biti mjesto zabave i opu\u0161tanja. Ba\u0161 kao da ste na godi\u0161njem odmoru.<\/span><\/p>\n<div id=\"mojev-3967902214\" class=\"mojev-kraj-teksta mojev-entity-placement\" style=\"margin-bottom: 20px;margin-left: auto;margin-right: auto;text-align: center;\"><div class=\"mojev-adlabel\">oglas<\/div><div style=\"height: 250px;\"><script async src=\"https:\/\/pagead2.googlesyndication.com\/pagead\/js\/adsbygoogle.js?client=ca-pub-8106111766207173\"\r\n     crossorigin=\"anonymous\"><\/script>\r\n<!-- Display-1 -->\r\n<ins class=\"adsbygoogle\"\r\n     style=\"display:block\"\r\n     data-ad-client=\"ca-pub-8106111766207173\"\r\n     data-ad-slot=\"1465712950\"\r\n     data-ad-format=\"auto\"\r\n     data-full-width-responsive=\"true\"><\/ins>\r\n<script>\r\n     (adsbygoogle = window.adsbygoogle || []).push({});\r\n<\/script><\/div><\/div>","protected":false},"excerpt":{"rendered":"<p>\u017divot u domu doista ima brojne prednosti: ne morate vi\u0161e brinuti o kuhanju, pranju, \u010di\u0161\u0107enju, osigurana vam je zdravstvena za\u0161tita i, ako zdravlje dopusti, slobodni ste u\u017eivati u \u017eivotu. Slika o domovima kao posljednjim odredi\u0161tima, pomalo se mijenja. Dom itekako mo\u017ee biti mjesto zabave i opu\u0161tanja. Ba\u0161 kao da ste na godi\u0161njem odmoru.<\/p>\n","protected":false},"author":1,"featured_media":464,"comment_status":"closed","ping_status":"open","sticky":false,"template":"","format":"standard","meta":{"footnotes":""},"categories":[2],"tags":[97],"class_list":["post-462","post","type-post","status-publish","format-standard","has-post-thumbnail","hentry","category-mozaik","tag-umirovljenicki-dom"],"_links":{"self":[{"href":"https:\/\/www.mojevrijeme.hr\/magazin\/wp-json\/wp\/v2\/posts\/462","targetHints":{"allow":["GET"]}}],"collection":[{"href":"https:\/\/www.mojevrijeme.hr\/magazin\/wp-json\/wp\/v2\/posts"}],"about":[{"href":"https:\/\/www.mojevrijeme.hr\/magazin\/wp-json\/wp\/v2\/types\/post"}],"author":[{"embeddable":true,"href":"https:\/\/www.mojevrijeme.hr\/magazin\/wp-json\/wp\/v2\/users\/1"}],"replies":[{"embeddable":true,"href":"https:\/\/www.mojevrijeme.hr\/magazin\/wp-json\/wp\/v2\/comments?post=462"}],"version-history":[{"count":0,"href":"https:\/\/www.mojevrijeme.hr\/magazin\/wp-json\/wp\/v2\/posts\/462\/revisions"}],"wp:featuredmedia":[{"embeddable":true,"href":"https:\/\/www.mojevrijeme.hr\/magazin\/wp-json\/wp\/v2\/media\/464"}],"wp:attachment":[{"href":"https:\/\/www.mojevrijeme.hr\/magazin\/wp-json\/wp\/v2\/media?parent=462"}],"wp:term":[{"taxonomy":"category","embeddable":true,"href":"https:\/\/www.mojevrijeme.hr\/magazin\/wp-json\/wp\/v2\/categories?post=462"},{"taxonomy":"post_tag","embeddable":true,"href":"https:\/\/www.mojevrijeme.hr\/magazin\/wp-json\/wp\/v2\/tags?post=462"}],"curies":[{"name":"wp","href":"https:\/\/api.w.org\/{rel}","templated":true}]}}