{"id":4639,"date":"2015-06-05T18:14:02","date_gmt":"2015-06-05T16:14:02","guid":{"rendered":"http:\/\/www.mojevrijeme.hr\/magazin\/?p=4639"},"modified":"2015-06-05T18:14:02","modified_gmt":"2015-06-05T16:14:02","slug":"buz-hrvatska-treba-zbrinjavati-samo-ratne-izbjeglice","status":"publish","type":"post","link":"https:\/\/www.mojevrijeme.hr\/magazin\/2015\/06\/buz-hrvatska-treba-zbrinjavati-samo-ratne-izbjeglice\/","title":{"rendered":"BUZ: Hrvatska treba zbrinjavati samo ratne izbjeglice"},"content":{"rendered":"<p><strong>Blok umirovljenici zajedno<\/strong> (BUZ) nije zadovoljan pona\u0161anjem premijera Zorana Milanovi\u0107a, jer se nije usprotivio prijedlogu Europske komisije o prihvatu i smje\u0161tanju izbjeglica na podru\u010dju EU. Prijedlog propisuje kvote izbjeglica koje bi pojedine \u010dlanice trebale prihvatiti, no BUZ misli da bi Hrvatska trebala pomagati samo onima koji bje\u017ee pred ratom, ali ne i onima koji bje\u017ee pred siroma\u0161tvom.<\/p>\n<p>\u201eNa\u0161a humanitarna i ljudska du\u017enost je pomo\u0107i ratnim izbjeglicama kao \u0161to se i nama pomagalo, ali ta na\u0161a humanitarna pomo\u0107 mo\u017ee se ticati samo onih koji su bje\u017ee\u0107i od rata, do\u0161li, na primjer, brodom iz Libije ili Sirije u Hrvatsku. Na\u0161a obveza u ovom slu\u010daju se nikako ne mo\u017ee ticati osoba koje iz ekonomskih razloga napu\u0161taju svoj dom i na kraju zavr\u0161avaju kod nas jer ih je grani\u010dna policija otkrila ili, pak, iz bilo kojeg drugog razloga. Te osobe nisu izbjeglice, ve\u0107 ekonomski migranti, a mi u Hrvatskoj trenuta\u010dno i tako imamo vi\u0161e nego dovoljno nezaposlenih gra\u0111ana bez da primamo i nezaposlene strance\u201c, pi\u0161e u priop\u0107enju <strong>Milivoj \u0160pika<\/strong>, predsjednik BUZ-a i pri tome podsje\u0107a da su se prakti\u010dki sve isto\u010dnoeuropske vlade javno pobunile protiv prvog prijedloga EK-a o smje\u0161taju izbjeglica na podru\u010dju \u010dlanica Europske unije.<\/p>\n<p>2Dok su se svi drugi bunili protiv te odluke, \u0161tite\u0107i vlastite dr\u017eavne interese, Vlada RH predvo\u0111ena SDP-om \u0161utjela je kimaju\u0107i glavom u smjeru Bruxellesa pa smo svi skupa za nagradu dobili i uve\u0107anu kvotu izbjeglica. Za razliku od hrvatske vlade koja ne \u0161titi na\u0161e interese i ponizno izvr\u0161ava svako nare\u0111enje Bruxellesa, Poljska je s druge strane nakon prvobitnog protivljenja promijenila stajali\u0161te i izborila se da primi samo sirijske kr\u0161\u0107ane koji bje\u017ee od rata o\u010dekuju\u0107i da \u0107e se oni lak\u0161e prilagoditi poljskoj kulturi i na\u010dinu \u017eivota\u201c, tvrdi \u0160pika i pita je li mo\u017eda na djelu plan Kukuriku vlade o zamjeni Hrvata koji su napustili Hrvatsku zbog njene propale ekonomske politike, Arapima i Afrikancima.<\/p><div id=\"mojev-3646040515\" class=\"mojev-u-tekstu mojev-entity-placement\" style=\"margin-left: auto;margin-right: auto;text-align: center;\"><div class=\"mojev-adlabel\">oglas<\/div><div style=\"height: 250px;\"><script async src=\"https:\/\/pagead2.googlesyndication.com\/pagead\/js\/adsbygoogle.js?client=ca-pub-8106111766207173\"\r\n     crossorigin=\"anonymous\"><\/script>\r\n<!-- Prikazni 1 u tekstu -->\r\n<ins class=\"adsbygoogle\"\r\n     style=\"display:block\"\r\n     data-ad-client=\"ca-pub-8106111766207173\"\r\n     data-ad-slot=\"8535551207\"\r\n     data-ad-format=\"auto\"\r\n     data-full-width-responsive=\"true\"><\/ins>\r\n<script>\r\n     (adsbygoogle = window.adsbygoogle || []).push({});\r\n<\/script><\/div><\/div><br style=\"clear: both; display: block; float: none;\"\/>\n<p>\u201ePosebno nagla\u0161avamo da BUZ nije protiv humanitarne pomo\u0107i ratnim izbjeglicama, odnosno, protiv solidarnosti unutar EU, ali s punim pravom o\u010dekujemo da to uistinu i bude prava solidarnost, tako da Hrvatska snosi dio europskog tereta u skladu sa svojom veli\u010dinom i gospodarskom snagom. Ne mo\u017eemo govoriti o solidarnosti ako Hrvatska primi tri puta vi\u0161e izbjeglica razmjerno svom broju stanovnika u EU, a da u isto vrijeme Velika Britanija i Danska ne prime niti jednu\u201c, zaklju\u010duje BUZ u priop\u0107enju.<\/p>\n<div id=\"mojev-3366086359\" class=\"mojev-kraj-teksta mojev-entity-placement\" style=\"margin-bottom: 20px;margin-left: auto;margin-right: auto;text-align: center;\"><div class=\"mojev-adlabel\">oglas<\/div><div style=\"height: 250px;\"><script async src=\"https:\/\/pagead2.googlesyndication.com\/pagead\/js\/adsbygoogle.js?client=ca-pub-8106111766207173\"\r\n     crossorigin=\"anonymous\"><\/script>\r\n<!-- Display-1 -->\r\n<ins class=\"adsbygoogle\"\r\n     style=\"display:block\"\r\n     data-ad-client=\"ca-pub-8106111766207173\"\r\n     data-ad-slot=\"1465712950\"\r\n     data-ad-format=\"auto\"\r\n     data-full-width-responsive=\"true\"><\/ins>\r\n<script>\r\n     (adsbygoogle = window.adsbygoogle || []).push({});\r\n<\/script><\/div><\/div>","protected":false},"excerpt":{"rendered":"<p>&#8216;Mi u Hrvatskoj trenuta\u010dno i tako imamo vi\u0161e nego dovoljno nezaposlenih gra\u0111ana bez da primamo i nezaposlene strance&#8217;, pi\u0161e u priop\u0107enju Milivoj \u0160pika, predsjednik BUZ-a.  <\/p>\n","protected":false},"author":1,"featured_media":4640,"comment_status":"closed","ping_status":"open","sticky":false,"template":"","format":"standard","meta":{"footnotes":""},"categories":[9],"tags":[589,238,237],"class_list":["post-4639","post","type-post","status-publish","format-standard","has-post-thumbnail","hentry","category-vijesti","tag-izbjeglice","tag-politika","tag-siromastvo"],"_links":{"self":[{"href":"https:\/\/www.mojevrijeme.hr\/magazin\/wp-json\/wp\/v2\/posts\/4639","targetHints":{"allow":["GET"]}}],"collection":[{"href":"https:\/\/www.mojevrijeme.hr\/magazin\/wp-json\/wp\/v2\/posts"}],"about":[{"href":"https:\/\/www.mojevrijeme.hr\/magazin\/wp-json\/wp\/v2\/types\/post"}],"author":[{"embeddable":true,"href":"https:\/\/www.mojevrijeme.hr\/magazin\/wp-json\/wp\/v2\/users\/1"}],"replies":[{"embeddable":true,"href":"https:\/\/www.mojevrijeme.hr\/magazin\/wp-json\/wp\/v2\/comments?post=4639"}],"version-history":[{"count":0,"href":"https:\/\/www.mojevrijeme.hr\/magazin\/wp-json\/wp\/v2\/posts\/4639\/revisions"}],"wp:featuredmedia":[{"embeddable":true,"href":"https:\/\/www.mojevrijeme.hr\/magazin\/wp-json\/wp\/v2\/media\/4640"}],"wp:attachment":[{"href":"https:\/\/www.mojevrijeme.hr\/magazin\/wp-json\/wp\/v2\/media?parent=4639"}],"wp:term":[{"taxonomy":"category","embeddable":true,"href":"https:\/\/www.mojevrijeme.hr\/magazin\/wp-json\/wp\/v2\/categories?post=4639"},{"taxonomy":"post_tag","embeddable":true,"href":"https:\/\/www.mojevrijeme.hr\/magazin\/wp-json\/wp\/v2\/tags?post=4639"}],"curies":[{"name":"wp","href":"https:\/\/api.w.org\/{rel}","templated":true}]}}