{"id":46606,"date":"2021-04-13T15:52:33","date_gmt":"2021-04-13T13:52:33","guid":{"rendered":"https:\/\/www.mojevrijeme.hr\/magazin\/?p=46606"},"modified":"2021-04-13T16:13:31","modified_gmt":"2021-04-13T14:13:31","slug":"svjedokinja-bili-su-mrsavi-htjela-sam-ih-iznijeti-na-livadu-otvorila-sam-vrata","status":"publish","type":"post","link":"https:\/\/www.mojevrijeme.hr\/magazin\/2021\/04\/svjedokinja-bili-su-mrsavi-htjela-sam-ih-iznijeti-na-livadu-otvorila-sam-vrata\/","title":{"rendered":"Svjedokinja: &#8216;Bili su mr\u0161avi, htjela sam ih iznijeti na livadu. Otvorila sam vrata&#8230;&#8217;"},"content":{"rendered":"\n<p>Ju\u010der je nastavljeno su\u0111enje u slu\u010daju Zelena oaza, a u kojem se sudi vlasnici obiteljskog doma za stare i nemo\u0107ne u Andra\u0161evcu <strong>Gabrijeli \u010ci\u010dkovi\u0107<\/strong>. Naime, 11. sije\u010dnja pro\u0161le godine u nelegalnom objektu Zelene oaze izgorjelo je \u0161estoro \u0161ti\u0107enika, istraga je pokazala zbog elektri\u010dne grijalice, no \u010ci\u010dkovi\u0107 odbacuje optu\u017ebe. Na \u017dupanijskom sudu u Zagrebu nastavljeno je saslu\u0161anje svjedoka. <\/p>\n\n\n\n<p>Izgorjeli \u0161ti\u0107enici su, podsjetimo, bili smje\u0161teni u dvori\u0161nom drvenom objektu koji nije imao dozvolu za tu namjenu. &#8220;Zadnji put sam \u00a0te no\u0107i tamo bila oko 4 sata, a u glavnu \u00a0ku\u0107u sam se vratila malo prije 5. Kojih desetak minuta kasnije sam vidjela da ide dim iz male ku\u0107e. Zvala sam vatrogasce i \u0161eficu, a dok sam do\u0161la dolje, ve\u0107 je i susjed bio tamo. Ti korisnici su bili mr\u0161avi pa sam mislila da ih mogu iznijeti, baciti na livadu, spasiti. No kada sam otvorila vrata, odbacilo me nekih pet, \u0161est metara&#8221;, svjedo\u010dila je njegovateljica <strong>Zdenka Putak<\/strong> prenosi <a rel=\"noreferrer noopener\" href=\"https:\/\/www.vecernji.hr\/vijesti\/bili-su-mrsavi-pa-sam-ih-mislila-iznijeti-baciti-na-livadu-spasiti-1484118\" target=\"_blank\">Ve\u010dernji list<\/a>.<\/p>\n\n\n\n<p>&#8220;Grijanje na grijalice bilo nam je doslovno tabu tema. Gazdarica je htjela uvesti centralno grijanje ali spletom okolnosti do toga nije do\u0161lo&#8221;, kazala je svjedokinja dodaju\u0107i da je \u010ci\u010dkovi\u0107 skrive\u0107ki ure\u0111ivala ku\u0107icu, zapravo pomo\u0107ni objekt u kojem je bilo \u0161estero nepokretnih korisnika.&nbsp; &#8220;Sama je u tajnosti postavila bolji pod, uredila zidove, stavila slike. Njezin suprug ni to nije dozvolio&#8221;, rekla je svjedokinja, koja je izri\u010dito negirala da bi jedna od njegovateljica u\u010destalo upozoravala da se osjeti neugodan miris i \u010dudan zvuk dok su grijalice radile.<\/p><div id=\"mojev-913950760\" class=\"mojev-u-tekstu mojev-entity-placement\" style=\"margin-left: auto;margin-right: auto;text-align: center;\"><div class=\"mojev-adlabel\">oglas<\/div><div style=\"height: 250px;\"><script async src=\"https:\/\/pagead2.googlesyndication.com\/pagead\/js\/adsbygoogle.js?client=ca-pub-8106111766207173\"\r\n     crossorigin=\"anonymous\"><\/script>\r\n<!-- Prikazni 1 u tekstu -->\r\n<ins class=\"adsbygoogle\"\r\n     style=\"display:block\"\r\n     data-ad-client=\"ca-pub-8106111766207173\"\r\n     data-ad-slot=\"8535551207\"\r\n     data-ad-format=\"auto\"\r\n     data-full-width-responsive=\"true\"><\/ins>\r\n<script>\r\n     (adsbygoogle = window.adsbygoogle || []).push({});\r\n<\/script><\/div><\/div><br style=\"clear: both; display: block; float: none;\"\/>\n\n\n\n<p>Prema optu\u017enici, \u010ci\u010dkovi\u0107 se tereti da je kao vlasnica stara\u010dkog doma tijekom 2012. i 2013. ishodila rje\u0161enje Upravnog odjela za zdravstvo, socijalnu skrb, udruge i mlade Krapinsko-zagorske \u017eupanije o ispunjavanju uvjeta za pru\u017eanje usluga skrbi izvan vlastite obitelji u okviru stalnog smje\u0161taja starijih i nemo\u0107nih osoba za trinaest korisnika u obiteljskom domu u Oroslavju. Rje\u0161enje se odnosilo na njezin dom na adresi Dolinska 8 u Andra\u0161evcu. No, kasnije je bez odobrenja nadle\u017enog tijela socijalne skrbi pro\u0161irila svoju djelatnost i na pomo\u0107ni objekt. U pomo\u0107ni objekt, a radilo se o spremi\u0161tu izgra\u0111enom od drveta i cigle, smjestila je \u0161estero starijih, te\u0161ko pokretnih i nepokretnih korisnika.<\/p>\n<div id=\"mojev-3713983024\" class=\"mojev-kraj-teksta mojev-entity-placement\" style=\"margin-bottom: 20px;margin-left: auto;margin-right: auto;text-align: center;\"><div class=\"mojev-adlabel\">oglas<\/div><div style=\"height: 250px;\"><script async src=\"https:\/\/pagead2.googlesyndication.com\/pagead\/js\/adsbygoogle.js?client=ca-pub-8106111766207173\"\r\n     crossorigin=\"anonymous\"><\/script>\r\n<!-- Display-1 -->\r\n<ins class=\"adsbygoogle\"\r\n     style=\"display:block\"\r\n     data-ad-client=\"ca-pub-8106111766207173\"\r\n     data-ad-slot=\"1465712950\"\r\n     data-ad-format=\"auto\"\r\n     data-full-width-responsive=\"true\"><\/ins>\r\n<script>\r\n     (adsbygoogle = window.adsbygoogle || []).push({});\r\n<\/script><\/div><\/div>","protected":false},"excerpt":{"rendered":"<p>Optu\u017eena se tereti da je bez odobrenja nadle\u017enog tijela socijalne skrbi pro\u0161irila svoju djelatnost i na pomo\u0107ni objekt. U spremi\u0161tu izgra\u0111enom od drveta i cigle, smjestila je \u0161estero starijih, te\u0161ko pokretnih i nepokretnih korisnika.<\/p>\n","protected":false},"author":1,"featured_media":33170,"comment_status":"closed","ping_status":"closed","sticky":false,"template":"","format":"standard","meta":{"footnotes":""},"categories":[9],"tags":[596,1403,2034],"class_list":["post-46606","post","type-post","status-publish","format-standard","has-post-thumbnail","hentry","category-vijesti","tag-crna-kronika","tag-sudenje","tag-zelena-oaza"],"_links":{"self":[{"href":"https:\/\/www.mojevrijeme.hr\/magazin\/wp-json\/wp\/v2\/posts\/46606","targetHints":{"allow":["GET"]}}],"collection":[{"href":"https:\/\/www.mojevrijeme.hr\/magazin\/wp-json\/wp\/v2\/posts"}],"about":[{"href":"https:\/\/www.mojevrijeme.hr\/magazin\/wp-json\/wp\/v2\/types\/post"}],"author":[{"embeddable":true,"href":"https:\/\/www.mojevrijeme.hr\/magazin\/wp-json\/wp\/v2\/users\/1"}],"replies":[{"embeddable":true,"href":"https:\/\/www.mojevrijeme.hr\/magazin\/wp-json\/wp\/v2\/comments?post=46606"}],"version-history":[{"count":0,"href":"https:\/\/www.mojevrijeme.hr\/magazin\/wp-json\/wp\/v2\/posts\/46606\/revisions"}],"wp:featuredmedia":[{"embeddable":true,"href":"https:\/\/www.mojevrijeme.hr\/magazin\/wp-json\/wp\/v2\/media\/33170"}],"wp:attachment":[{"href":"https:\/\/www.mojevrijeme.hr\/magazin\/wp-json\/wp\/v2\/media?parent=46606"}],"wp:term":[{"taxonomy":"category","embeddable":true,"href":"https:\/\/www.mojevrijeme.hr\/magazin\/wp-json\/wp\/v2\/categories?post=46606"},{"taxonomy":"post_tag","embeddable":true,"href":"https:\/\/www.mojevrijeme.hr\/magazin\/wp-json\/wp\/v2\/tags?post=46606"}],"curies":[{"name":"wp","href":"https:\/\/api.w.org\/{rel}","templated":true}]}}