{"id":4671,"date":"2015-06-11T06:38:00","date_gmt":"2015-06-11T04:38:00","guid":{"rendered":"http:\/\/www.mojevrijeme.hr\/magazin\/?p=4671"},"modified":"2019-01-05T10:07:58","modified_gmt":"2019-01-05T09:07:58","slug":"oni-stvarno-znaju-kako-dozivjeti-jako-duboku-starost","status":"publish","type":"post","link":"https:\/\/www.mojevrijeme.hr\/magazin\/2015\/06\/oni-stvarno-znaju-kako-dozivjeti-jako-duboku-starost\/","title":{"rendered":"Oni stvarno znaju kako do\u017eivjeti jako duboku starost"},"content":{"rendered":"<p>Vrlo je upitno biste li&nbsp;htjeli \u017eivjeti jo\u0161 dugo nakon stote, ali ako je ekstremno dug \u017eivot ono \u0161to vas zanima, kako to najbolje posti\u0107i?&nbsp;Najbolji savjet: budite \u017eena.&nbsp;Od deset najstarijih ljudi koji su ikad \u017eivjeli sve su bile \u017eene, a lista sto najstarijih ljudi sadr\u017ei samo \u0161a\u010dicu mu\u0161karaca.<\/p>\n<p>\u0160to se ti\u010de geografske lokacije, Sjedinjene Ameri\u010dke Dr\u017eave su dobro mjesto za do\u017eivjeti duboku starost, s obzirom da 51 od najstarijih 100 dolazi od tamo. &nbsp;I Japan ima velik broj ljudi koji su do\u017eivjeli superduboku starost, pi\u0161e <a href=\"http:\/\/www.independent.co.uk\/news\/world\/how-to-live-to-be-really-old-10282326.html\" target=\"_blank\">Independent.<\/a>&nbsp;&nbsp;Osim toga, imamo svjedo\u010danstva o jako starim ljudima u koje se mo\u017eemo pouzdati, i to sre\u0107om u velikoj koli\u010dini, s obzirom da ih novinari uvijek pitaju koja je njihova tajna dugog \u017eivota.<\/p>\n<h3>Jeanne Calment<\/h3>\n<p>\u017dena koja je postavila va\u017ee\u0107i rekord u du\u017eini \u017eivljenja, ro\u0111ena je 1875. i umrla 1997. s pune 122 godine i 164 dana u Francuskoj.&nbsp;Izjavila je da je u\u017eivala &#8220;u povremenoj \u010da\u0161i Porta a njezina prehrana je bila bogata maslinovim uljem&#8221;.&nbsp;Zanimljiv podatak: Srela je Van Gogha i opisala ga kao &#8220;prljavog, lo\u0161e obu\u010denog i&nbsp; neugodnog&#8221;.<\/p><div id=\"mojev-254281630\" class=\"mojev-u-tekstu mojev-entity-placement\" style=\"margin-left: auto;margin-right: auto;text-align: center;\"><div class=\"mojev-adlabel\">oglas<\/div><div style=\"height: 250px;\"><script async src=\"https:\/\/pagead2.googlesyndication.com\/pagead\/js\/adsbygoogle.js?client=ca-pub-8106111766207173\"\r\n     crossorigin=\"anonymous\"><\/script>\r\n<!-- Prikazni 1 u tekstu -->\r\n<ins class=\"adsbygoogle\"\r\n     style=\"display:block\"\r\n     data-ad-client=\"ca-pub-8106111766207173\"\r\n     data-ad-slot=\"8535551207\"\r\n     data-ad-format=\"auto\"\r\n     data-full-width-responsive=\"true\"><\/ins>\r\n<script>\r\n     (adsbygoogle = window.adsbygoogle || []).push({});\r\n<\/script><\/div><\/div><br style=\"clear: both; display: block; float: none;\"\/>\n<h3>Sarah Knauss<\/h3>\n<p>Sarah je drugo najstarije ljudsko bi\u0107e koje je ikada \u017eivjelo, ro\u0111ena je 1880., a umrla je 1999. sa 119 godina i 97 dana u SAD-u.&nbsp;Nije otkrila svoju tajnu, ali ka\u017eu da su njezine strasti bile gledanje golfa na televiziji, izrada goblena, i grickanje kornja\u010da od mlije\u010dne \u010dokolade, indijskih ora\u0161\u010di\u0107a i \u010dipsa.<\/p>\n<h3>Misao Okawa<\/h3>\n<p>Ro\u0111ena je 1898., a umrla je 2015. sa 117 godina i 27 dana u Japanu.&nbsp;&#8220;Jedenje ukusnih stvari je klju\u010d moje dugovje\u010dnosti.&#8221;&nbsp;Ovo uklju\u010duje juhu s rezancima i gove\u0111i gula\u0161, kao i sjeckanu govedinu i sushi od sku\u0161e.&nbsp;Kad su je pitali kako se osje\u0107a sa svojih 117 godina, za\u010du\u0111uju\u0107e je odgovorila: &#8220;Pro\u0161lo je prili\u010dno brzo.&#8221;<\/p>\n<h3>Mar\u00eda Capovilla<\/h3>\n<p>Ro\u0111ena je 1889., a umrla je 2006. sa 116 godina i 347 dana u Ekvadoru.&nbsp;Pri\u010da se da je u\u017eivala u slikanju, vezenju, plesanju i hodanju. U mladosti je pila svje\u017ee magare\u0107e mlijeko na farmi svoje tete, kojem su njezini ro\u0111aci pripisali zaslugu za postizanje tako duboke starosti.&nbsp;Ka\u017eu da nikad nije pu\u0161ila, jela je redovite i male obroke, a pila je umjereno.<\/p>\n<h3>Gertrude Weaver<\/h3>\n<p>Ro\u0111ena je 1898., a umrla je 2015. sa 116 godina i 276 dana u SAD-u.&nbsp;Ona se manje koncentrirala na prehranu a vi\u0161e na \u017eivotni stav.&nbsp;&#8220;Vjerovanje u Boga, te\u0161ki rad i ljubav prema svima.&nbsp;Dobrota. Postupajte s ljudima dobro i budite ljubazni prema drugim ljudima na na\u010din na koji bi htjeli da oni budu ljubazni s vama.&#8221;<\/p>\n<h3>Tane Ikai<\/h3>\n<p>Ro\u0111ena 1879., umrla &nbsp;je 1995. sa 116 godina i 175 dana.&nbsp;Nema puno podataka o njezinom \u017eivotu. Navodno je u\u017eivala u izradi posu\u0111a i \u0161ivanju.<\/p>\n<h3>Elizabeth Bolden<\/h3>\n<p>Ro\u0111ena 1890., umrla je 2006. sa 116 godina i 118 dana.&nbsp;Bje\u017eala je od pa\u017enje medija, i kad je napunila 113 u 2003., novinar koji ju je pitao kako je tako dugo po\u017eivjela je dobio kratak i odrje\u0161it odgovor &#8220;Ne znam.&#8221;&nbsp;Novinar je pretpostavljao da Bolden nije bila raspolo\u017eena za pri\u010du tog dana, s obzirom da ju je jedna od njezinih k\u0107eri stalno poku\u0161avala pokriti dekicom dok je Bolden govorila &#8220;Da nisi moje dijete, sad bih te prebacila preko koljena i ispljeskala po stra\u017enjici.&#8221;<\/p>\n<h3>Besse Berry Cooper<\/h3>\n<p>Ro\u0111ena 1896, umrla je 2012. sa 116 godina i 100 dana.&nbsp;Ona je kao razlog svoje dugovje\u010dnsti navela &#8220;gledanje svoga posla&#8221; i izbjegavanje brze hrane.<\/p>\n<p>Danas, najstarije osobe na svijetu nastavljaju umirati.&nbsp;Zanimljivo je da iako nijedan recentan &#8216;prvak starosti&#8217; nije do\u0161ao blizu godina onih koji su umrli u 90-ima, pobolj\u0161anja u zdravstvenoj njezi su utjecale na to da puno ve\u0107i broj ljudi sada do\u017eivljava stotu, \u010dine\u0107i da vladavina svake najstarije osobe \u010desto traje samo nekoliko dana.<\/p>\n<div id=\"mojev-3801667932\" class=\"mojev-kraj-teksta mojev-entity-placement\" style=\"margin-bottom: 20px;margin-left: auto;margin-right: auto;text-align: center;\"><div class=\"mojev-adlabel\">oglas<\/div><div style=\"height: 250px;\"><script async src=\"https:\/\/pagead2.googlesyndication.com\/pagead\/js\/adsbygoogle.js?client=ca-pub-8106111766207173\"\r\n     crossorigin=\"anonymous\"><\/script>\r\n<!-- Display-1 -->\r\n<ins class=\"adsbygoogle\"\r\n     style=\"display:block\"\r\n     data-ad-client=\"ca-pub-8106111766207173\"\r\n     data-ad-slot=\"1465712950\"\r\n     data-ad-format=\"auto\"\r\n     data-full-width-responsive=\"true\"><\/ins>\r\n<script>\r\n     (adsbygoogle = window.adsbygoogle || []).push({});\r\n<\/script><\/div><\/div>","protected":false},"excerpt":{"rendered":"<p>Imamo svjedo\u010danstva o jako starim ljudima u koje se mo\u017eemo pouzdati, i to sre\u0107om u velikoj koli\u010dini, s obzirom da ih novinari uvijek pitaju koja je njihova tajna dugog \u017eivota.<\/p>\n","protected":false},"author":4,"featured_media":4695,"comment_status":"closed","ping_status":"open","sticky":false,"template":"","format":"standard","meta":{"footnotes":""},"categories":[85],"tags":[64,1520,80,119],"class_list":["post-4671","post","type-post","status-publish","format-standard","has-post-thumbnail","hentry","category-aktivno-starenje","tag-dugovjecnost","tag-jeanne-calment","tag-starenje","tag-zivot-2"],"_links":{"self":[{"href":"https:\/\/www.mojevrijeme.hr\/magazin\/wp-json\/wp\/v2\/posts\/4671","targetHints":{"allow":["GET"]}}],"collection":[{"href":"https:\/\/www.mojevrijeme.hr\/magazin\/wp-json\/wp\/v2\/posts"}],"about":[{"href":"https:\/\/www.mojevrijeme.hr\/magazin\/wp-json\/wp\/v2\/types\/post"}],"author":[{"embeddable":true,"href":"https:\/\/www.mojevrijeme.hr\/magazin\/wp-json\/wp\/v2\/users\/4"}],"replies":[{"embeddable":true,"href":"https:\/\/www.mojevrijeme.hr\/magazin\/wp-json\/wp\/v2\/comments?post=4671"}],"version-history":[{"count":0,"href":"https:\/\/www.mojevrijeme.hr\/magazin\/wp-json\/wp\/v2\/posts\/4671\/revisions"}],"wp:featuredmedia":[{"embeddable":true,"href":"https:\/\/www.mojevrijeme.hr\/magazin\/wp-json\/wp\/v2\/media\/4695"}],"wp:attachment":[{"href":"https:\/\/www.mojevrijeme.hr\/magazin\/wp-json\/wp\/v2\/media?parent=4671"}],"wp:term":[{"taxonomy":"category","embeddable":true,"href":"https:\/\/www.mojevrijeme.hr\/magazin\/wp-json\/wp\/v2\/categories?post=4671"},{"taxonomy":"post_tag","embeddable":true,"href":"https:\/\/www.mojevrijeme.hr\/magazin\/wp-json\/wp\/v2\/tags?post=4671"}],"curies":[{"name":"wp","href":"https:\/\/api.w.org\/{rel}","templated":true}]}}