{"id":46846,"date":"2021-04-23T18:04:51","date_gmt":"2021-04-23T16:04:51","guid":{"rendered":"https:\/\/www.mojevrijeme.hr\/magazin\/?p=46846"},"modified":"2021-04-23T18:05:36","modified_gmt":"2021-04-23T16:05:36","slug":"branko-kolaric-umjesto-da-ih-koristi-kao-resurs-drustvo-diskriminira-starije-gradane","status":"publish","type":"post","link":"https:\/\/www.mojevrijeme.hr\/magazin\/2021\/04\/branko-kolaric-umjesto-da-ih-koristi-kao-resurs-drustvo-diskriminira-starije-gradane\/","title":{"rendered":"Branko Kolari\u0107: Umjesto da ih koristi kao resurs, dru\u0161tvo diskriminira starije gra\u0111ane"},"content":{"rendered":"\n<p>Porast \u017eivotnoga vijeka civilizacijski je doseg. Starenje stanovni\u0161tva u Hrvatskoj, kao \u0161to je to slu\u010daj i u Europskoj uniji, demografski je problem. Ali ne zbog pove\u0107anje broja starijih, ve\u0107 zbog smanjenja mlade populacije, isti\u010de prof. prim.dr.sc. <strong>Branko Kolari\u0107<\/strong>, voditelj Slu\u017ebe za javnozdravstvenu gerontologiju u Nastavnom zavodu za javno zdravstvo &#8220;Dr. Andrija \u0160tampar&#8221; \u2013 Referentnog centra Ministarstva zdravstva za za\u0161titu zdravlja starijih osoba.<\/p>\n\n\n\n<p>&#8220;Starenje stanovni\u0161tva podrazumijeva dru\u0161tveni napredak, ali, s druge strane, i veliki civilizacijski izazov koji zahtijeva intervencije na svim razinama. Utjecaji i posljedice naglih pove\u0107anja udjela starije populacije u dru\u0161tvu vidljivi su u najva\u017enijim sektorima kao \u0161to su gospodarstvo, zdravstvo, socijalna skrb i mirovinski sustav, \u0161to zahtijeva nove pristupe u budu\u0107em oblikovanju politika i strategija skrbi za starije osobe&#8221;, isti\u010de voditelj Slu\u017ebe za javnozdravstvenu gerontologiju Zavoda.<\/p>\n\n\n\n<p>Kao dugoro\u010dne izazove za koje je potrebno prona\u0107i rje\u0161enja, u Slu\u017ebi navode zadr\u017eavanje osoba starije \u017eivotne dobi \u0161to du\u017ee u vlastitom domu te osiguranje razli\u010ditih socijalnih i zdravstvenih usluga kako bi taj ostanak bio mogu\u0107 i kvalitetan; organiziranje intenzivne dugotrajne skrb koja je dostupna i priu\u0161tiva svakome tko je u potrebi; osiguranje pomo\u0107i obiteljima koje brinu za svoje starije \u010dlanove, prilagodbu zajednice potrebama osoba starije \u017eivotne dobi; sprje\u010davanje njihovog siroma\u0161tva te prilagodbu sustava osiguranja za starost. Svakako je va\u017eno, dodaju, iskoristiti ogroman potencijal osoba starije \u017eivotne dobi koji je, za sada, u Hrvatskoj nedovoljno iskori\u0161ten.<\/p><div id=\"mojev-723754078\" class=\"mojev-u-tekstu mojev-entity-placement\" style=\"margin-left: auto;margin-right: auto;text-align: center;\"><div class=\"mojev-adlabel\">oglas<\/div><div style=\"height: 250px;\"><script async src=\"https:\/\/pagead2.googlesyndication.com\/pagead\/js\/adsbygoogle.js?client=ca-pub-8106111766207173\"\r\n     crossorigin=\"anonymous\"><\/script>\r\n<!-- Prikazni 1 u tekstu -->\r\n<ins class=\"adsbygoogle\"\r\n     style=\"display:block\"\r\n     data-ad-client=\"ca-pub-8106111766207173\"\r\n     data-ad-slot=\"8535551207\"\r\n     data-ad-format=\"auto\"\r\n     data-full-width-responsive=\"true\"><\/ins>\r\n<script>\r\n     (adsbygoogle = window.adsbygoogle || []).push({});\r\n<\/script><\/div><\/div><br style=\"clear: both; display: block; float: none;\"\/>\n\n\n\n<h3 class=\"wp-block-heading\"><strong>\u0160to zna\u010di aktivno starenje<\/strong><\/h3>\n\n\n\n<p>Dru\u0161tvo na globalnoj razini nije dovoljno osvije\u0161teno o vrijednostima koje bi, pogotovo kada je u pitanju proces starenje, trebalo njegovati. Proces starenja prate izazovi poput \u2013 <em>ageisma<\/em> (stigmatizacije i diskriminacije na temelju kronolo\u0161ke dobi), socijalne isklju\u010denosti te siroma\u0161tva.<\/p>\n\n\n\n<p>&#8220;Kada se govori o starijim osobama nerealno se prikazuje njihov status. Ukucajte u Google &#8220;starije osobe&#8221; i pogledajte fotografije koje se isti\u010du \u2013 skoro sve mahom idealizirani prizori koji nisu realnost starijih osoba u hrvatskom dru\u0161tvu, isti\u010de voditelj Slu\u017ebe Kolari\u0107. Suvremeno dru\u0161tvo, navodi, usmjereno je odr\u017eavanju mladosti i ljepote, odnosno odga\u0111anju starenja.<\/p>\n\n\n\n<p>Naime, prema Svjetskoj zdravstvenoj organizaciji, koncept aktivnog starenja velik naglasak stavlja na prava starijih osoba, osiguravaju\u0107i im za\u0161titu, sigurnost i skrb kada se uka\u017ee potreba. Aktivno starenje, poja\u0161njava na\u0161 sugovornik, \u010desto se poistovje\u0107uje s produ\u017eenim radnim vijekom, no nagla\u0161ava kako se rije\u010d &#8220;aktivno&#8221; odnosi na neprekinutu participaciju u socijalnom, ekonomskom, kulturnom, duhovnom i gra\u0111anskom \u017eivotu, a ne samo na aktivnost u svijetu rada.<\/p>\n\n\n\n<p>&#8220;Samo kroz promi\u0161ljeno i strate\u0161ki planirano uvo\u0111enje promjena u skladu s politikama aktivnog starenja na globalnoj, me\u0111unarodnoj i nacionalnim razinama, mogu\u0107e je suo\u010diti se s problemima demografskog starenja.&#8221;<\/p>\n\n\n\n<h3 class=\"wp-block-heading\"><strong>Potcjenjivanje i ismijavanje starijih<\/strong><\/h3>\n\n\n\n<p>Na\u017ealost, dru\u0161tvena diskriminacija na temelju dobi nije rijetkost, a potvr\u0111uju je i neka istra\u017eivanja. Jedno od takvih je istra\u017eivanje Centra za razvoj neprofitnih organizacija u suradnji s Pravnim fakultetom &#8220;Akcijski orijentirano istra\u017eivanje o nasilju nad starijim osobama na podru\u010dju sjeverne Hrvatske&#8221; iz listopada 2018. godine. Njegovi rezultati pokazuju, isti\u010de Kolari\u0107, kako je diskriminacija starijih osoba prisutna na tr\u017ei\u0161tu rada, pristupu zdravstvenoj za\u0161titi i uslugama socijalne skrbi, a starijim osobama je ote\u017ean pristup informacijama, dobrima i uslugama te im je \u010desto nedostupna i zdravstvena za\u0161tita i socijalne usluge.<\/p>\n\n\n\n<p>&#8220;Tako\u0111er, starije osobe smatraju da ih dru\u0161tvo \u010desto smatra teretom te ih se podcjenjuje i ismijava, uz napomenu u istra\u017eivanju, da su me\u0111ugeneracijski odnosi prije bili druga\u010diji, da su stariji u\u017eivali ve\u0107e po\u0161tovanje.&#8221; I u izvje\u0161\u0107ima Pu\u010dke pravobraniteljice, dodaje Kolari\u0107, mnogobrojni su primjeri reakcija na diskriminaciju osoba starije \u017eivotne dobi.<\/p>\n\n\n\n<p>&#8220;Na \u017ealost, u Hrvatskoj je prisutna dobna diskriminacija starijih samo zato \u0161to su stari, ne percipira ih se kao resurs dru\u0161tva. Tu je va\u017eno promijeniti kut gledanja. Potencijali starijih osoba jo\u0161 uvijek nisu dovoljno osvije\u0161teni u na\u0161em dru\u0161tvu\u201c, isti\u010de na\u0161 sugovornik.<\/p>\n\n\n\n<h3 class=\"wp-block-heading\"><strong>Nasilje nad starijim osobama u porastu<\/strong><\/h3>\n\n\n\n<p>Na\u017ealost, prisutno je i zlostavljanje osoba starije \u017eivotne dobi. Iako u Hrvatskoj o njemu nema puno istra\u017eivanja, neki podaci pokazuju, isti\u010de Kolari\u0107, kako su starije osobe u izlo\u017eene nasilju u obitelji, naj\u010de\u0161\u0107e psihi\u010dkom i ekonomskom, ali i institucionalnom nasilju, \u0161to je pokazao slu\u010daj kada su korisnici jednog obiteljskog doma smrtno stradali <a href=\"https:\/\/www.mojevrijeme.hr\/magazin\/2021\/04\/svjedokinja-bili-su-mrsavi-htjela-sam-ih-iznijeti-na-livadu-otvorila-sam-vrata\/\" data-type=\"post\" data-id=\"46606\" target=\"_blank\" rel=\"noreferrer noopener\">uslijed po\u017eara<\/a>. Kao veliki problem ekonomskog iskori\u0161tavanja navodi zlouporabu ugovora o dosmrtnom uzdr\u017eavanju.<\/p>\n\n\n\n<p>Iako Svjetska zdravstvena organizacija nagla\u0161ava kako je nasilje nad starijim osobama u porastu te da je rije\u010d o globalnom javnozdravstvenom problemu, u Hrvatskoj jo\u0161 uvijek, ka\u017ee Kolari\u0107, navedeni problem nije dovoljno prepoznat i, na \u017ealost, postaje vidljiv tek uslijed tragi\u010dnih doga\u0111aja. Smatra potrebnim dodatno ulagati u edukaciju stru\u010dnjaka te op\u0107enito raditi na senzibilizaciji dru\u0161tva u cjelini.<\/p>\n\n\n\n<h3 class=\"wp-block-heading\"><strong>U suo\u010davanju s izazovima starenja stanovni\u0161tva nu\u017ene nove strategije i politike<\/strong><\/h3>\n\n\n\n<p>S obzirom na porast udjela starijeg stanovni\u0161tva, porasle su i potrebe za pro\u0161irenjem institucionalnih i izvaninstitucionalnih kapaciteta skrbi o starijim osobama. Kapaciteti institucija u Hrvatskoj pokrivaju 3 posto populacije starije od 65 godina, dok je prosjek EU 5 posto, \u0161to govori o potkapacitiranosti. Usluge i servisi koji se nude u ve\u0107im hrvatskim gradovima razvijeniji su u odnosu na manja, ruralna i udaljenija mjesta. Prisutne su, nagla\u0161ava voditelj Slu\u017ebe za javnozdravstvenu gerontologiju u Zavodu &#8220;Dr. Andrija \u0160tampar&#8221;, i velike me\u0111u\u017eupanijske razlike u dostupnosti institucionalne skrbi. Nedostatak je i visoka centraliziranost sustava socijalne skrbi.<\/p>\n\n\n\n<p>Grad Zagreb prepoznao je osobe starije \u017eivotne dobi kao skupinu dru\u0161tva koja ima specifi\u010dne potrebe te ula\u017ee u unapre\u0111enje njihove kvalitete \u017eivota. &#8220;Potrebe na\u0161ih starijih sugra\u0111ana mogu se zadovoljiti kroz uklju\u010divanje u zdravstveno-preventivne aktivnosti, a koje su se pro\u0161irile na pomo\u0107 u ku\u0107i, sportsko-rekreativne aktivnosti, kulturno-zabavne aktivnosti, radno-kreativne aktivnosti, savjetovali\u0161ni rad, manifestacije, tribine i predavanja.&#8221;<\/p>\n\n\n\n<p>Na\u0161 sugovornik kao neke od primjera kvalitetnih programa navodi mobilne stomatolo\u0161ke timove koji obilaze starije stanovni\u0161tvo u njihovim domovima ili u domovima za starije osobe, te primjer financiranja programa i projekata udruga \u010dija je djelatnost usmjerena starijoj populaciji. Zna\u010dajni projekti financiraju se i sredstvima EU. Jedan je od takvih, isti\u010de Kolari\u0107<em>, <\/em>&#8220;CrossCare \u2013 HomeCare: Integriran pristup skrbi za starije osobe u ku\u0107i&#8221;, kojem je cilj pru\u017eiti zdravstvenu i socijalnu skrb u ku\u0107i osoba starije \u017eivotne dobi u Zagrebu. Na podru\u010dju Hrvatske je to &#8220;Za\u017eeli&#8221; \u2013 projekt pru\u017eanja pomo\u0107i starijim i nemo\u0107nim osobama poticanjem zapo\u0161ljavanjem \u017eena srednje dobi koje, kao <a href=\"https:\/\/www.mojevrijeme.hr\/magazin\/2017\/12\/kako-izgleda-posao-gerontodomacice\/\" data-type=\"post\" data-id=\"11581\" target=\"_blank\" rel=\"noreferrer noopener\">gerontodoma\u0107ice<\/a>, korisnicima poma\u017eu u obavljanju svakodnevnih aktivnosti.<\/p>\n\n\n\n<p>&#8220;Me\u0111utim, unato\u010d vrijednim primjerima dobre prakse, potrebno je na nacionalnoj razini kreirati nove, cjelovite pristupe, strategije i politike u suo\u010davanju s izazovima starenja stanovni\u0161tva&#8221;, navodi Kolari\u0107.<\/p>\n\n\n\n<h3 class=\"wp-block-heading\"><strong>Primjeri sustavne skrbi i podr\u0161ke za starije, rijetki<\/strong><\/h3>\n\n\n\n<p>Skrb kroz osiguravanje smje\u0161taja decentralizirana je i u nadle\u017enosti jedinica lokalne samouprave, no ta decentralizacija je, nagla\u0161ava Kolari\u0107, manjkava, budu\u0107i da takav oblik javne skrbi nije svima dostupan. &#8220;Nikad nije provedena reforma cijena usluga. To je definitivno jedna od budu\u0107ih zada\u0107a donositelja odluka u sustavu socijalne skrbi. Uz kvalitetu, va\u017ena je dostupnost i priu\u0161tivost te sustavna kontrola kvalitete.&#8221;<\/p>\n\n\n\n<figure class=\"wp-block-image size-large\"><img loading=\"lazy\" decoding=\"async\" width=\"740\" height=\"444\" src=\"https:\/\/www.mojevrijeme.hr\/magazin\/wp-content\/uploads\/2021\/04\/branko-kolaric-740x444.jpg\" alt=\"\" class=\"wp-image-46861\" srcset=\"https:\/\/www.mojevrijeme.hr\/magazin\/wp-content\/uploads\/2021\/04\/branko-kolaric-740x444.jpg 740w, https:\/\/www.mojevrijeme.hr\/magazin\/wp-content\/uploads\/2021\/04\/branko-kolaric-636x382.jpg 636w, https:\/\/www.mojevrijeme.hr\/magazin\/wp-content\/uploads\/2021\/04\/branko-kolaric-768x461.jpg 768w, https:\/\/www.mojevrijeme.hr\/magazin\/wp-content\/uploads\/2021\/04\/branko-kolaric-1536x922.jpg 1536w, https:\/\/www.mojevrijeme.hr\/magazin\/wp-content\/uploads\/2021\/04\/branko-kolaric-1500x900.jpg 1500w, https:\/\/www.mojevrijeme.hr\/magazin\/wp-content\/uploads\/2021\/04\/branko-kolaric-1600x960.jpg 1600w, https:\/\/www.mojevrijeme.hr\/magazin\/wp-content\/uploads\/2021\/04\/branko-kolaric-590x354.jpg 590w, https:\/\/www.mojevrijeme.hr\/magazin\/wp-content\/uploads\/2021\/04\/branko-kolaric-400x240.jpg 400w, https:\/\/www.mojevrijeme.hr\/magazin\/wp-content\/uploads\/2021\/04\/branko-kolaric-1000x600.jpg 1000w, https:\/\/www.mojevrijeme.hr\/magazin\/wp-content\/uploads\/2021\/04\/branko-kolaric-820x492.jpg 820w, https:\/\/www.mojevrijeme.hr\/magazin\/wp-content\/uploads\/2021\/04\/branko-kolaric-1080x648.jpg 1080w, https:\/\/www.mojevrijeme.hr\/magazin\/wp-content\/uploads\/2021\/04\/branko-kolaric.jpg 2000w\" sizes=\"auto, (max-width: 740px) 100vw, 740px\" \/><figcaption>Branko Kolari\u0107 (foto: privatni album)<\/figcaption><\/figure>\n\n\n\n<p>Kada je rije\u010d o izvaninstitucionalnoj skrbi za osobe starije \u017eivotne dobi, primjeri dobre prakse su rijetki, a ako se provode, ve\u0107inom je to kroz projektne aktivnosti. Grad Zagreb tako u okviru &#8220;Programa podr\u0161ke u lokalnoj zajednici&#8221; provodi projekt gerontolo\u0161kih centara. Od 2006. godine kontinuirano ga provodi u devet zagreba\u010dkih domova za starije osobe na pedesetak lokacija, a od po\u010detka 2019. godine je u skrbi za starije sugra\u0111ane postao standard domova za starije osobe u nadle\u017enosti Grada.<\/p>\n\n\n\n<p>Namijenjeni su, poja\u0161njava Kolari\u0107, prvenstveno starijim Zagrep\u010danima koji nisu uklju\u010deni u sustav institucijskog zbrinjavanja te omogu\u0107avaju&nbsp;besplatno kori\u0161tenje niza socijalnih usluga, \u0161to zna\u010di i njihovu ve\u0107u uklju\u010denost i pobolj\u0161anje sadr\u017eaja \u017eivota. &#8220;Projekt doprinosi povezivanju starijih osoba sa zajednicom \u010dime se ja\u010da samostalnost i neovisnost starijih osoba, sprje\u010dava se socijalna izolacija te omogu\u0107ava du\u017ei ostanak u obiteljskoj sredini.&#8221;<\/p>\n\n\n\n<p>Gerontolo\u0161ki centri tako omogu\u0107uju kvalitetno provo\u0111enje slobodnog vremena kroz razli\u010dite besplatne sadr\u017eaje; provode aktivnosti pomo\u0107i u zadovoljavanju egzistencijalnih potreba, odnosno pomo\u0107 u ku\u0107i; omogu\u0107avaju posu\u0111ivanje ortopedskih pomagala; pru\u017eaju savjete, rade na zdravstvenoj preventivi; organiziraju tribine i predavanja, sportsko-rekreativne, kulturno-zabavne i radno-kreativne aktivnosti; informati\u010dke radionice i dr.<\/p>\n\n\n\n<p>Godi\u0161nje se u programe gerontolo\u0161kih centara uklju\u010duje 7.000 korisnika za koje se brinu stru\u010dni timovi, od socijalnih radnika, pravnika i radnih terapeuta, do medicinskih sestara te njegovatelja i kinezioterapeuta, ali i lije\u010dnika specijalista.<\/p>\n\n\n\n<h3 class=\"wp-block-heading\"><strong>Pobolj\u0161anje kvalitete \u017eivota osoba starije \u017eivotne dobi je dru\u0161tvena zada\u0107a<\/strong><\/h3>\n\n\n\n<p>Za razliku od Zagreba i drugih gradova, brojnim stara\u010dkim doma\u0107instvima ruralnim i udaljenim podru\u010djima nisu dostupne niti osnovne usluge. Jedan od klju\u010dnih problema nedostupnosti skrbi i usluga je, smatraju u Slu\u017ebi je nedostupnost prijevoza, \u0161to za posljedicu ima socijalnu izolaciju starijih osoba koje nisu u mogu\u0107nosti posjetiti ni lije\u010dnika.<\/p>\n\n\n\n<p>&#8220;Potrebno je razvijati mobilne multidisciplinarne timove stru\u010dnjaka razli\u010ditih profila unutar lokalne zajednice te razvijati specijalizirane volonterske programe usmjerene na starije osobe, na temelju prethodne procjene potreba&#8221;, isti\u010de na\u0161 sugovornik dodaju\u0107i kao primjer dobre prakse projekt gerontodoma\u0107ica. Smatra kako pomo\u0107 starijim osobama mora biti prioritet svih lokalnih uprava.<\/p>\n\n\n\n<p>Pobolj\u0161anje kvalitete \u017eivota osoba starije \u017eivotne dobi nu\u017enost je, a kroz programe i projekte kojima ih se uklju\u010duje u zajednicu i u kojima se osje\u0107aju dijelom dru\u0161tva- dru\u0161tvena zada\u0107a. Rije\u010d je o projektima kojima im se omogu\u0107ava dulji ostanak u vlastitom domu kao \u0161to su gerontolo\u0161ki centri, gerontodoma\u0107ice, pomo\u0107 u ku\u0107i, razna dru\u017eenja unutar udruga i aktivnosti koje te\u017ee o\u010duvanju funkcionalnih i intelektualnih sposobnosti osoba starije \u017eivotne dobi.<\/p>\n\n\n\n<p>&#8220;Moramo puno energije i rada ulo\u017eiti u korekciju stavova i uvjerenja o starijim osobama na svim razinama, a paralelno raditi na uklju\u010denosti starijih osoba i pomo\u0107i onima kojima je potrebna.&#8221;<\/p>\n\n\n\n<p>Otegotna okolnost u tim namjerama svakako je pandemijsko vrijeme. U \u017eivotima starijih osoba nerijetki su problemi mentalnog zdravlja koje uzrokuje osamljenost, nedostatni socijalni kontakti i socijalna izolacija, a ono je zbog pandemije jo\u0161 vi\u0161e do\u0161lo do izra\u017eaja i pove\u0107alo potrebu za intervencijama u podru\u010dju njegova o\u010duvanja.<\/p>\n\n\n\n<p>Samoizolacija i poja\u010dane mjere izolacije, uklju\u010duju\u0107i ograni\u010deno kretanje ili potpunu zabranu kretanja, nagla\u0161ava Kolari\u0107, mogu imati neposredan negativni u\u010dinak na starije osobe, a naro\u010dito na one koje su izlo\u017eene nasilju u obitelji, zaklju\u010duje voditelj Slu\u017ebe za javnozdravstvenu gerontologiju u Nastavnom zavodu za javno zdravstvo &#8220;Dr.Andrija \u0160tampar&#8221;.<\/p>\n\n\n\n<div id=\"sivo\"><\/p>\n\n\n\n<p>Prema podacima iz multidisciplinarnog me\u0111unarodnog istra\u017eivanja o zdravlju, umirovljenju, socio-ekonomskom statusu, socijalnim i obiteljskim mre\u017eama osoba u dobi od 50+ (SHARE), osobe starije \u017eivotne dobi u Hrvatskoj \u017eive kra\u0107e, uz vi\u0161e lijekova i sa znatno manje prihoda od svojih vr\u0161njaka iz Europske unije. Samo tri od deset ku\u0107anstava u kojima \u017eive osobe starije od 50 godina ima dovoljno novaca za pre\u017eivjeti mjesec. Mirovine u Hrvatskoj me\u0111u najni\u017eima su u Europskoj uniji te, kako se navodi u Izvje\u0161\u0107u Europske komisije za 2020., za razliku od 18,2 posto osoba starijih od 65 godina u EU, u Hrvatskoj ih je tijekom 2019. \u010dak 32,8 posto bilo izlo\u017eeno riziku od siroma\u0161tva.<\/p>\n\n\n\n<p><\/div>\n\n\n\n<div id=\"blokovi\"><img decoding=\"async\" src=\"https:\/\/www.mojevrijeme.hr\/magazin\/wp-content\/uploads\/2020\/09\/esf-lenta.jpg\">\nOvaj prilog objavljen je u sklopu projekta \u201cNovo vrijeme\u201d. Projekt je sufinancirala\nEuropska unija sredstvima Europskog socijalnog fonda. Sadr\u017eaj priloga isklju\u010diva\nje odgovornost Udruge Ho\u0107u stranicu.<\/div>\n<div id=\"mojev-548627972\" class=\"mojev-kraj-teksta mojev-entity-placement\" style=\"margin-bottom: 20px;margin-left: auto;margin-right: auto;text-align: center;\"><div class=\"mojev-adlabel\">oglas<\/div><div style=\"height: 250px;\"><script async src=\"https:\/\/pagead2.googlesyndication.com\/pagead\/js\/adsbygoogle.js?client=ca-pub-8106111766207173\"\r\n     crossorigin=\"anonymous\"><\/script>\r\n<!-- Display-1 -->\r\n<ins class=\"adsbygoogle\"\r\n     style=\"display:block\"\r\n     data-ad-client=\"ca-pub-8106111766207173\"\r\n     data-ad-slot=\"1465712950\"\r\n     data-ad-format=\"auto\"\r\n     data-full-width-responsive=\"true\"><\/ins>\r\n<script>\r\n     (adsbygoogle = window.adsbygoogle || []).push({});\r\n<\/script><\/div><\/div>","protected":false},"excerpt":{"rendered":"<p>Pobolj\u0161anje kvalitete \u017eivota osoba starije \u017eivotne dobi je nu\u017enost, a kroz programe i projekte kojima ih se uklju\u010duje u zajednicu i u kojima se osje\u0107aju dijelom dru\u0161tva- dru\u0161tvena zada\u0107a.<\/p>\n","protected":false},"author":14,"featured_media":46860,"comment_status":"closed","ping_status":"closed","sticky":false,"template":"","format":"standard","meta":{"footnotes":""},"categories":[9],"tags":[1185,2679,417,2339,80,39],"class_list":["post-46846","post","type-post","status-publish","format-standard","has-post-thumbnail","hentry","category-vijesti","tag-ageizam","tag-branko-kolaric","tag-drustvo","tag-novo-vrijeme","tag-starenje","tag-zagreb"],"_links":{"self":[{"href":"https:\/\/www.mojevrijeme.hr\/magazin\/wp-json\/wp\/v2\/posts\/46846","targetHints":{"allow":["GET"]}}],"collection":[{"href":"https:\/\/www.mojevrijeme.hr\/magazin\/wp-json\/wp\/v2\/posts"}],"about":[{"href":"https:\/\/www.mojevrijeme.hr\/magazin\/wp-json\/wp\/v2\/types\/post"}],"author":[{"embeddable":true,"href":"https:\/\/www.mojevrijeme.hr\/magazin\/wp-json\/wp\/v2\/users\/14"}],"replies":[{"embeddable":true,"href":"https:\/\/www.mojevrijeme.hr\/magazin\/wp-json\/wp\/v2\/comments?post=46846"}],"version-history":[{"count":0,"href":"https:\/\/www.mojevrijeme.hr\/magazin\/wp-json\/wp\/v2\/posts\/46846\/revisions"}],"wp:featuredmedia":[{"embeddable":true,"href":"https:\/\/www.mojevrijeme.hr\/magazin\/wp-json\/wp\/v2\/media\/46860"}],"wp:attachment":[{"href":"https:\/\/www.mojevrijeme.hr\/magazin\/wp-json\/wp\/v2\/media?parent=46846"}],"wp:term":[{"taxonomy":"category","embeddable":true,"href":"https:\/\/www.mojevrijeme.hr\/magazin\/wp-json\/wp\/v2\/categories?post=46846"},{"taxonomy":"post_tag","embeddable":true,"href":"https:\/\/www.mojevrijeme.hr\/magazin\/wp-json\/wp\/v2\/tags?post=46846"}],"curies":[{"name":"wp","href":"https:\/\/api.w.org\/{rel}","templated":true}]}}