{"id":47364,"date":"2021-05-11T13:47:53","date_gmt":"2021-05-11T11:47:53","guid":{"rendered":"https:\/\/www.mojevrijeme.hr\/magazin\/?p=47364"},"modified":"2021-05-11T13:47:57","modified_gmt":"2021-05-11T11:47:57","slug":"i-facebooku-su-dozlogrdili-korisnici-koji-dijele-clanke-koje-nisu-procitali","status":"publish","type":"post","link":"https:\/\/www.mojevrijeme.hr\/magazin\/2021\/05\/i-facebooku-su-dozlogrdili-korisnici-koji-dijele-clanke-koje-nisu-procitali\/","title":{"rendered":"I Facebooku su dozlogrdili korisnici koji dijele \u010dlanke koje nisu pro\u010ditali"},"content":{"rendered":"\n<p>Facebook je putem Twittera obavijestio korisnike da kre\u0107u isprobavati novi podsjetnik koji \u0107e ljude pitati \u017eele li podijeliti \u010dlanak koji jo\u0161 nisu otvorili, pi\u0161e\u00a0Verge, a prenosi<a href=\"https:\/\/hr.n1info.com\/tehnologija\/facebook-uvodi-novo-pravilo-za-dijeljenje-clanaka-s-portala\/\" target=\"_blank\" rel=\"noreferrer noopener\"> N1<\/a>.<\/p>\n\n\n\n<p>Naime, korisnicima \u0107e prije dijeljenja nekog linka isko\u010diti poruka koja \u0107e ih podsjetiti da \u010dlanak pro\u010ditaju prije nego \u0161to ga podijele. Ipak, \u010dak i ako ne \u017eele svejedno \u0107e ga mo\u0107i objaviti. Glasnogovornik Facebooka je naglasio da \u0107e dodatak do\u0107i do sveukupno \u0161est posto korisnika koji Facebook pokre\u0107u na Androidu.<\/p>\n\n\n\n<p>&#8220;Danas kre\u0107emo s testiranjem novog na\u010dina promoviranja informiranog dijeljenja novinskih \u010dlanaka. Ako objavljujete \u010dlanak koji niste pro\u010ditali, poku\u0161at \u0107emo vas ohrabriti da ga ipak otvorite prije nego \u0161to ga podijelite s drugima&#8221;, stoji u objavi.<\/p><div id=\"mojev-2740749466\" class=\"mojev-u-tekstu mojev-entity-placement\" style=\"margin-left: auto;margin-right: auto;text-align: center;\"><div class=\"mojev-adlabel\">oglas<\/div><div style=\"height: 250px;\"><script async src=\"https:\/\/pagead2.googlesyndication.com\/pagead\/js\/adsbygoogle.js?client=ca-pub-8106111766207173\"\r\n     crossorigin=\"anonymous\"><\/script>\r\n<!-- Prikazni 1 u tekstu -->\r\n<ins class=\"adsbygoogle\"\r\n     style=\"display:block\"\r\n     data-ad-client=\"ca-pub-8106111766207173\"\r\n     data-ad-slot=\"8535551207\"\r\n     data-ad-format=\"auto\"\r\n     data-full-width-responsive=\"true\"><\/ins>\r\n<script>\r\n     (adsbygoogle = window.adsbygoogle || []).push({});\r\n<\/script><\/div><\/div><br style=\"clear: both; display: block; float: none;\"\/>\n\n\n\n<p>Podsjetnik je manji od onog kojeg koristi Twitter koji je tom zna\u010dajkom razjario velik broj korisnika koji su \u010dlanak pro\u010ditali negdje drugdje, a samo su htjeli podijeliti poveznicu s drugog portala.<\/p>\n\n\n\n<p>Iz Facebooka ka\u017eu da \u0107e poruka poku\u0161ati pomo\u0107i korisnicima da se informiraju o stvarima koje dijele. Radi se o jo\u0161 jednom od nastojanja sprje\u010davanja \u0161irenja dezinformacija, problemom s kojim se Facebook suo\u010dava ve\u0107 godinama. Kao \u0161to poruka upozorava, ne otvaranje \u010dlanka dovest \u0107e do &#8220;propu\u0161tanja klju\u010dnih \u010dinjenica&#8221;, s obzirom da naslovi vrlo \u010desto pri\u010daju samo dio pri\u010de.<\/p>\n<div id=\"mojev-3329245804\" class=\"mojev-kraj-teksta mojev-entity-placement\" style=\"margin-bottom: 20px;margin-left: auto;margin-right: auto;text-align: center;\"><div class=\"mojev-adlabel\">oglas<\/div><div style=\"height: 250px;\"><script async src=\"https:\/\/pagead2.googlesyndication.com\/pagead\/js\/adsbygoogle.js?client=ca-pub-8106111766207173\"\r\n     crossorigin=\"anonymous\"><\/script>\r\n<!-- Display-1 -->\r\n<ins class=\"adsbygoogle\"\r\n     style=\"display:block\"\r\n     data-ad-client=\"ca-pub-8106111766207173\"\r\n     data-ad-slot=\"1465712950\"\r\n     data-ad-format=\"auto\"\r\n     data-full-width-responsive=\"true\"><\/ins>\r\n<script>\r\n     (adsbygoogle = window.adsbygoogle || []).push({});\r\n<\/script><\/div><\/div>","protected":false},"excerpt":{"rendered":"<p>Radi se o jo\u0161 jednom od nastojanja sprje\u010davanja \u0161irenja dezinformacija, problemom s kojim se Facebook suo\u010dava ve\u0107 godinama.<\/p>\n","protected":false},"author":1,"featured_media":32806,"comment_status":"closed","ping_status":"closed","sticky":false,"template":"","format":"standard","meta":{"footnotes":""},"categories":[9],"tags":[453,498,982,126],"class_list":["post-47364","post","type-post","status-publish","format-standard","has-post-thumbnail","hentry","category-vijesti","tag-drustvene-mreze","tag-facebook","tag-fake-news","tag-tehnologija"],"_links":{"self":[{"href":"https:\/\/www.mojevrijeme.hr\/magazin\/wp-json\/wp\/v2\/posts\/47364","targetHints":{"allow":["GET"]}}],"collection":[{"href":"https:\/\/www.mojevrijeme.hr\/magazin\/wp-json\/wp\/v2\/posts"}],"about":[{"href":"https:\/\/www.mojevrijeme.hr\/magazin\/wp-json\/wp\/v2\/types\/post"}],"author":[{"embeddable":true,"href":"https:\/\/www.mojevrijeme.hr\/magazin\/wp-json\/wp\/v2\/users\/1"}],"replies":[{"embeddable":true,"href":"https:\/\/www.mojevrijeme.hr\/magazin\/wp-json\/wp\/v2\/comments?post=47364"}],"version-history":[{"count":0,"href":"https:\/\/www.mojevrijeme.hr\/magazin\/wp-json\/wp\/v2\/posts\/47364\/revisions"}],"wp:featuredmedia":[{"embeddable":true,"href":"https:\/\/www.mojevrijeme.hr\/magazin\/wp-json\/wp\/v2\/media\/32806"}],"wp:attachment":[{"href":"https:\/\/www.mojevrijeme.hr\/magazin\/wp-json\/wp\/v2\/media?parent=47364"}],"wp:term":[{"taxonomy":"category","embeddable":true,"href":"https:\/\/www.mojevrijeme.hr\/magazin\/wp-json\/wp\/v2\/categories?post=47364"},{"taxonomy":"post_tag","embeddable":true,"href":"https:\/\/www.mojevrijeme.hr\/magazin\/wp-json\/wp\/v2\/tags?post=47364"}],"curies":[{"name":"wp","href":"https:\/\/api.w.org\/{rel}","templated":true}]}}