{"id":47444,"date":"2021-05-13T11:55:00","date_gmt":"2021-05-13T09:55:00","guid":{"rendered":"https:\/\/www.mojevrijeme.hr\/magazin\/?p=47444"},"modified":"2021-05-13T11:56:18","modified_gmt":"2021-05-13T09:56:18","slug":"koronakriza-i-potres-pogorsana-su-stanja-oboljelih-od-alzheimera-a-njegovatelji-su-iscrpljeni","status":"publish","type":"post","link":"https:\/\/www.mojevrijeme.hr\/magazin\/2021\/05\/koronakriza-i-potres-pogorsana-su-stanja-oboljelih-od-alzheimera-a-njegovatelji-su-iscrpljeni\/","title":{"rendered":"Korona i potres pogor\u0161ali su stanja oboljelih od Alzheimera i iscrpili njegovatelje"},"content":{"rendered":"\n<p>Pandemija koronavirusa utjecala je na psihi\u010dki \u017eivot svih nas, a posebno su pogo\u0111ene osobe koje pate od demencije ili Alzheimerove bolesti. No ne samo oni ve\u0107 i osobe koje o njima skrbe, pa su tako stres, anksioznost i neizvjesnost izazvani koronavirusom, ali i potresima, iza sebe ostavili oboljele od demencije zna\u010dajno pogor\u0161anog stanja i barem jednako toliko iscrpljenih njegovatelja.<\/p>\n\n\n\n<p>Jedna od oboljelih je i <strong>Goranina<\/strong> mama, kojoj se stanje u posljednjim mjesecima zna\u010dajno pogor\u0161alo. I dok je prije trebala minimalnu pomo\u0107, sada joj je potreban gotovo cjelodnevni nadzor jer zna odlutati pa se vi\u0161e ne zna vratiti ku\u0107i, a no\u0107u ne spava zbog \u010dega je budna \u010ditava obitelj.<\/p>\n\n\n\n<p>&#8220;Tata se vi\u0161e nije mogao sam brinuti o njoj, pa sam preselila k njima na par tjedana dok ne smislimo \u0161to \u0107emo i kako \u0107emo&#8221;, ka\u017ee Gorana. &#8220;Postalo je te\u0161ko jer mama ode, pa ne zna do\u0107i ku\u0107i. Neki dan ju je, tako, jedan susjed prona\u0161ao kako luta oko zgrade. Pitala ga je gdje su Dugave &#8211; a u Dugavama smo&#8221;, ka\u017ee Gorana.<\/p><div id=\"mojev-2447638304\" class=\"mojev-u-tekstu mojev-entity-placement\" style=\"margin-left: auto;margin-right: auto;text-align: center;\"><div class=\"mojev-adlabel\">oglas<\/div><div style=\"height: 250px;\"><script async src=\"https:\/\/pagead2.googlesyndication.com\/pagead\/js\/adsbygoogle.js?client=ca-pub-8106111766207173\"\r\n     crossorigin=\"anonymous\"><\/script>\r\n<!-- Prikazni 1 u tekstu -->\r\n<ins class=\"adsbygoogle\"\r\n     style=\"display:block\"\r\n     data-ad-client=\"ca-pub-8106111766207173\"\r\n     data-ad-slot=\"8535551207\"\r\n     data-ad-format=\"auto\"\r\n     data-full-width-responsive=\"true\"><\/ins>\r\n<script>\r\n     (adsbygoogle = window.adsbygoogle || []).push({});\r\n<\/script><\/div><\/div><br style=\"clear: both; display: block; float: none;\"\/>\n\n\n\n<p>Ovakvi slu\u010dajevi zahtijevaju jako veliku prilagodbu svih \u010dlanova obitelji, \u0161to je ponekad vrlo te\u0161ko pa \u010dak i nemogu\u0107e.<\/p>\n\n\n\n<p>Talijanski su znanstvenici nedavno u <a rel=\"noreferrer noopener\" href=\"https:\/\/www.mdpi.com\/1660-4601\/18\/8\/4285\" target=\"_blank\">International Journal of Environmental Research and Public Health<\/a> objavili \u010dlanak u kojem se ka\u017ee kako su &#8220;izolacija, strah od bolesti i nedostatak podra\u017eaja tijekom prvog <em>lockdowna<\/em> ubrzali proces propadanja kognitivnih sposobnosti kod pacijenata koji ve\u0107 pate od demencija, posebno Alzheimerove bolesti&#8221;.<\/p>\n\n\n\n<h3 class=\"wp-block-heading\">SOS telefoni su stalno zvonili<\/h3>\n\n\n\n<p>A da se tako ne\u0161to doista doga\u0111a, vrlo su svjesni i u <a href=\"https:\/\/alzheimer.hr\/\" target=\"_blank\" rel=\"noreferrer noopener\">Hrvatskoj udruzi za Alzheimerovu bolest<\/a>. O tome smo razgovarali s tajnicom Udruge, <strong>Tajanom Daj\u010di\u0107<\/strong>.<\/p>\n\n\n\n<p>&#8220;\u010cim je po\u010dela korona i <em>lockdown<\/em>, a nakon toga, na\u017ealost, i potresi, po\u010deli su u\u010destali pozivi na na\u0161e SOS telefone jer su ljudi koji u obiteljima imaju oboljele osobe, po\u010deli na njima primje\u0107ivati velike promjene. \u0160to je i normalno. Te su se promjene o\u010ditovale na na\u010din da se pojavila jedna poja\u010dana agresija, verbalna, ali i fizi\u010dka, zatim jedan u\u017easan nemir, anksioznost, poja\u010dan strah &#8211; a strah i ina\u010de prati Alzheimerovu bolest i druge demencije. U tom smo \u010dasu imali dva problema: problem oboljelih, ali i njegovatelja&#8221;, ka\u017ee Daj\u010di\u0107.<\/p>\n\n\n\n<p>Oboljeli su po\u010deli susretati ljude pod maskama, ka\u017ee, a nije im se moglo objasniti za\u0161to je to tako. U isto vrijeme, sve ono \u0161to se ina\u010de preporu\u010duje za osobe s demencijom &#8211; \u0161to vi\u0161e dru\u0161tvenih aktivnosti, odr\u017eavanje dru\u0161tvenog \u017eivota, izla\u017eenje van u \u0161etnje &#8211; sve to je palo u vodu.<\/p>\n\n\n\n<figure class=\"wp-block-image size-large\"><img loading=\"lazy\" decoding=\"async\" width=\"740\" height=\"444\" src=\"https:\/\/www.mojevrijeme.hr\/magazin\/wp-content\/uploads\/2021\/05\/tajana-dajcic-740x444.jpg\" alt=\"\" class=\"wp-image-47465\" srcset=\"https:\/\/www.mojevrijeme.hr\/magazin\/wp-content\/uploads\/2021\/05\/tajana-dajcic-740x444.jpg 740w, https:\/\/www.mojevrijeme.hr\/magazin\/wp-content\/uploads\/2021\/05\/tajana-dajcic-636x382.jpg 636w, https:\/\/www.mojevrijeme.hr\/magazin\/wp-content\/uploads\/2021\/05\/tajana-dajcic-768x461.jpg 768w, https:\/\/www.mojevrijeme.hr\/magazin\/wp-content\/uploads\/2021\/05\/tajana-dajcic-1536x922.jpg 1536w, https:\/\/www.mojevrijeme.hr\/magazin\/wp-content\/uploads\/2021\/05\/tajana-dajcic-1500x900.jpg 1500w, https:\/\/www.mojevrijeme.hr\/magazin\/wp-content\/uploads\/2021\/05\/tajana-dajcic-1600x960.jpg 1600w, https:\/\/www.mojevrijeme.hr\/magazin\/wp-content\/uploads\/2021\/05\/tajana-dajcic-590x354.jpg 590w, https:\/\/www.mojevrijeme.hr\/magazin\/wp-content\/uploads\/2021\/05\/tajana-dajcic-400x240.jpg 400w, https:\/\/www.mojevrijeme.hr\/magazin\/wp-content\/uploads\/2021\/05\/tajana-dajcic-1000x600.jpg 1000w, https:\/\/www.mojevrijeme.hr\/magazin\/wp-content\/uploads\/2021\/05\/tajana-dajcic-820x492.jpg 820w, https:\/\/www.mojevrijeme.hr\/magazin\/wp-content\/uploads\/2021\/05\/tajana-dajcic-1080x648.jpg 1080w, https:\/\/www.mojevrijeme.hr\/magazin\/wp-content\/uploads\/2021\/05\/tajana-dajcic.jpg 2000w\" sizes=\"auto, (max-width: 740px) 100vw, 740px\" \/><figcaption>Tajana Daj\u010di\u0107 (foto: Silvija Novak)<\/figcaption><\/figure>\n\n\n\n<p>&#8220;Isto je bilo i s ljudima koji su bili smje\u0161teni u domovima za starije jer su posjete bile zabranjene i osoblje je bilo u za\u0161titnim uniformama i s maskama, \u0161to je dovelo do toga da su oboljeli te\u0161ko razumjeli \u0161to im se govori, nisu razumjeli upute, u domovima su se sve dru\u0161tvene aktivnosti svele na minimum. Sve to je dovelo do ve\u0107e progresije bolesti. Po telefonskim pozivima koje smo primali, to se itekako osjetilo&#8221;, ka\u017ee Daj\u010di\u0107.<\/p>\n\n\n\n<h3 class=\"wp-block-heading\">Na sve to, jo\u0161 i potres<\/h3>\n\n\n\n<p>Dodatni problem je bio i u tome \u0161to su zdravstvene ustanove po\u010dele ograni\u010davati dolaske pacijenata te nije bilo mogu\u0107e organizirati normalne dijagnosti\u010dke pretrage, kontrole i ostalo \u0161to je dodatno pogor\u0161avalo \u010ditavu situaciju &#8211; i to jo\u0161 uvijek traje. A onda su do\u0161li i potresi.<\/p>\n\n\n\n<p>&#8220;Odjednom su ti ljudi vi\u0161e nisu prepoznavali svoje domove &#8211; a oni se jako ve\u017eu za neki prostor. Sve je bilo sru\u0161eno ili napuklo i to su bile stvari koje oni vi\u0161e nisu mogli shvatiti. Njima pojam potresa ni\u0161ta ne zna\u010di, ali su ga osjetili \u0161to je poja\u010dalo njihov strah&#8221;, ka\u017ee Daj\u010di\u0107.<\/p>\n\n\n\n<p>S druge strane, tu je problem njegovatelja, koji su &#8211; kao i svi mi &#8211; po\u010deli biti zabrinuti, u strahu, nisu mogli ostaviti svoje oboljele same, a ipak su morali povremeno iza\u0107i iz ku\u0107e.<\/p>\n\n\n\n<p>&#8220;<em>Lockdown<\/em>, pogotovo prvi, pogor\u0161ao je stanje oboljelih osoba, ali i njihovih neformalnih njegovatelja, dakle \u010dlanova obitelji, jer se i kod njih javila anksioznost, zabrinutost, strah, depresija. I njihova egzistencija je do\u0161la u pitanje. Ti njegovatelji su \u010desto u radnom odnosu pa je po\u010deo i taj rad od ku\u0107e, smanjena primanja, neizvjesna gospodarska situacija\u2026 To je sveukupno vrlo lo\u0161a i socijalna, i ekonomska, i emotivna situacija u kojoj su se na\u0161li &#8211; a ni\u0161ta od toga nisu mogli podijeliti s nekim&#8221;, ka\u017ee Daj\u010di\u0107.<\/p>\n\n\n\n<p>U Udruzi su odmah po\u010deli primje\u0107ivati poja\u010dane probleme u nekim obiteljima gdje su se i kod nekih njegovatelja po\u010deli javljati znakovi bolesti, ne nu\u017eno Alzheimerove, no neke druge koja tako\u0111er uzrokuje demenciju.<\/p>\n\n\n\n<p>&#8220;Poja\u010dala se depresija &#8211; \u0161to je isto bolest, a nije bilo mogu\u0107nosti dijagnosti\u010dkih pretraga. Ako je slu\u010daj da je ta osoba imala i nekih svojih drugih zdravstvenih problema &#8211; a naj\u010de\u0161\u0107e jest tako, jer njegovatelji su \u010desto osobe starije \u017eivotne dobi &#8211; i nisu mogli oti\u0107i na pregled lije\u010dniku, sve to zajedno je rezultiralo time da smo imali jako lo\u0161u sliku te populacije koja je zahva\u0107ena problemom Alzheimerove bolesti i drugih demencija, bez obzira radi li se o oboljelim osobama ili njihovim njegovateljima&#8221;, ka\u017ee Daj\u010di\u0107.<\/p>\n\n\n\n<h3 class=\"wp-block-heading\">SOS telefoni stalno zvone<\/h3>\n\n\n\n<p>U toj su fazi, obja\u0161njava, u Udruzi imali jakjo puno telefonskih poziva jer su na taj na\u010din jedino i mogli funkcionirati.<\/p>\n\n\n\n<p>&#8220;I na\u0161e su prostorije uni\u0161tene u potresu pa smo se morali seliti. Otvorili smo dodatne tri telefonske linije koje su non-stop bile u funkciji i radnim i neradnim danima, jer su ljudi jednostavno bili toliko o\u010dajni da su stalno zvali &#8211; i iz \u010ditave Hrvatske, ali posebno s potresom pogo\u0111enih podru\u010dja. Naime, ljudi su se morali seliti iz svojih domova i useliti u kontejnere s osobom koja ima demenciju, ili su se morali preseliti u studentski dom Cvjetno naselje. To su bile stra\u0161ne pri\u010de koje su i na nas jako lo\u0161e djelovale&#8221;, ka\u017ee tajnica Udruge.<\/p>\n\n\n\n<p>&#8220;Pri\u010de koje smo \u010duli su takve da je i nama skoro zatrebala psiholo\u0161ka pomo\u0107, a telefonski su razgovori trajali po sat vremena ili du\u017ee jer osobu koja zove je potrebno i saslu\u0161ati i objasniti joj i utje\u0161iti je, pa i plakati ako treba zajedno s tom osobom. Netko ih je morao saslu\u0161ati. \u010culi smo jako puno tu\u017enih pri\u010da i doista se situacija zna\u010dajno pogor\u0161ala&#8221;, ka\u017ee Daj\u010di\u0107.<\/p>\n\n\n\n<p>Posebno su se organizirali da iskoordiniraju specijali\u0161ti\u010dke preglede jer su uvidjeli da situacija izmi\u010de kontroli, a do specijalista se nije moglo do\u0107i redovnim putem. S obzirom da je Hrvatska udruga za Alzeimerovu bolest stru\u010dna udruga i sura\u0111uje s lije\u010dnicima &#8211; od kojih su mnogi i \u010dlanovi Udruge &#8211; organizirali su telefonske konzultacije s lije\u010dnicima jer dijagnostika se u odre\u0111enom periodu nije obavljala. &#8220;Tako smo ipak nekako pomogli ljudima jer se i na taj na\u010din mogla i promijeniti i prilagoditi terapija ili napraviti ne\u0161to \u0161to bi tim osobama pomoglo&#8221;, ka\u017ee Daj\u010di\u0107.<\/p>\n\n\n\n<h3 class=\"wp-block-heading\">Simptomi kod sve vi\u0161e ljudi<\/h3>\n\n\n\n<p>Ono \u0161to se \u010dini posebno zabrinjavaju\u0107im je to \u0161to se sad, nakon sve te izolacije i stresa, pojavljuju ljudi koji do sad nisu pokazivali nikakve simptome bolesti, iako su mo\u017eda imali neke naznake, a obitelj to nije tome pridavala dovoljno zna\u010daja. Ti ljudi su sada po\u010deli pokazivat jasne znakove pogor\u0161anja &#8211; a to su sve ljudi koji jo\u0161 nisu dijagnosticirani i kojima dijagnoza tek predstoji.<\/p>\n\n\n\n<figure class=\"wp-block-image size-large\"><img loading=\"lazy\" decoding=\"async\" width=\"740\" height=\"444\" src=\"https:\/\/www.mojevrijeme.hr\/magazin\/wp-content\/uploads\/2018\/02\/dementni-starci-740x444.jpg\" alt=\"Briga za dementne\" class=\"wp-image-12517\" srcset=\"https:\/\/www.mojevrijeme.hr\/magazin\/wp-content\/uploads\/2018\/02\/dementni-starci-740x444.jpg 740w, https:\/\/www.mojevrijeme.hr\/magazin\/wp-content\/uploads\/2018\/02\/dementni-starci-636x382.jpg 636w, https:\/\/www.mojevrijeme.hr\/magazin\/wp-content\/uploads\/2018\/02\/dementni-starci-768x461.jpg 768w, https:\/\/www.mojevrijeme.hr\/magazin\/wp-content\/uploads\/2018\/02\/dementni-starci-1536x922.jpg 1536w, https:\/\/www.mojevrijeme.hr\/magazin\/wp-content\/uploads\/2018\/02\/dementni-starci-1500x900.jpg 1500w, https:\/\/www.mojevrijeme.hr\/magazin\/wp-content\/uploads\/2018\/02\/dementni-starci-1600x960.jpg 1600w, https:\/\/www.mojevrijeme.hr\/magazin\/wp-content\/uploads\/2018\/02\/dementni-starci-590x354.jpg 590w, https:\/\/www.mojevrijeme.hr\/magazin\/wp-content\/uploads\/2018\/02\/dementni-starci-400x240.jpg 400w, https:\/\/www.mojevrijeme.hr\/magazin\/wp-content\/uploads\/2018\/02\/dementni-starci-1000x600.jpg 1000w, https:\/\/www.mojevrijeme.hr\/magazin\/wp-content\/uploads\/2018\/02\/dementni-starci-820x492.jpg 820w, https:\/\/www.mojevrijeme.hr\/magazin\/wp-content\/uploads\/2018\/02\/dementni-starci-150x90.jpg 150w, https:\/\/www.mojevrijeme.hr\/magazin\/wp-content\/uploads\/2018\/02\/dementni-starci.jpg 2000w\" sizes=\"auto, (max-width: 740px) 100vw, 740px\" \/><figcaption>foto: Israel Trejo\/Pixabay<\/figcaption><\/figure>\n\n\n\n<p>&#8220;Sad smo opet u problemu jer se na dijagnosti\u010dki postupak jako dugo \u010deka. Liste \u010dekanja su jo\u0161 dulje i u situaciji ste da imate sve znakove &#8211; to je ono \u0161to mi zovemo deset ranih znakova demencije &#8211; a da se na dijagnosti\u010dki postupak \u010deka i do \u0161est mjeseci. To je jako veliki gubitak za osobu koja je oboljela. Naime, dok se pro\u0111e cijeli postupak i dok se kona\u010dno dobije dijagnoza, mo\u017ee pro\u0107i i po godinu dana &#8211; a to je godinu dana izgubljenih \u0161to je za takve osobe jako puno jer bez adekvatne terapije bolest brzo napreduje&#8221;, ka\u017ee Daj\u010di\u0107.<\/p>\n\n\n\n<p>&#8220;Imali smo, tako, tri problema: osobe koje su ve\u0107 dijagnosticirane i jesu pod terapijom no kod kojih se bolest drasti\u010dno pogor\u0161ala, problem kod njihovih njegovatelja u smislu psihi\u010dkih stanja koja variraju od straha, izgubljenosti i depresije, i tre\u0107e, osobe koje su nedijagnosticirana i kod kojih je bolest u ranoj fazi te koji tek \u010dekaju svoju dijagnozu. Kod njih je stres bio okida\u010d da bolest krene.&#8221;<\/p>\n\n\n\n<p>Na <em>online<\/em> konferenciji koju je Udruga organizirala pro\u0161le godine, bilo je preko 300 sudionika, a tema je bila upravo demencija i COVID-19. To je bila tema i nekih konferencija na europskoj i svjetskoj razini jer posljedice \u0107e biti dugotrajne. Osim toga, postoji i post-COVID sindrom te je sve vi\u0161e dokaza da taj virus ostavlja itekakve posljedice na mozak. U Udruzi se zato pla\u0161e da \u0107e u budu\u0107nosti biti jako puno problema s demencijom i Alzheimerovom bolesti kod osoba koje su preboljele COVID-19.<\/p>\n\n\n\n<p>&#8220;Va\u017eno je naglasiti da su ove promjene o kojima sam govorila kad sam spomenula pogor\u0161anje stanja, trajne. Naime, demencije i Alzheimerova bolest su neizlje\u010dive. Jo\u0161 uvijek ne postoji lijek. Postoje samo antidementivi i jo\u0161 neki oblici farmakolo\u0161ke terapije koji se uzimaju kako bi se zaustavila ili usporila progresija bolesti. No kad imate ovako veliki stres kakav smo mi imali, ta progresija je zna\u010dajna. Antidementivi poma\u017eu da progresija ide lak\u0161e, ali kad osoba postane jako uznemirena i ne shva\u0107a \u0161to se doga\u0111a, sve to ide puno br\u017ee. Oboljele osobe moraju imati svoju rutinu koja je sada naru\u0161ena&#8221;, ka\u017ee Daj\u010di\u0107.<\/p>\n\n\n\n<p>Starije osobe koje i ina\u010de naj\u010de\u0161\u0107e pate od demencija, nisu imale \u010dak ni onu ljetnu pauzu u epidemiji jer su stalno bili zatvoreni i bilo im je ograni\u010deno kretanje s obzirom da spadaju u najugro\u017eeniju skupinu kad je korona u pitanju.<\/p>\n\n\n\n<p>&#8220;Njima je posebno te\u0161ko jer ne shva\u0107aju ni za\u0161to su sad zatvreni, za\u0161to moraju imati masku pa je stalno skidaju i tu nastaju problemi, dolazi do nemira i agresije. Mo\u017ee se re\u0107i da su ti ljudi zbog te stalne napetosti presko\u010dili jednu fazu bolesti. Oni koji su, primjerice, bili u ranoj srednjoj, sada su se iznenada na\u0161li u srednjoj fazi bolesti kad ve\u0107 po\u010dinju promjene u psihi\u010dkom pona\u0161anju. Svemu tome nadodajte i nesanicu \u0161to je za obitelj doista u\u017easno. Obitelji nam stalno govore da su jako iscrpljene jer ni te osobe koje oni njeguju ne spavaju \u010ditavu no\u0107, hodaju, di\u017eu se, \u017eele i\u0107i vanVi, prakti\u010dki, morate biti stalno budni i to je jedna kroni\u010dna nesanica koja je isto nezdravo stanje. Mi sada imamo i jako puo iscrpljenih njegovatelja&#8221;, ka\u017ee Tajana Daj\u010di\u0107.<\/p>\n\n\n\n<div id=\"sivo\"><\/p>\n\n\n\n<h3 class=\"wp-block-heading\">Promjene u pona\u0161anju koje mogu upu\u0107ivati da se radi o Alzheimerovoj bolesti:<\/h3>\n\n\n\n<ol class=\"wp-block-list\"><li>Poreme\u0107aj pam\u0107enja: razvija se postepeno, a najvi\u0161e se zaboravljaju doga\u0111aji koji su se nedavno dogodili.<\/li><li>Pote\u0161ko\u0107e u izvr\u0161avanju svakodnevnih aktivnosti: odr\u017eavanje osobne higijene, pote\u0161ko\u0107e u snala\u017eenju u stanu ili na ulici, trgovini, stalno zametanje sitnih stvari \u2013 klju\u010deva, nao\u010dala i sl.<\/li><li>Pote\u0161ko\u0107e govora, \u010ditanja i pisanja: zaboravljanjem rije\u010di u svakodnevnom govoru, zamjena istih rije\u010di nekim sli\u010dnim rije\u010dima, izgovoreno je nerazumljivo, nema svrhu niti smisao ili se osoba \u010desto slu\u017ei podjednakim odgovorima \u2013 frazama.<\/li><li>Gubitak prostorne i vremenske orijentacije: ne mo\u017ee se sjetiti koji je mjesec, dan ili godina, koje godi\u0161nje doba, ne snalazi se na od ranije poznatim mjestima.<\/li><li>Pogre\u0161ne procjene i odluke: ne razlikuje vrijednost novca, neprimjereno se obla\u010di u odnosu na godi\u0161nje doba.<\/li><li>Poreme\u0107aj apstraktnog mi\u0161ljenja: nemogu\u0107nost ispunjavanja nekog formulara, nerazumijevanje pojmova \u201ero\u0111endan\u201c, \u201eljubav\u201c, \u201epravednost\u201c.<\/li><li>U\u010destalo gubljenje stvari, ostavljanje stvari na neuobi\u010dajenim mjestima, \u010desto tra\u017eenje stvari po d\u017eepovima.<\/li><li>Promjene raspolo\u017eenja i pona\u0161anja: izmjena pona\u0161anja u smislu nemira, nervoze, ljutnje sa naglom promjenom na preveliku smirenost i nezainteresiranost za doga\u0111anje oko sebe, bezrazlo\u017ena tuga i plakanje sa izmjenom dobrog raspolo\u017eenja i smijeha.<\/li><li>Promjena osobnosti: pretjerana sumnji\u010davost, optu\u017eivanje okoline za kra\u0111u novaca, otu\u0111ivanjem stvari, strah od prisutnosti drugih osoba koje ne prepoznaje, strah od svega u okolini, ljubomora, nepovjerenje.<\/li><li>Gubitak koncentracije i interesa za socijalne aktivnosti, potpuna nezainteresiranost, osje\u0107a se napu\u0161tenom, osamljenom i prestra\u0161enom osobom.<\/li><\/ol>\n\n\n\n<p><\/div>\n\n\n\n<div id=\"blokovi\"><img decoding=\"async\" src=\"https:\/\/www.mojevrijeme.hr\/magazin\/wp-content\/uploads\/2020\/09\/esf-lenta.jpg\">\nOvaj prilog objavljen je u sklopu projekta \u201cNovo vrijeme\u201d. Projekt je sufinancirala\nEuropska unija sredstvima Europskog socijalnog fonda. Sadr\u017eaj priloga isklju\u010diva\nje odgovornost Udruge Ho\u0107u stranicu.<\/div>\n<div id=\"mojev-4118914549\" class=\"mojev-kraj-teksta mojev-entity-placement\" style=\"margin-bottom: 20px;margin-left: auto;margin-right: auto;text-align: center;\"><div class=\"mojev-adlabel\">oglas<\/div><div style=\"height: 250px;\"><script async src=\"https:\/\/pagead2.googlesyndication.com\/pagead\/js\/adsbygoogle.js?client=ca-pub-8106111766207173\"\r\n     crossorigin=\"anonymous\"><\/script>\r\n<!-- Display-1 -->\r\n<ins class=\"adsbygoogle\"\r\n     style=\"display:block\"\r\n     data-ad-client=\"ca-pub-8106111766207173\"\r\n     data-ad-slot=\"1465712950\"\r\n     data-ad-format=\"auto\"\r\n     data-full-width-responsive=\"true\"><\/ins>\r\n<script>\r\n     (adsbygoogle = window.adsbygoogle || []).push({});\r\n<\/script><\/div><\/div>","protected":false},"excerpt":{"rendered":"<p>Posebno zabrinjava \u0161to prve naznake bolesti sada pokazuju i oni kod kojih ranije nije bilo jasnih simptoma. <\/p>\n","protected":false},"author":4,"featured_media":47464,"comment_status":"closed","ping_status":"closed","sticky":false,"template":"","format":"standard","meta":{"footnotes":""},"categories":[3],"tags":[138,2165,1204,2339,2156],"class_list":["post-47444","post","type-post","status-publish","format-standard","has-post-thumbnail","hentry","category-zdravlje","tag-alzheimerova-bolest","tag-koronakriza","tag-mentalno-zdravlje","tag-novo-vrijeme","tag-potres"],"_links":{"self":[{"href":"https:\/\/www.mojevrijeme.hr\/magazin\/wp-json\/wp\/v2\/posts\/47444","targetHints":{"allow":["GET"]}}],"collection":[{"href":"https:\/\/www.mojevrijeme.hr\/magazin\/wp-json\/wp\/v2\/posts"}],"about":[{"href":"https:\/\/www.mojevrijeme.hr\/magazin\/wp-json\/wp\/v2\/types\/post"}],"author":[{"embeddable":true,"href":"https:\/\/www.mojevrijeme.hr\/magazin\/wp-json\/wp\/v2\/users\/4"}],"replies":[{"embeddable":true,"href":"https:\/\/www.mojevrijeme.hr\/magazin\/wp-json\/wp\/v2\/comments?post=47444"}],"version-history":[{"count":0,"href":"https:\/\/www.mojevrijeme.hr\/magazin\/wp-json\/wp\/v2\/posts\/47444\/revisions"}],"wp:featuredmedia":[{"embeddable":true,"href":"https:\/\/www.mojevrijeme.hr\/magazin\/wp-json\/wp\/v2\/media\/47464"}],"wp:attachment":[{"href":"https:\/\/www.mojevrijeme.hr\/magazin\/wp-json\/wp\/v2\/media?parent=47444"}],"wp:term":[{"taxonomy":"category","embeddable":true,"href":"https:\/\/www.mojevrijeme.hr\/magazin\/wp-json\/wp\/v2\/categories?post=47444"},{"taxonomy":"post_tag","embeddable":true,"href":"https:\/\/www.mojevrijeme.hr\/magazin\/wp-json\/wp\/v2\/tags?post=47444"}],"curies":[{"name":"wp","href":"https:\/\/api.w.org\/{rel}","templated":true}]}}