{"id":47581,"date":"2021-05-20T20:34:04","date_gmt":"2021-05-20T18:34:04","guid":{"rendered":"https:\/\/www.mojevrijeme.hr\/magazin\/?p=47581"},"modified":"2021-05-20T20:34:08","modified_gmt":"2021-05-20T18:34:08","slug":"umirovljenici-volontiraju-biti-na-pomoci-drugim-ljudima-zaista-ispunjava","status":"publish","type":"post","link":"https:\/\/www.mojevrijeme.hr\/magazin\/2021\/05\/umirovljenici-volontiraju-biti-na-pomoci-drugim-ljudima-zaista-ispunjava\/","title":{"rendered":"Umirovljenici volontiraju: &#8216;Biti na pomo\u0107i drugim ljudima, zaista ispunjava&#8217;"},"content":{"rendered":"\n<p>Pomaganje drugima zbog \u010diste radosti pomaganja, zbog stjecanja novih iskustava, zbog dru\u0161tva, zbog osje\u0107aja da smo korisni i da svojim radom i zalaganjem doprinosimo tome da svijet bude bolje mjesto &#8211; tako bi se, ukratko, moglo opisati volontiranje.<\/p>\n\n\n\n<p>Prema Europskom manifestu o volontiranju, volontiranje je aktivnost koja se poduzima slobodnom voljom pojedinca te osobnim izborom i motivacijom; bez \u017eelje za financijskom dobiti; u organiziranom okru\u017eenju (unutar nevladinih udruga, volonterskih centara, manje ili vi\u0161e organiziranih neformalnih skupina); u \u017eelji da se pomogne drugim osobama i dru\u0161tvu u cjelini, pridonose\u0107i zajedni\u010dkim vrijednostima, bez osobnih interesa.<\/p>\n\n\n\n<p>Iz tih razloga za volontiranje se odlu\u010duju i mnogi ljudi koji su zavr\u0161ili sa svojim radnim sta\u017eem i oti\u0161li u zaslu\u017eenu mirovinu, no i dalje \u017eele i mogu dati svoj doprinos lokalnoj zajednici. Nerijetko odlu\u010duju raditi iste ili sli\u010dne poslove koje su radili i tijekom mladosti, dok su bili zaposleni, pa svoje znanje i iskustvo sada nesebi\u010dno dijele s ostalima.<\/p><div id=\"mojev-2788010817\" class=\"mojev-u-tekstu mojev-entity-placement\" style=\"margin-left: auto;margin-right: auto;text-align: center;\"><div class=\"mojev-adlabel\">oglas<\/div><div style=\"height: 250px;\"><script async src=\"https:\/\/pagead2.googlesyndication.com\/pagead\/js\/adsbygoogle.js?client=ca-pub-8106111766207173\"\r\n     crossorigin=\"anonymous\"><\/script>\r\n<!-- Prikazni 1 u tekstu -->\r\n<ins class=\"adsbygoogle\"\r\n     style=\"display:block\"\r\n     data-ad-client=\"ca-pub-8106111766207173\"\r\n     data-ad-slot=\"8535551207\"\r\n     data-ad-format=\"auto\"\r\n     data-full-width-responsive=\"true\"><\/ins>\r\n<script>\r\n     (adsbygoogle = window.adsbygoogle || []).push({});\r\n<\/script><\/div><\/div><br style=\"clear: both; display: block; float: none;\"\/>\n\n\n\n<p>Takva je i pri\u010da gospo\u0111e<strong> Mice Lon\u010dar<\/strong> iz Koprivnice, umirovljene medicinske sestre koja se uklju\u010dila u volonterski program Crvenog kri\u017ea grada Koprivnice &#8220;Penzioner volonter&#8221; i koja, me\u0111u ostalim, kao volonterka poma\u017ee i u cijepljenju Koprivni\u010dana protiv koronavirusa. Porazgovarali smo s njom,a ona nam je ispri\u010dala kako to da je, iako je u mirovini, odlu\u010dila postati volonterka i za\u0161to se na to odlu\u010dila.<\/p>\n\n\n\n<h3 class=\"wp-block-heading\">&#8220;Osje\u0107ala sam da mogu jo\u0161 puno dati zajednici&#8221;<\/h3>\n\n\n\n<p>&#8220;Nakon umirovljenja imala sam mnogo slobodnog vremena. Osje\u0107ala sam da jo\u0161 mogu i \u017eelim u\u010diniti ne\u0161to za zajednicu u kojoj \u017eivim, a mnogima u na\u0161em dru\u0161tvu je potrebna pomo\u0107. Stoga sam odlu\u010dila u\u010dlaniti u Gradsko dru\u0161tvo Crvenog kri\u017ea Koprivnica te sad \u010desto volontiram u akcijama koje organiziraju, a rado odlazim i na aktivnosti njihovog Kluba umirovljenika&#8221;, ka\u017ee gospo\u0111a Mica i opisuje neke od svojih posljednjih volonterskih zadataka.<\/p>\n\n\n\n<p>&#8220;Evo, pro\u0161li tjedan sam volontirala u akciji prikupljanja donacija za Socijalnu samoposlugu u jednom trgova\u010dkom centru, a pomagala sam i prilikom masovnog cijepljenja u srednjo\u0161kolskoj sportskoj dvorani. Osim toga bila sam i na kreativnoj radionici u Klubu umirovljenika i nau\u010dila vesti koncem sliku na kartonu, zatim na vje\u017ebanju u vodi koje je za \u010dlanove Kluba organizirano na Gradskim bazenima &#8216;Cerine&#8217; te sam posjetila izlo\u017ebe u Galeriji Koprivnica, uz stru\u010dno vodstvo muzejskih kustosa&#8221;, opisuje gospo\u0111a Mica svoj vrlo aktivan i zanimljiv umirovljeni\u010dki \u017eivot.<\/p>\n\n\n\n<p>Na pitanje misli li da su umirovljenici op\u0107enito dovoljno aktivni ili se pre\u010desto prepu\u0161taju letargiji, gospo\u0111a Mica ka\u017ee kako je to individualno. &#8220;To ovisi o osobi, koliko je spremna uklju\u010diti se u bilo kakvu aktivnost. Mnoge u tome sada pomalo ko\u010di pandemija odnosno zdravstvene prilike ili neprilike.&#8221;<\/p>\n\n\n\n<p>Zbog osje\u0107aja da svojim radom doprinosi zajednici i da netko od njezinog anga\u017emana ima koristi, osje\u0107a se, ka\u017ee, ispunjeno. &#8220;Mnogo godina sam radila s ljudima i oduvijek sam socijalno osjetljiva, a sad mi se pru\u017eila prilika da se aktivno uklju\u010dim i pomognem zajednici i potrebitima. Osje\u0107am se zaista ispunjeno i zadovoljno.&#8221;<\/p>\n\n\n\n<figure class=\"wp-block-image size-large\"><img loading=\"lazy\" decoding=\"async\" width=\"740\" height=\"444\" src=\"https:\/\/www.mojevrijeme.hr\/magazin\/wp-content\/uploads\/2021\/05\/volonteri-crveni-kriz-740x444.jpg\" alt=\"\" class=\"wp-image-47687\" srcset=\"https:\/\/www.mojevrijeme.hr\/magazin\/wp-content\/uploads\/2021\/05\/volonteri-crveni-kriz-740x444.jpg 740w, https:\/\/www.mojevrijeme.hr\/magazin\/wp-content\/uploads\/2021\/05\/volonteri-crveni-kriz-636x382.jpg 636w, https:\/\/www.mojevrijeme.hr\/magazin\/wp-content\/uploads\/2021\/05\/volonteri-crveni-kriz-768x461.jpg 768w, https:\/\/www.mojevrijeme.hr\/magazin\/wp-content\/uploads\/2021\/05\/volonteri-crveni-kriz-1536x922.jpg 1536w, https:\/\/www.mojevrijeme.hr\/magazin\/wp-content\/uploads\/2021\/05\/volonteri-crveni-kriz-1500x900.jpg 1500w, https:\/\/www.mojevrijeme.hr\/magazin\/wp-content\/uploads\/2021\/05\/volonteri-crveni-kriz-1600x960.jpg 1600w, https:\/\/www.mojevrijeme.hr\/magazin\/wp-content\/uploads\/2021\/05\/volonteri-crveni-kriz-590x354.jpg 590w, https:\/\/www.mojevrijeme.hr\/magazin\/wp-content\/uploads\/2021\/05\/volonteri-crveni-kriz-400x240.jpg 400w, https:\/\/www.mojevrijeme.hr\/magazin\/wp-content\/uploads\/2021\/05\/volonteri-crveni-kriz-1000x600.jpg 1000w, https:\/\/www.mojevrijeme.hr\/magazin\/wp-content\/uploads\/2021\/05\/volonteri-crveni-kriz-820x492.jpg 820w, https:\/\/www.mojevrijeme.hr\/magazin\/wp-content\/uploads\/2021\/05\/volonteri-crveni-kriz-1080x648.jpg 1080w, https:\/\/www.mojevrijeme.hr\/magazin\/wp-content\/uploads\/2021\/05\/volonteri-crveni-kriz.jpg 2000w\" sizes=\"auto, (max-width: 740px) 100vw, 740px\" \/><figcaption>Penzioneri volonteri (foto: Crveni kri\u017e Koprivnica)<\/figcaption><\/figure>\n\n\n\n<p>Svima onima koji razmi\u0161ljaju o volontiranju, ali se jo\u0161 nisu na to odlu\u010dili, ima jednostavnu poruku: samo krenite! &#8220;Poru\u010dila bih im da su to trebali u\u010diniti jo\u0161 ju\u010der. To je neprocjenljiva vrijednost, biti na pomo\u0107 drugim ljudima, jer to zaista ispunjava. Uvijek se ka\u017ee: bolje je kad mo\u017ee\u0161 nekom pomo\u0107i, nego kad treba\u0161 tra\u017eiti pomo\u0107. Sve ovo volontiranje vezano uz Crveni kri\u017e meni je jedna lijepa pri\u010da o kojoj bih mogla dugo pri\u010dati\u2026&#8221;, ka\u017ee gospo\u0111a Mica Lon\u010dar.<\/p>\n\n\n\n<h3 class=\"wp-block-heading\">Projekt &#8220;Volonter penzioner&#8221;<\/h3>\n\n\n\n<p>Voditeljica projekta &#8220;Volonter penzioner&#8221; je ravnateljica Gradskog dru\u0161tva Crvenog kri\u017ea Koprivnica, <strong>Adela So\u010dev<\/strong>, koja nam je ukratko predstavila projekt. &#8220;Gradsko dru\u0161tvo Crvenog kri\u017ea Koprivnica u svoje djelovanje uklju\u010duje razli\u010dite skupine gra\u0111ana. Budu\u0107i da imaju vi\u0161e slobodnog vremena od mla\u0111ih i zaposlenih, starije osobe vrlo \u010desto i rado volontiraju u na\u0161im akcijama. Razmi\u0161ljali smo kako bi njihov anga\u017eman podigli na vi\u0161u razinu i ujedno podigli kvalitetu \u017eivota umirovljenika te je tako nastala ideja za projekt &#8216;Volonter penzioner'&#8221;, ka\u017ee gospo\u0111a So\u010dev.<\/p>\n\n\n\n<p>Zajedno s partnerima, a to su Grad Koprivnica, Udruga volontera Koprivni\u010dko-kri\u017eeva\u010dke \u017eupanije &#8220;Rad na dar&#8221;, Zavod za javno zdravstvo Koprivni\u010dko-kri\u017eeva\u010dke \u017eupanije i Dru\u0161tvo \u017eena &#8220;Kamengrad&#8221; iz koprivni\u010dkog prigradskog naselja Starigrad, nastao je projekt koji uklju\u010duje mno\u0161tvo razli\u010ditih mogu\u0107nosti za umirovljenike.<\/p>\n\n\n\n<p>&#8220;Osim \u0161to se poti\u010de uklju\u010divanje u \u017eivot zajednice kroz volontiranje, kroz ovaj projekt umirovljenici mogu birati zaista razli\u010dite programe kojima se poti\u010de njihova mentalna, fizi\u010dka i psihi\u010dka aktivnost&#8221;, ka\u017ee So\u010dev te dodaje kako je na natje\u010daju Ministarstva rada i mirovinskog sustava za ovaj projekt odobreno skoro dva milijuna kuna bespovratnih sredstava iz Europskog socijalnog fonda kroz poziv &#8220;\u2018Pridru\u017ei se \u2013 Aktivni u mirovini&#8221;. Projekt je po\u010deo 19. listopada 2020. i ugovoren je na tri godine.<\/p>\n\n\n\n<h3 class=\"wp-block-heading\">Umirovljenici poma\u017eu u procjepljivanju stanovni\u0161tva<\/h3>\n\n\n\n<p>Programom su obuhva\u0107ene doista razli\u010dite aktivnosti i mo\u017ee se volontirati na razli\u010dite na\u010dine. &#8220;Kroz projekt je zami\u0161ljeno volontiranje umirovljenika u akcijama prikupljanja donacija za Socijalnu samoposlugu, koje Gradsko dru\u0161tvo Crvenog kri\u017ea Koprivnica ve\u0107 godinama provodi u trgova\u010dkim centrima. Prikupljene prehrambene namirnice i higijenski artikli se svaki tjedan dijele u Socijalnoj samoposluzi osobama u potrebi. U pripremu i podjelu tih paketa tako\u0111er su uklju\u010deni umirovljenici&#8221;, ka\u017ee So\u010dev.<\/p>\n\n\n\n<p>&#8220;Budu\u0107i da me\u0111u na\u0161im volonterima starije \u017eivotne dobi ima umirovljenih zdravstvenih djelatnika, kad je po\u010dela epidemija, izrazili su \u017eelju pomagati u akcijama suzbijanja \u0161irenja koronavirusa. Konkretno, umirovljenici kao na\u0161i volonteri sada redovito poma\u017eu u provedbi masovnih cijepljenja protiv koronavirusa.&#8221;<\/p>\n\n\n\n<p>Paralelno s tim volonterskim aktivnostima, kroz projekt \u201eVolonter penzioner\u201c odvija se i mno\u0161tvo razli\u010ditih programa za umirovljenike. Da spomenemo samo neke: predavanja lije\u010dnika, vje\u017ebanje s trenerom, mjerenja tlaka i \u0161e\u0107era u krvi, posjeti izlo\u017ebama, kreativne radionice, zdravstveno savjetovali\u0161te\u2026 Uskoro kre\u0107u kompjutorske radionice i psiholo\u0161ka predavanja, u pripremi su fotografske radionice, edukacije o za\u010dinskom i ljekovitom bilju, a u pripremi je i otvaranje posudionice pomagala te jo\u0161 mno\u0161tvo zanimljivih i korisnih programa.<\/p>\n\n\n\n<h3 class=\"wp-block-heading\">Mogu se uklju\u010diti svi<\/h3>\n\n\n\n<p>U Klub umirovljenika, koji je Gradsko dru\u0161tvo Crvenog kri\u017ea Koprivnica osnovalo u sklopu projekta &#8216;Volonter penzioner&#8217;, mogu se uklju\u010diti svi umirovljenici, bez obzira gdje \u017eive. Bitna je samo dobra volja. Programi su besplatni, a za u\u010dlanjenje treba donijeti osobnu iskaznicu i rje\u0161enje o mirovini. Za sada, a projekt traje oko pola godine, uklju\u010dilo se 70-ak umirovljenika.&#8221;<\/p>\n\n\n\n<p>Kroz ovaj se projekt nastojalo oja\u010dati organizacije civilnog dru\u0161tva u podru\u010dju aktivnog starenja i pove\u0107ati kvalitetu \u017eivota umirovljenika. Specifi\u010dni ciljevi su ja\u010danje kapaciteta organizacija civilnoga dru\u0161tva za provo\u0111enje programa aktivnog starenja na lokalnoj razini, kao i razvoj socijalnih inovacija u radu s umirovljenicima te razvoj inovativnih programa koje provode organizacije civilnoga dru\u0161tva, obja\u0161njava nam So\u010dev.<\/p>\n\n\n\n<figure class=\"wp-block-image size-large\"><img loading=\"lazy\" decoding=\"async\" width=\"740\" height=\"444\" src=\"https:\/\/www.mojevrijeme.hr\/magazin\/wp-content\/uploads\/2021\/05\/adela-socev-740x444.jpg\" alt=\"\" class=\"wp-image-47689\" srcset=\"https:\/\/www.mojevrijeme.hr\/magazin\/wp-content\/uploads\/2021\/05\/adela-socev-740x444.jpg 740w, https:\/\/www.mojevrijeme.hr\/magazin\/wp-content\/uploads\/2021\/05\/adela-socev-636x382.jpg 636w, https:\/\/www.mojevrijeme.hr\/magazin\/wp-content\/uploads\/2021\/05\/adela-socev-768x461.jpg 768w, https:\/\/www.mojevrijeme.hr\/magazin\/wp-content\/uploads\/2021\/05\/adela-socev-1536x922.jpg 1536w, https:\/\/www.mojevrijeme.hr\/magazin\/wp-content\/uploads\/2021\/05\/adela-socev-1500x900.jpg 1500w, https:\/\/www.mojevrijeme.hr\/magazin\/wp-content\/uploads\/2021\/05\/adela-socev-1600x960.jpg 1600w, https:\/\/www.mojevrijeme.hr\/magazin\/wp-content\/uploads\/2021\/05\/adela-socev-590x354.jpg 590w, https:\/\/www.mojevrijeme.hr\/magazin\/wp-content\/uploads\/2021\/05\/adela-socev-400x240.jpg 400w, https:\/\/www.mojevrijeme.hr\/magazin\/wp-content\/uploads\/2021\/05\/adela-socev-1000x600.jpg 1000w, https:\/\/www.mojevrijeme.hr\/magazin\/wp-content\/uploads\/2021\/05\/adela-socev-820x492.jpg 820w, https:\/\/www.mojevrijeme.hr\/magazin\/wp-content\/uploads\/2021\/05\/adela-socev-1080x648.jpg 1080w, https:\/\/www.mojevrijeme.hr\/magazin\/wp-content\/uploads\/2021\/05\/adela-socev.jpg 2000w\" sizes=\"auto, (max-width: 740px) 100vw, 740px\" \/><figcaption>Adela So\u010dev (foto: Crveni kri\u017e Koprivnica)<\/figcaption><\/figure>\n\n\n\n<p>&#8220;Socijalna inovacija je program &#8216;Umirovljenici za umirovljenike&#8217; koji se ve\u0107 vrlo uspje\u0161no provodi. Gradsko dru\u0161tvo Crvenog kri\u017ea Koprivnica osmislilo je program u suradnji s Gradom Koprivnica, a odnosi se na uklju\u010divanje umirovljenika kao korisnika na\u0161e Socijalne samoposluge. Odre\u0111eni broj umirovljenika i osoba starijih od 65 godina u socijalnoj potrebi dobivaju pakete s osnovnim prehrambenim namirnicama i higijenskim potrep\u0161tinama. Kao volonteri, umirovljenici sudjeluju u akcijama prikupljanja donacija i podjela tih paketa u Socijalnoj samoposluzi&#8221;, ka\u017ee so\u010dev i nagla\u0161ava kako se kroz projekt posebno \u017eeljelo potaknuti me\u0111ugeneracijsku suradnju.<\/p>\n\n\n\n<h3 class=\"wp-block-heading\">Dru\u017eenje i suradnja razli\u010ditih generacija<\/h3>\n\n\n\n<p>&#8220;Srednjo\u0161kolci smjera medicinski tehni\u010dar, ujedno \u010dlanovi Kluba mladih GDCK Koprivnica, redovito dolaze u Klub umirovljenicima mjeriti tlak i razinu \u0161e\u0107era u krvi, a sli\u010dno \u0107e suradnja biti i tijekom informati\u010dkih radionica koje uskoro po\u010dinju&#8221;, ka\u017ee So\u010dev.<\/p>\n\n\n\n<p>Kroz projekt \u201eVolonter penzioner\u201c na tri godine su zaposlene dvije osobe, na radnim mjestima voditelja Kluba umirovljenika i njegovog asistenta. Oni organiziraju aktivnosti za umirovljenike, a u organizaciju programa i provedbu projekta uklju\u010deni su i ostali zaposlenici Gradskog dru\u0161tva Crvenog kri\u017ea.<\/p>\n\n\n\n<p>O va\u017enosti aktivnog \u017eivota u starijoj dobi sve se vi\u0161e govori, iako su zbog pandemije koronavirusa mnoge aktivnosti morale biti pauzirane ili druga\u010dije organizirane. No, umirovljenici se vrlo rado uklju\u010duju u ponu\u0111ene programe.<\/p>\n\n\n\n<p>&#8220;Iako ima onih koji zbog pandemije izbjegavaju bilo kakve dru\u0161tvene kontakte, umirovljenici se zaista vrlo rado uklju\u010duju u ovakve inicijative. A zapravo oni i poti\u010du provo\u0111enje razli\u010ditih programa. Primjerice, umirovljeni zdravstveni radnici, koji su ujedno \u010dlanovi GDCK Koprivnica, izrazili su \u017eelju za volontiranjem tijekom cijepljenja protiv koronavirusa te u provo\u0111enju brzog testiranja&#8221;, ka\u017ee So\u010dev.<\/p>\n\n\n\n<p>&#8220;Najjednostavnije re\u010deno, kroz Volonterski klub za umirovljenike prvenstveno smo ih \u017eeljeli potaknuti da budu aktivni u svoje slobodno vrijeme te da ga iskoriste ugodno i korisno. Nakon osnivanja Kluba umirovljenika, bespovratnim sredstvima iz Europskog socijalnog fonda iznajmili smo prostor u kojem se sada svakodnevno okupljaju starije osobe i odvijaju razli\u010diti programi. Neke sam aktivnosti ve\u0107 spomenula, a sve objavljujemo na na\u0161oj <a rel=\"noreferrer noopener\" href=\"https:\/\/www.facebook.com\/Crveni-kri%C5%BE-Koprivnica-375435032597793\" target=\"_blank\">Facebook stranici Crveni kri\u017e Koprivnica<\/a> i na na\u0161oj web stranici <a rel=\"noreferrer noopener\" href=\"https:\/\/www.hck-koprivnica.hr\/\" target=\"_blank\">www.hck-koprivnica.hr<\/a>&#8220;, ka\u017ee Adela So\u010dev.<\/p>\n\n\n\n<div id=\"blokovi\"><img decoding=\"async\" src=\"https:\/\/www.mojevrijeme.hr\/magazin\/wp-content\/uploads\/2020\/09\/esf-lenta.jpg\">\nOvaj prilog objavljen je u sklopu projekta \u201cNovo vrijeme\u201d. Projekt je sufinancirala\nEuropska unija sredstvima Europskog socijalnog fonda. Sadr\u017eaj priloga isklju\u010diva\nje odgovornost Udruge Ho\u0107u stranicu.<\/div>\n<div id=\"mojev-3561165277\" class=\"mojev-kraj-teksta mojev-entity-placement\" style=\"margin-bottom: 20px;margin-left: auto;margin-right: auto;text-align: center;\"><div class=\"mojev-adlabel\">oglas<\/div><div style=\"height: 250px;\"><script async src=\"https:\/\/pagead2.googlesyndication.com\/pagead\/js\/adsbygoogle.js?client=ca-pub-8106111766207173\"\r\n     crossorigin=\"anonymous\"><\/script>\r\n<!-- Display-1 -->\r\n<ins class=\"adsbygoogle\"\r\n     style=\"display:block\"\r\n     data-ad-client=\"ca-pub-8106111766207173\"\r\n     data-ad-slot=\"1465712950\"\r\n     data-ad-format=\"auto\"\r\n     data-full-width-responsive=\"true\"><\/ins>\r\n<script>\r\n     (adsbygoogle = window.adsbygoogle || []).push({});\r\n<\/script><\/div><\/div>","protected":false},"excerpt":{"rendered":"<p>Volonterski klub za umirovljenike iz Koprivnice nastoji potaknuti umirovljenike da budu aktivni u svoje slobodno vrijeme te da ga iskoriste ugodno i korisno. <\/p>\n","protected":false},"author":4,"featured_media":47691,"comment_status":"closed","ping_status":"closed","sticky":false,"template":"","format":"standard","meta":{"footnotes":""},"categories":[85],"tags":[2152,1155,2339,77,1032],"class_list":["post-47581","post","type-post","status-publish","format-standard","has-post-thumbnail","hentry","category-aktivno-starenje","tag-crveni-kriz","tag-koprivnica","tag-novo-vrijeme","tag-umirovljenici","tag-volontiranje"],"_links":{"self":[{"href":"https:\/\/www.mojevrijeme.hr\/magazin\/wp-json\/wp\/v2\/posts\/47581","targetHints":{"allow":["GET"]}}],"collection":[{"href":"https:\/\/www.mojevrijeme.hr\/magazin\/wp-json\/wp\/v2\/posts"}],"about":[{"href":"https:\/\/www.mojevrijeme.hr\/magazin\/wp-json\/wp\/v2\/types\/post"}],"author":[{"embeddable":true,"href":"https:\/\/www.mojevrijeme.hr\/magazin\/wp-json\/wp\/v2\/users\/4"}],"replies":[{"embeddable":true,"href":"https:\/\/www.mojevrijeme.hr\/magazin\/wp-json\/wp\/v2\/comments?post=47581"}],"version-history":[{"count":0,"href":"https:\/\/www.mojevrijeme.hr\/magazin\/wp-json\/wp\/v2\/posts\/47581\/revisions"}],"wp:featuredmedia":[{"embeddable":true,"href":"https:\/\/www.mojevrijeme.hr\/magazin\/wp-json\/wp\/v2\/media\/47691"}],"wp:attachment":[{"href":"https:\/\/www.mojevrijeme.hr\/magazin\/wp-json\/wp\/v2\/media?parent=47581"}],"wp:term":[{"taxonomy":"category","embeddable":true,"href":"https:\/\/www.mojevrijeme.hr\/magazin\/wp-json\/wp\/v2\/categories?post=47581"},{"taxonomy":"post_tag","embeddable":true,"href":"https:\/\/www.mojevrijeme.hr\/magazin\/wp-json\/wp\/v2\/tags?post=47581"}],"curies":[{"name":"wp","href":"https:\/\/api.w.org\/{rel}","templated":true}]}}