{"id":47968,"date":"2021-05-31T10:55:59","date_gmt":"2021-05-31T08:55:59","guid":{"rendered":"https:\/\/www.mojevrijeme.hr\/magazin\/?p=47968"},"modified":"2021-05-31T10:56:41","modified_gmt":"2021-05-31T08:56:41","slug":"milanovic-o-domovinskom-pokretu-strace","status":"publish","type":"post","link":"https:\/\/www.mojevrijeme.hr\/magazin\/2021\/05\/milanovic-o-domovinskom-pokretu-strace\/","title":{"rendered":"Milanovi\u0107 o Domovinskom pokretu: \u0160trace!"},"content":{"rendered":"\n<p>Predsjednik Republike Hrvatske, <strong>Zoran Milanovi\u0107<\/strong> komentirao je rezultate izbora, prvenstveno tvrdnje iz pobjedni\u010dkog Mo\u017eemo da je Domovinski pokret vodio kampanju kakva se vi\u0111a u Vu\u010di\u0107evoj Srbiji.<\/p>\n\n\n\n<p>\u201cNe postoji Domovinski pokret. Ne mo\u017ee na \u010delu Domovinskog pokreta biti netko tko je iz Osijeka pobjegao u Ameriku i tamo se vucarao po nekim klubovima i maltene se prikazuje kao Bruno Bu\u0161i\u0107. Ne priznajem Domovinski pokret. Ne mo\u017ee to svaka \u0161traca koristiti kako ho\u0107e, mi smo domoljubi, a vi izdajnici \u2013 ne mo\u017ee to svatko koristiti kako ho\u0107e\u201d, rekao je Milanovi\u0107.<\/p>\n\n\n\n<p>Milanovi\u0107 je ovu izjavu dao nakon sudjelovanja na Konferenciji za voditelje udruga osoba s invaliditetom koju organizira Hrvatski savez udruga s tjelesnim invaliditetom u sklopu prve godine provedbe trogodi\u0161njeg Programa &#8220;Socijalizacija, edukacija i rekreacija osoba s invaliditetom&#8221;.&nbsp;<\/p><div id=\"mojev-594879915\" class=\"mojev-u-tekstu mojev-entity-placement\" style=\"margin-left: auto;margin-right: auto;text-align: center;\"><div class=\"mojev-adlabel\">oglas<\/div><div style=\"height: 250px;\"><script async src=\"https:\/\/pagead2.googlesyndication.com\/pagead\/js\/adsbygoogle.js?client=ca-pub-8106111766207173\"\r\n     crossorigin=\"anonymous\"><\/script>\r\n<!-- Prikazni 1 u tekstu -->\r\n<ins class=\"adsbygoogle\"\r\n     style=\"display:block\"\r\n     data-ad-client=\"ca-pub-8106111766207173\"\r\n     data-ad-slot=\"8535551207\"\r\n     data-ad-format=\"auto\"\r\n     data-full-width-responsive=\"true\"><\/ins>\r\n<script>\r\n     (adsbygoogle = window.adsbygoogle || []).push({});\r\n<\/script><\/div><\/div><br style=\"clear: both; display: block; float: none;\"\/>\n<div id=\"mojev-1070362106\" class=\"mojev-kraj-teksta mojev-entity-placement\" style=\"margin-bottom: 20px;margin-left: auto;margin-right: auto;text-align: center;\"><div class=\"mojev-adlabel\">oglas<\/div><div style=\"height: 250px;\"><script async src=\"https:\/\/pagead2.googlesyndication.com\/pagead\/js\/adsbygoogle.js?client=ca-pub-8106111766207173\"\r\n     crossorigin=\"anonymous\"><\/script>\r\n<!-- Display-1 -->\r\n<ins class=\"adsbygoogle\"\r\n     style=\"display:block\"\r\n     data-ad-client=\"ca-pub-8106111766207173\"\r\n     data-ad-slot=\"1465712950\"\r\n     data-ad-format=\"auto\"\r\n     data-full-width-responsive=\"true\"><\/ins>\r\n<script>\r\n     (adsbygoogle = window.adsbygoogle || []).push({});\r\n<\/script><\/div><\/div>","protected":false},"excerpt":{"rendered":"<p>I prije drugog kruga lokalnih izbora, predsjednik je tvrdio da je u Zagrebu stvar ve\u0107 rije\u0161ena. <\/p>\n","protected":false},"author":1,"featured_media":40150,"comment_status":"closed","ping_status":"closed","sticky":false,"template":"","format":"standard","meta":{"footnotes":""},"categories":[9],"tags":[2270,2628,1620,300],"class_list":["post-47968","post","type-post","status-publish","format-standard","has-post-thumbnail","hentry","category-vijesti","tag-domovinski-pokret","tag-lokalni-izbori","tag-miroslav-skoro","tag-zoran-milanovic"],"_links":{"self":[{"href":"https:\/\/www.mojevrijeme.hr\/magazin\/wp-json\/wp\/v2\/posts\/47968","targetHints":{"allow":["GET"]}}],"collection":[{"href":"https:\/\/www.mojevrijeme.hr\/magazin\/wp-json\/wp\/v2\/posts"}],"about":[{"href":"https:\/\/www.mojevrijeme.hr\/magazin\/wp-json\/wp\/v2\/types\/post"}],"author":[{"embeddable":true,"href":"https:\/\/www.mojevrijeme.hr\/magazin\/wp-json\/wp\/v2\/users\/1"}],"replies":[{"embeddable":true,"href":"https:\/\/www.mojevrijeme.hr\/magazin\/wp-json\/wp\/v2\/comments?post=47968"}],"version-history":[{"count":0,"href":"https:\/\/www.mojevrijeme.hr\/magazin\/wp-json\/wp\/v2\/posts\/47968\/revisions"}],"wp:featuredmedia":[{"embeddable":true,"href":"https:\/\/www.mojevrijeme.hr\/magazin\/wp-json\/wp\/v2\/media\/40150"}],"wp:attachment":[{"href":"https:\/\/www.mojevrijeme.hr\/magazin\/wp-json\/wp\/v2\/media?parent=47968"}],"wp:term":[{"taxonomy":"category","embeddable":true,"href":"https:\/\/www.mojevrijeme.hr\/magazin\/wp-json\/wp\/v2\/categories?post=47968"},{"taxonomy":"post_tag","embeddable":true,"href":"https:\/\/www.mojevrijeme.hr\/magazin\/wp-json\/wp\/v2\/tags?post=47968"}],"curies":[{"name":"wp","href":"https:\/\/api.w.org\/{rel}","templated":true}]}}