{"id":48190,"date":"2021-06-08T18:01:53","date_gmt":"2021-06-08T16:01:53","guid":{"rendered":"https:\/\/www.mojevrijeme.hr\/magazin\/?p=48190"},"modified":"2021-06-08T18:07:01","modified_gmt":"2021-06-08T16:07:01","slug":"silvano-hrelja-objavio-uvjet-za-podrsku-hdz-u-u-saboru","status":"publish","type":"post","link":"https:\/\/www.mojevrijeme.hr\/magazin\/2021\/06\/silvano-hrelja-objavio-uvjet-za-podrsku-hdz-u-u-saboru\/","title":{"rendered":"Silvano Hrelja objavio uvjet za podr\u0161ku HDZ-u u Saboru"},"content":{"rendered":"\n<p>&#8220;Ako Vlada Republike Hrvatske od 1. srpnja sljede\u0107e godine po\u010dne ispla\u0107ivati obiteljske mirovine po europskom modelu, mogu me pozvati na razgovor oko projektne suradnje. Gotovo. Ende. To zna\u010di da nad\u017eivjeli bra\u010dni partner ima pravo na dio mirovine onoga koji je umro, vrlo konkretno, to je taj europski model. Mi smo predlo\u017eili da to bude 50 posto, Vlada je to odbila\u201d, rekao je saborski zastupnik Hrvatske stranke umirovljenika <strong>Silvano Hrelja<\/strong> u programu <a href=\"https:\/\/hr.n1info.com\/video\/n1-studio-uzivo\/hrelja-otkrio-sto-je-uvjet-za-njegovu-projektnu-suradnju-s-plenkovicem-2\/\" target=\"_blank\" rel=\"noreferrer noopener\">N1<\/a> televizije. <\/p>\n\n\n\n<p>Dodao je da se radi o goru\u0107em problemu mirovinskog sustava te da ga umirovljenici svaki dan zovu i pitaju kad \u0107e se to dogoditi.<\/p>\n\n\n\n<p>&#8220;Uop\u0107e nije upitno koliko bi to ko\u0161talo, \u010dinjenica je da su ljudi svoje pravo stvorili dugogodi\u0161njim uplatama kroz vi\u0161e desetlje\u0107a zajedno. Kad jedan umre, drugi ostaje u zoni siroma\u0161tva, a ve\u0107inom su to \u017eene. Dijelimo mirovine HVO-u, dijelimo braniteljske mirovine, koje nisu pokrivene doprinosima, ovi ljudi su o\u0161te\u0107eni, sve ove godine su o\u0161te\u0107eni. Vrijeme je da se to rije\u0161i&#8221;, rekao je Hrelja pa rekao i koliko bi to ko\u0161talo.<\/p><div id=\"mojev-3863012985\" class=\"mojev-u-tekstu mojev-entity-placement\" style=\"margin-left: auto;margin-right: auto;text-align: center;\"><div class=\"mojev-adlabel\">oglas<\/div><div style=\"height: 250px;\"><script async src=\"https:\/\/pagead2.googlesyndication.com\/pagead\/js\/adsbygoogle.js?client=ca-pub-8106111766207173\"\r\n     crossorigin=\"anonymous\"><\/script>\r\n<!-- Prikazni 1 u tekstu -->\r\n<ins class=\"adsbygoogle\"\r\n     style=\"display:block\"\r\n     data-ad-client=\"ca-pub-8106111766207173\"\r\n     data-ad-slot=\"8535551207\"\r\n     data-ad-format=\"auto\"\r\n     data-full-width-responsive=\"true\"><\/ins>\r\n<script>\r\n     (adsbygoogle = window.adsbygoogle || []).push({});\r\n<\/script><\/div><\/div><br style=\"clear: both; display: block; float: none;\"\/>\n\n\n\n<p>&#8220;To je ne\u0161to vi\u0161e od milijardu kuna godi\u0161nje. Uvijek se mo\u017ee, mora se mo\u0107i na\u0107i sredstva, da se borimo protiv nepravde koja se na dnevnoj bazi \u010dini umirovljenicima&#8221;, rekao je Hrelja.<\/p>\n<div id=\"mojev-3471115464\" class=\"mojev-kraj-teksta mojev-entity-placement\" style=\"margin-bottom: 20px;margin-left: auto;margin-right: auto;text-align: center;\"><div class=\"mojev-adlabel\">oglas<\/div><div style=\"height: 250px;\"><script async src=\"https:\/\/pagead2.googlesyndication.com\/pagead\/js\/adsbygoogle.js?client=ca-pub-8106111766207173\"\r\n     crossorigin=\"anonymous\"><\/script>\r\n<!-- Display-1 -->\r\n<ins class=\"adsbygoogle\"\r\n     style=\"display:block\"\r\n     data-ad-client=\"ca-pub-8106111766207173\"\r\n     data-ad-slot=\"1465712950\"\r\n     data-ad-format=\"auto\"\r\n     data-full-width-responsive=\"true\"><\/ins>\r\n<script>\r\n     (adsbygoogle = window.adsbygoogle || []).push({});\r\n<\/script><\/div><\/div>","protected":false},"excerpt":{"rendered":"<p>To je ne\u0161to vi\u0161e od milijardu kuna godi\u0161nje. Uvijek se mo\u017ee, mora se mo\u0107i na\u0107i sredstva, da se borimo protiv nepravde koja se na dnevnoj bazi \u010dini umirovljenicima, rekao je Hrelja.<\/p>\n","protected":false},"author":1,"featured_media":32510,"comment_status":"closed","ping_status":"closed","sticky":false,"template":"","format":"standard","meta":{"footnotes":""},"categories":[9],"tags":[1010,553],"class_list":["post-48190","post","type-post","status-publish","format-standard","has-post-thumbnail","hentry","category-vijesti","tag-obiteske-mirovine","tag-silvano-hrelja"],"_links":{"self":[{"href":"https:\/\/www.mojevrijeme.hr\/magazin\/wp-json\/wp\/v2\/posts\/48190","targetHints":{"allow":["GET"]}}],"collection":[{"href":"https:\/\/www.mojevrijeme.hr\/magazin\/wp-json\/wp\/v2\/posts"}],"about":[{"href":"https:\/\/www.mojevrijeme.hr\/magazin\/wp-json\/wp\/v2\/types\/post"}],"author":[{"embeddable":true,"href":"https:\/\/www.mojevrijeme.hr\/magazin\/wp-json\/wp\/v2\/users\/1"}],"replies":[{"embeddable":true,"href":"https:\/\/www.mojevrijeme.hr\/magazin\/wp-json\/wp\/v2\/comments?post=48190"}],"version-history":[{"count":0,"href":"https:\/\/www.mojevrijeme.hr\/magazin\/wp-json\/wp\/v2\/posts\/48190\/revisions"}],"wp:featuredmedia":[{"embeddable":true,"href":"https:\/\/www.mojevrijeme.hr\/magazin\/wp-json\/wp\/v2\/media\/32510"}],"wp:attachment":[{"href":"https:\/\/www.mojevrijeme.hr\/magazin\/wp-json\/wp\/v2\/media?parent=48190"}],"wp:term":[{"taxonomy":"category","embeddable":true,"href":"https:\/\/www.mojevrijeme.hr\/magazin\/wp-json\/wp\/v2\/categories?post=48190"},{"taxonomy":"post_tag","embeddable":true,"href":"https:\/\/www.mojevrijeme.hr\/magazin\/wp-json\/wp\/v2\/tags?post=48190"}],"curies":[{"name":"wp","href":"https:\/\/api.w.org\/{rel}","templated":true}]}}