{"id":48208,"date":"2021-06-09T14:21:49","date_gmt":"2021-06-09T12:21:49","guid":{"rendered":"https:\/\/www.mojevrijeme.hr\/magazin\/?p=48208"},"modified":"2021-06-09T14:23:13","modified_gmt":"2021-06-09T12:23:13","slug":"alka-vuica-proslavila-je-60-rodendan-a-mlijecne-zube-izgubila-je-s-38","status":"publish","type":"post","link":"https:\/\/www.mojevrijeme.hr\/magazin\/2021\/06\/alka-vuica-proslavila-je-60-rodendan-a-mlijecne-zube-izgubila-je-s-38\/","title":{"rendered":"Alka Vuica proslavila je 60. ro\u0111endan, a mlije\u010dne zube izgubila je s 38"},"content":{"rendered":"\n<p>Pjesnikinja i kantautorica Alka Vuica proslavila je u jednom zagreba\u010dkom restoranu 60. ro\u0111endan. Obljetnicu ro\u0111enja obilje\u017eila je i nizom fotografija s te proslave, a koje je objavila na Instagramu uz poruku: &#8220;Hvala svima!&#8221;<\/p>\n\n\n\n<p>Podsjetimo, Vuica je ve\u0107 nekoliko puta izjavila kako joj starenje nije drago. \u201cMislim da je totalna glupost da su pedesete najbolje godine, to svi la\u017eu koji tako ka\u017eu. Meni je razdoblje od tridesetih do \u010detrdesetih bilo super. Mislim da su to fantasti\u010dne godine za \u017eenu, jer je na neki na\u010din zrelija. Premda volim i svoje lude dvadesete, to mi je isto bilo dobro. Ali sve iznad pedeset mi se uop\u0107e ne svi\u0111a\u201d, izjavila je Alka prije tri godine za&nbsp;<strong><a rel=\"noreferrer noopener\" href=\"https:\/\/www.mojevrijeme.hr\/magazin\/2018\/01\/alka-vuica-56-lazu-kad-kazu-da-su-pedesete-najbolje\/\" target=\"_blank\">Novu TV<\/a><\/strong>.<\/p>\n\n\n\n<p>Trenutno je gledamo u RTL-ovom showu &#8220;Ma la\u017ee\u0161&#8221; u kojem je podsjetila i na svoj neobi\u010dan osmijeh iz mladosti, zahvaljuju\u0107i mlije\u010dnim zubima koje je zadr\u017eala do 38. godine. &#8216;Imala sam dva mlije\u010dna zuba i uvijek kad sam snimala spotove sam lijepila \u017evaka\u010du da se to ne vidi. Mislila sam da \u0107u umrijeti kad otpadnu. Jednu ve\u010der u klubu Maksimir mi je zub ispao, a ja sam ustala i u panici\u00a0po\u010dela vikati &#8216;Tra\u017eite mi zub, umrijet \u0107u, umrijet \u0107u!&#8217; I svi su sa mnom tra\u017eili zub!&#8221; otkrila je Alka.<\/p><div id=\"mojev-3323905710\" class=\"mojev-u-tekstu mojev-entity-placement\" style=\"margin-left: auto;margin-right: auto;text-align: center;\"><div class=\"mojev-adlabel\">oglas<\/div><div style=\"height: 250px;\"><script async src=\"https:\/\/pagead2.googlesyndication.com\/pagead\/js\/adsbygoogle.js?client=ca-pub-8106111766207173\"\r\n     crossorigin=\"anonymous\"><\/script>\r\n<!-- Prikazni 1 u tekstu -->\r\n<ins class=\"adsbygoogle\"\r\n     style=\"display:block\"\r\n     data-ad-client=\"ca-pub-8106111766207173\"\r\n     data-ad-slot=\"8535551207\"\r\n     data-ad-format=\"auto\"\r\n     data-full-width-responsive=\"true\"><\/ins>\r\n<script>\r\n     (adsbygoogle = window.adsbygoogle || []).push({});\r\n<\/script><\/div><\/div><br style=\"clear: both; display: block; float: none;\"\/>\n<div id=\"mojev-3119617626\" class=\"mojev-kraj-teksta mojev-entity-placement\" style=\"margin-bottom: 20px;margin-left: auto;margin-right: auto;text-align: center;\"><div class=\"mojev-adlabel\">oglas<\/div><div style=\"height: 250px;\"><script async src=\"https:\/\/pagead2.googlesyndication.com\/pagead\/js\/adsbygoogle.js?client=ca-pub-8106111766207173\"\r\n     crossorigin=\"anonymous\"><\/script>\r\n<!-- Display-1 -->\r\n<ins class=\"adsbygoogle\"\r\n     style=\"display:block\"\r\n     data-ad-client=\"ca-pub-8106111766207173\"\r\n     data-ad-slot=\"1465712950\"\r\n     data-ad-format=\"auto\"\r\n     data-full-width-responsive=\"true\"><\/ins>\r\n<script>\r\n     (adsbygoogle = window.adsbygoogle || []).push({});\r\n<\/script><\/div><\/div>","protected":false},"excerpt":{"rendered":"<p>Trenutno je gledamo u RTL-ovom showu &#8216;Ma la\u017ee\u0161&#8217; u kojem je podsjetila i na svoj nesvakida\u0161nji izgled iz mladosti, zahvaljuju\u0107i mlije\u010dnim zubima koje je zadr\u017eala do 38. godine.<\/p>\n","protected":false},"author":1,"featured_media":48212,"comment_status":"closed","ping_status":"closed","sticky":false,"template":"","format":"standard","meta":{"footnotes":""},"categories":[84],"tags":[1053,270,38],"class_list":["post-48208","post","type-post","status-publish","format-standard","has-post-thumbnail","hentry","category-show","tag-alka-vuica","tag-pjevaci","tag-rodendan"],"_links":{"self":[{"href":"https:\/\/www.mojevrijeme.hr\/magazin\/wp-json\/wp\/v2\/posts\/48208","targetHints":{"allow":["GET"]}}],"collection":[{"href":"https:\/\/www.mojevrijeme.hr\/magazin\/wp-json\/wp\/v2\/posts"}],"about":[{"href":"https:\/\/www.mojevrijeme.hr\/magazin\/wp-json\/wp\/v2\/types\/post"}],"author":[{"embeddable":true,"href":"https:\/\/www.mojevrijeme.hr\/magazin\/wp-json\/wp\/v2\/users\/1"}],"replies":[{"embeddable":true,"href":"https:\/\/www.mojevrijeme.hr\/magazin\/wp-json\/wp\/v2\/comments?post=48208"}],"version-history":[{"count":0,"href":"https:\/\/www.mojevrijeme.hr\/magazin\/wp-json\/wp\/v2\/posts\/48208\/revisions"}],"wp:featuredmedia":[{"embeddable":true,"href":"https:\/\/www.mojevrijeme.hr\/magazin\/wp-json\/wp\/v2\/media\/48212"}],"wp:attachment":[{"href":"https:\/\/www.mojevrijeme.hr\/magazin\/wp-json\/wp\/v2\/media?parent=48208"}],"wp:term":[{"taxonomy":"category","embeddable":true,"href":"https:\/\/www.mojevrijeme.hr\/magazin\/wp-json\/wp\/v2\/categories?post=48208"},{"taxonomy":"post_tag","embeddable":true,"href":"https:\/\/www.mojevrijeme.hr\/magazin\/wp-json\/wp\/v2\/tags?post=48208"}],"curies":[{"name":"wp","href":"https:\/\/api.w.org\/{rel}","templated":true}]}}