{"id":48270,"date":"2021-06-10T18:08:59","date_gmt":"2021-06-10T16:08:59","guid":{"rendered":"https:\/\/www.mojevrijeme.hr\/magazin\/?p=48270"},"modified":"2021-06-10T18:14:01","modified_gmt":"2021-06-10T16:14:01","slug":"vatreni-nece-kleknuti-prije-utakmice-ne-podrzavaju-svi-tu-odluku","status":"publish","type":"post","link":"https:\/\/www.mojevrijeme.hr\/magazin\/2021\/06\/vatreni-nece-kleknuti-prije-utakmice-ne-podrzavaju-svi-tu-odluku\/","title":{"rendered":"Vatreni ne\u0107e kleknuti prije utakmice, ne podr\u017eavaju ba\u0161 svi tu odluku"},"content":{"rendered":"\n<p>Hrvatski nogometni reprezentativci ne\u0107e kleknuti prije prve utakmice na Europskom prvenstvu koja \u0107e se odr\u017eati u nedjelju u 15 sati na Wembleyu. Postalo je to jasno ve\u0107 uo\u010di posljednje provjere za Euro u Bruxellesu kada su Belgijanci kleknuli (vidi sliku), a Hrvati ostali stajati.<\/p>\n\n\n\n<p>Naime, na taj na\u010din sporta\u0161i diljem svijeta odaju po\u010dast pokretu <em>&#8220;Black Lives Matter&#8221;<\/em> ili &#8220;\u017divoti crnaca su va\u017eni&#8221;. Ovu je gestu prvi put izveo 2016. igra\u010d ameri\u010dkog nogometa <strong>Colin Kaepernick<\/strong> koji je to radio kako bi ukazao na problem rasne nejednakosti, a kasnije su, nakon ubojstva <strong>Georgea Floyda<\/strong>, to po\u010deli raditi brojni drugi sporta\u0161i.<\/p>\n\n\n\n<p>&#8220;Hrvatski nogometni savez i svi reprezentativci uvijek i svugdje osu\u0111uju sve oblike diskriminacije. Po\u0161tujemo pravo svakog pojedinca i organizacije da odabere svoj stav o rasizmu. HNS smatra da svi igra\u010di imaju pravo na mi\u0161ljenje o ovakvim temama i odabir kako \u0107e se prema tome postavljati. Na\u0161i reprezentativci su zajedni\u010dki prije utakmice s Belgijom odabrali kako ne\u0107e kle\u010dati te su mirnim stavom po\u0161tovali kle\u010danje belgijskih kolega&#8221;, rekao je glasnogovornik Hrvatskog nogometnog saveza <strong>Tomislav Pacak<\/strong> i dodao: &#8221;\u00a0HNS po\u0161tuje stav reprezentativaca, u tom smislu im ne\u0107e nametati obavezu kle\u010danja, koja u kontekstu hrvatske kulture i tradicije ne predstavlja simbol borbe protiv rasizma ili diskriminacije.&#8221;<\/p><div id=\"mojev-2529480932\" class=\"mojev-u-tekstu mojev-entity-placement\" style=\"margin-left: auto;margin-right: auto;text-align: center;\"><div class=\"mojev-adlabel\">oglas<\/div><div style=\"height: 250px;\"><script async src=\"https:\/\/pagead2.googlesyndication.com\/pagead\/js\/adsbygoogle.js?client=ca-pub-8106111766207173\"\r\n     crossorigin=\"anonymous\"><\/script>\r\n<!-- Prikazni 1 u tekstu -->\r\n<ins class=\"adsbygoogle\"\r\n     style=\"display:block\"\r\n     data-ad-client=\"ca-pub-8106111766207173\"\r\n     data-ad-slot=\"8535551207\"\r\n     data-ad-format=\"auto\"\r\n     data-full-width-responsive=\"true\"><\/ins>\r\n<script>\r\n     (adsbygoogle = window.adsbygoogle || []).push({});\r\n<\/script><\/div><\/div><br style=\"clear: both; display: block; float: none;\"\/>\n\n\n\n<p><em>The Athletic<\/em> pak pi\u0161e da je Pacak potvrdio da hrvatski nogometa\u0161i ne\u0107e kle\u010dati jer se to ne spominje u UEFA-inim protokolima te da se krovna europska nogometna federacija protivi uvo\u0111enju politike u sport.<\/p>\n\n\n\n<p>O svemu se na dru\u0161tvenim mre\u017eama oglasila i saborska zastupnica <strong>Rada Bori\u0107<\/strong> (Nova ljevica). &#8220;Kleknuti, a ne kle\u010dati. Kleknuti u znak podr\u0161ke borbi protiv rasizma je simboli\u010dan \u010din, a svi &#8216;domoljubi&#8217; koji pi\u0161u da&nbsp;&#8216;na\u0161i&#8217; (&#8216;repka&#8217;)&nbsp;ne trebaju pred nikim kle\u010dati (a i mediji koji koriste trajni glagol) zaboravljaju (ne znaju?) da mi ve\u0107 dugo kle\u010dimo pred mo\u0107nima. A kleknuti bi mogli! Solidarno!&#8221; napisala je Bori\u0107.<\/p>\n\n\n\n<figure class=\"wp-block-image size-large\"><img loading=\"lazy\" decoding=\"async\" width=\"740\" height=\"444\" src=\"https:\/\/www.mojevrijeme.hr\/magazin\/wp-content\/uploads\/2020\/06\/bbm-zagreb-740x444.jpg\" alt=\"\" class=\"wp-image-38301\" srcset=\"https:\/\/www.mojevrijeme.hr\/magazin\/wp-content\/uploads\/2020\/06\/bbm-zagreb-740x444.jpg 740w, https:\/\/www.mojevrijeme.hr\/magazin\/wp-content\/uploads\/2020\/06\/bbm-zagreb-636x382.jpg 636w, https:\/\/www.mojevrijeme.hr\/magazin\/wp-content\/uploads\/2020\/06\/bbm-zagreb-768x461.jpg 768w, https:\/\/www.mojevrijeme.hr\/magazin\/wp-content\/uploads\/2020\/06\/bbm-zagreb-1536x922.jpg 1536w, https:\/\/www.mojevrijeme.hr\/magazin\/wp-content\/uploads\/2020\/06\/bbm-zagreb-1500x900.jpg 1500w, https:\/\/www.mojevrijeme.hr\/magazin\/wp-content\/uploads\/2020\/06\/bbm-zagreb-1600x960.jpg 1600w, https:\/\/www.mojevrijeme.hr\/magazin\/wp-content\/uploads\/2020\/06\/bbm-zagreb-590x354.jpg 590w, https:\/\/www.mojevrijeme.hr\/magazin\/wp-content\/uploads\/2020\/06\/bbm-zagreb-400x240.jpg 400w, https:\/\/www.mojevrijeme.hr\/magazin\/wp-content\/uploads\/2020\/06\/bbm-zagreb-1000x600.jpg 1000w, https:\/\/www.mojevrijeme.hr\/magazin\/wp-content\/uploads\/2020\/06\/bbm-zagreb-820x492.jpg 820w, https:\/\/www.mojevrijeme.hr\/magazin\/wp-content\/uploads\/2020\/06\/bbm-zagreb.jpg 2000w\" sizes=\"auto, (max-width: 740px) 100vw, 740px\" \/><figcaption>Prosvjed <em>Black Lives Matter\u201d<\/em>&nbsp; u Zagrebu 2020. godine (foto: Luka Tomac)<\/figcaption><\/figure>\n\n\n\n<div id=\"sivo\"><\/p>\n\n\n\n<p>46-godi\u0161nji George Floyd ubijen je tijekom policijske akcije u Minneapolisu 25. svibnja pro\u0161le godine. Na video-snimkama se moglo vidjeti kako su policajci nenaoru\u017eanog mu\u0161karca sru\u0161ili na zemlju. Policajac Derek Chauvin je pritiskao koljenom Floydov vrat gotovo devet i pol minuta, dok je ovaj preklinjao da ga pusti kako bi mogao disati. Prema obdukciji, Floyd se onesvijestio i preminuo ne\u0161to kasnije. Policajci su ga uhapsili pod sumnjom da je u jednom supermarketu platio la\u017enom nov\u010danicom od 20 dolara. Dereka Chauvina porota je proglasila krivim za ubojstvo drugog stupnja.<\/p>\n\n\n\n<p><\/div>\n<div id=\"mojev-2403356390\" class=\"mojev-kraj-teksta mojev-entity-placement\" style=\"margin-bottom: 20px;margin-left: auto;margin-right: auto;text-align: center;\"><div class=\"mojev-adlabel\">oglas<\/div><div style=\"height: 250px;\"><script async src=\"https:\/\/pagead2.googlesyndication.com\/pagead\/js\/adsbygoogle.js?client=ca-pub-8106111766207173\"\r\n     crossorigin=\"anonymous\"><\/script>\r\n<!-- Display-1 -->\r\n<ins class=\"adsbygoogle\"\r\n     style=\"display:block\"\r\n     data-ad-client=\"ca-pub-8106111766207173\"\r\n     data-ad-slot=\"1465712950\"\r\n     data-ad-format=\"auto\"\r\n     data-full-width-responsive=\"true\"><\/ins>\r\n<script>\r\n     (adsbygoogle = window.adsbygoogle || []).push({});\r\n<\/script><\/div><\/div>","protected":false},"excerpt":{"rendered":"<p>O svemu se na dru\u0161tvenim mre\u017eama oglasila i saborska zastupnica Rada Bori\u0107 Ka\u017ee, kleknuti, a ne kle\u010dati. Kleknuti u znak podr\u0161ke borbi protiv rasizma je simboli\u010dan \u010din.<\/p>\n","protected":false},"author":1,"featured_media":48273,"comment_status":"closed","ping_status":"closed","sticky":false,"template":"","format":"standard","meta":{"footnotes":""},"categories":[9],"tags":[2284,1296,1749,2295,1314],"class_list":["post-48270","post","type-post","status-publish","format-standard","has-post-thumbnail","hentry","category-vijesti","tag-black-lives-matter","tag-nogomet","tag-rada-boric","tag-rasizam","tag-vatreni"],"_links":{"self":[{"href":"https:\/\/www.mojevrijeme.hr\/magazin\/wp-json\/wp\/v2\/posts\/48270","targetHints":{"allow":["GET"]}}],"collection":[{"href":"https:\/\/www.mojevrijeme.hr\/magazin\/wp-json\/wp\/v2\/posts"}],"about":[{"href":"https:\/\/www.mojevrijeme.hr\/magazin\/wp-json\/wp\/v2\/types\/post"}],"author":[{"embeddable":true,"href":"https:\/\/www.mojevrijeme.hr\/magazin\/wp-json\/wp\/v2\/users\/1"}],"replies":[{"embeddable":true,"href":"https:\/\/www.mojevrijeme.hr\/magazin\/wp-json\/wp\/v2\/comments?post=48270"}],"version-history":[{"count":0,"href":"https:\/\/www.mojevrijeme.hr\/magazin\/wp-json\/wp\/v2\/posts\/48270\/revisions"}],"wp:featuredmedia":[{"embeddable":true,"href":"https:\/\/www.mojevrijeme.hr\/magazin\/wp-json\/wp\/v2\/media\/48273"}],"wp:attachment":[{"href":"https:\/\/www.mojevrijeme.hr\/magazin\/wp-json\/wp\/v2\/media?parent=48270"}],"wp:term":[{"taxonomy":"category","embeddable":true,"href":"https:\/\/www.mojevrijeme.hr\/magazin\/wp-json\/wp\/v2\/categories?post=48270"},{"taxonomy":"post_tag","embeddable":true,"href":"https:\/\/www.mojevrijeme.hr\/magazin\/wp-json\/wp\/v2\/tags?post=48270"}],"curies":[{"name":"wp","href":"https:\/\/api.w.org\/{rel}","templated":true}]}}