{"id":48280,"date":"2021-06-10T21:35:39","date_gmt":"2021-06-10T19:35:39","guid":{"rendered":"https:\/\/www.mojevrijeme.hr\/magazin\/?p=48280"},"modified":"2021-06-10T21:37:04","modified_gmt":"2021-06-10T19:37:04","slug":"tereza-kesovija-primila-je-prestizni-orden-ako-i-vise-nista-ne-postignem-cuvat-cu-ga-u-srcu","status":"publish","type":"post","link":"https:\/\/www.mojevrijeme.hr\/magazin\/2021\/06\/tereza-kesovija-primila-je-prestizni-orden-ako-i-vise-nista-ne-postignem-cuvat-cu-ga-u-srcu\/","title":{"rendered":"Tereza Kesovija primila je presti\u017eni orden: &#8216;Ako i vi\u0161e ni\u0161ta ne postignem, \u010duvat \u0107u ga u srcu&#8217;"},"content":{"rendered":"\n<p>Za predan rad na povezivanju Hrvatske i Francuske kroz kulturu, bogatu karijeru u obje zemlje te promid\u017ebu francuskog jezika i \u0161ansone &#8211; diva na\u0161e glazbene scene <strong>Tereza Kesovija<\/strong> (82) primila je presti\u017eno Odlikovanje \u010dasnika reda umjetnosti i knji\u017eevnosti, javio je <a rel=\"noreferrer noopener\" href=\"https:\/\/magazin.hrt.hr\/kultura\/odlikovanje-za-terezu-2052273\" target=\"_blank\">HTV<\/a>.<\/p>\n\n\n\n<p>Zaslu\u017eila ga je zbog brojnih gostovanja francuskih umjetnika u Hrvatskoj, ali i svojim koncertima te pjesmama na francuskom, kako je ovdje rekao veleposlanik te zemlje, Njegova Ekscelencija&nbsp;<strong>Gael Francois Veyssi\u00e8re<\/strong>.<br><br>&#8220;Imam nebrojeno priznanja, ali Francuska je duboko u mom srcu zato \u0161to sam u njoj od 1965. godine. I to je ljepota moje profesija kojoj je priznat rad na zajedni\u0161tvu dviju zemalja, rekla je i dodala da i ako vi\u0161e ni\u0161ta ne postigne u \u017eivotu da je ovo priznanje koje \u0107e \u010duvati u srcu&#8221;, istaknula je&nbsp;<strong>Tereza Kesovija<\/strong>.<\/p>\n<div id=\"mojev-4122306190\" class=\"mojev-kraj-teksta mojev-entity-placement\" style=\"margin-bottom: 20px;margin-left: auto;margin-right: auto;text-align: center;\"><div class=\"mojev-adlabel\">oglas<\/div><div style=\"height: 250px;\"><script async src=\"https:\/\/pagead2.googlesyndication.com\/pagead\/js\/adsbygoogle.js?client=ca-pub-8106111766207173\"\r\n     crossorigin=\"anonymous\"><\/script>\r\n<!-- Display-1 -->\r\n<ins class=\"adsbygoogle\"\r\n     style=\"display:block\"\r\n     data-ad-client=\"ca-pub-8106111766207173\"\r\n     data-ad-slot=\"1465712950\"\r\n     data-ad-format=\"auto\"\r\n     data-full-width-responsive=\"true\"><\/ins>\r\n<script>\r\n     (adsbygoogle = window.adsbygoogle || []).push({});\r\n<\/script><\/div><\/div>","protected":false},"excerpt":{"rendered":"<p>Imam nebrojeno priznanja, ali Francuska je duboko u mom srcu zato \u0161to sam u njoj od 1965. godine, kazala je proslavljena hrvatska pjeva\u010dica.<\/p>\n","protected":false},"author":1,"featured_media":40515,"comment_status":"closed","ping_status":"closed","sticky":false,"template":"","format":"standard","meta":{"footnotes":""},"categories":[84],"tags":[734,2742,21],"class_list":["post-48280","post","type-post","status-publish","format-standard","has-post-thumbnail","hentry","category-show","tag-francuska","tag-odlikovanje","tag-tereza-kesovija"],"_links":{"self":[{"href":"https:\/\/www.mojevrijeme.hr\/magazin\/wp-json\/wp\/v2\/posts\/48280","targetHints":{"allow":["GET"]}}],"collection":[{"href":"https:\/\/www.mojevrijeme.hr\/magazin\/wp-json\/wp\/v2\/posts"}],"about":[{"href":"https:\/\/www.mojevrijeme.hr\/magazin\/wp-json\/wp\/v2\/types\/post"}],"author":[{"embeddable":true,"href":"https:\/\/www.mojevrijeme.hr\/magazin\/wp-json\/wp\/v2\/users\/1"}],"replies":[{"embeddable":true,"href":"https:\/\/www.mojevrijeme.hr\/magazin\/wp-json\/wp\/v2\/comments?post=48280"}],"version-history":[{"count":0,"href":"https:\/\/www.mojevrijeme.hr\/magazin\/wp-json\/wp\/v2\/posts\/48280\/revisions"}],"wp:featuredmedia":[{"embeddable":true,"href":"https:\/\/www.mojevrijeme.hr\/magazin\/wp-json\/wp\/v2\/media\/40515"}],"wp:attachment":[{"href":"https:\/\/www.mojevrijeme.hr\/magazin\/wp-json\/wp\/v2\/media?parent=48280"}],"wp:term":[{"taxonomy":"category","embeddable":true,"href":"https:\/\/www.mojevrijeme.hr\/magazin\/wp-json\/wp\/v2\/categories?post=48280"},{"taxonomy":"post_tag","embeddable":true,"href":"https:\/\/www.mojevrijeme.hr\/magazin\/wp-json\/wp\/v2\/tags?post=48280"}],"curies":[{"name":"wp","href":"https:\/\/api.w.org\/{rel}","templated":true}]}}