{"id":48307,"date":"2021-06-11T19:15:24","date_gmt":"2021-06-11T17:15:24","guid":{"rendered":"https:\/\/www.mojevrijeme.hr\/magazin\/?p=48307"},"modified":"2021-06-18T19:22:12","modified_gmt":"2021-06-18T17:22:12","slug":"dr-bebek-sest-mjeseci-nakon-cijepljenja-niti-jedna-ispitanica-nije-ostala-trudna","status":"publish","type":"post","link":"https:\/\/www.mojevrijeme.hr\/magazin\/2021\/06\/dr-bebek-sest-mjeseci-nakon-cijepljenja-niti-jedna-ispitanica-nije-ostala-trudna\/","title":{"rendered":"Istra\u017eivanje: Neplodne nakon cijepljenja? Ni nakon \u0161est mjeseci nisu uspjele zatrudnjeti"},"content":{"rendered":"\n<p>Objavljeno je prvo hrvatsko, ali i svjetsko, istra\u017eivanje utjecaja mRNA cjepiva protiv koronavirusa na plodnost \u017eena provedeno na uzorku od \u010dak 2.000 ispitanica. Iako rezultati istra\u017eivanja ne daju kona\u010dan odgovor, podaci su vi\u0161e nego zabrinjavaju\u0107i. Ipak, stru\u010dnjaci upozoravaju da nije vrijeme za paniku i odbijanje cijepljenja.<\/p>\n\n\n\n<p>Voditelj istra\u017eivanja<strong> dr. Nino Bebek<\/strong> sa Zavoda za entomologiju plodnosti KBC-a Sestre Milosrdnice u Zagrebu, potvrdio je da \u0107e slu\u017ebeni rezultati biti objavljeni u stru\u010dnoj publikaciji <em>Nurture<\/em> u izdanju za kolovoz.<\/p>\n\n\n\n<p>&#8220;Sada raspola\u017eemo s preliminarnim rezultatima, no posve je jasno da niti jedna od 2.000 ispitanica koje su krajem prosinca pro\u0161le godine primile mRNA cjepivo \u2013 nije u me\u0111uvremenu zanijela, iako su u anketnom listi\u0107u potvrdile da nisu koristile kontracepciju niti su prakticirale prekinuti sno\u0161aj&#8221;, izjavio je Bebek za portal Plameni Jazavac te je dodao: &#8220;Iako se na\u0161e istra\u017eivanje nije koncentriralo na razloge, indikativno je da ni nakon \u0161est mjeseci ne bilje\u017eimo bla\u017eena stanja u promatranoj skupini, a sve se podudara upravo s primanjem cjepiva.&#8221;<\/p><div id=\"mojev-227698076\" class=\"mojev-u-tekstu mojev-entity-placement\" style=\"margin-left: auto;margin-right: auto;text-align: center;\"><div class=\"mojev-adlabel\">oglas<\/div><div style=\"height: 250px;\"><script async src=\"https:\/\/pagead2.googlesyndication.com\/pagead\/js\/adsbygoogle.js?client=ca-pub-8106111766207173\"\r\n     crossorigin=\"anonymous\"><\/script>\r\n<!-- Prikazni 1 u tekstu -->\r\n<ins class=\"adsbygoogle\"\r\n     style=\"display:block\"\r\n     data-ad-client=\"ca-pub-8106111766207173\"\r\n     data-ad-slot=\"8535551207\"\r\n     data-ad-format=\"auto\"\r\n     data-full-width-responsive=\"true\"><\/ins>\r\n<script>\r\n     (adsbygoogle = window.adsbygoogle || []).push({});\r\n<\/script><\/div><\/div><br style=\"clear: both; display: block; float: none;\"\/>\n\n\n\n<p>Podsjetimo, u prosincu su, kao prioritetna skupina, cijepljeni isklju\u010divo \u0161ti\u0107enici umirovljeni\u010dkih domova diljem Hrvatske te je upravo <strong>unutar skupine cijepljenih umirovljenica<\/strong> nasumi\u010dnim odabirom odabrano 2.000 \u017eenskih osoba koje su dobrovoljno u\u0161le u istra\u017eivanje.<\/p>\n\n\n\n<figure class=\"wp-block-image size-large\"><img loading=\"lazy\" decoding=\"async\" width=\"740\" height=\"444\" src=\"https:\/\/www.mojevrijeme.hr\/magazin\/wp-content\/uploads\/2021\/06\/nino-bebek-740x444.jpg\" alt=\"\" class=\"wp-image-48311\" srcset=\"https:\/\/www.mojevrijeme.hr\/magazin\/wp-content\/uploads\/2021\/06\/nino-bebek-740x444.jpg 740w, https:\/\/www.mojevrijeme.hr\/magazin\/wp-content\/uploads\/2021\/06\/nino-bebek-636x382.jpg 636w, https:\/\/www.mojevrijeme.hr\/magazin\/wp-content\/uploads\/2021\/06\/nino-bebek-768x461.jpg 768w, https:\/\/www.mojevrijeme.hr\/magazin\/wp-content\/uploads\/2021\/06\/nino-bebek-1536x922.jpg 1536w, https:\/\/www.mojevrijeme.hr\/magazin\/wp-content\/uploads\/2021\/06\/nino-bebek-1500x900.jpg 1500w, https:\/\/www.mojevrijeme.hr\/magazin\/wp-content\/uploads\/2021\/06\/nino-bebek-1600x960.jpg 1600w, https:\/\/www.mojevrijeme.hr\/magazin\/wp-content\/uploads\/2021\/06\/nino-bebek-590x354.jpg 590w, https:\/\/www.mojevrijeme.hr\/magazin\/wp-content\/uploads\/2021\/06\/nino-bebek-400x240.jpg 400w, https:\/\/www.mojevrijeme.hr\/magazin\/wp-content\/uploads\/2021\/06\/nino-bebek-1000x600.jpg 1000w, https:\/\/www.mojevrijeme.hr\/magazin\/wp-content\/uploads\/2021\/06\/nino-bebek-820x492.jpg 820w, https:\/\/www.mojevrijeme.hr\/magazin\/wp-content\/uploads\/2021\/06\/nino-bebek-1080x648.jpg 1080w, https:\/\/www.mojevrijeme.hr\/magazin\/wp-content\/uploads\/2021\/06\/nino-bebek.jpg 2000w\" sizes=\"auto, (max-width: 740px) 100vw, 740px\" \/><figcaption>Dr. Nino Bebek: Prerano je za donositi kona\u010dne zaklju\u010dke<\/figcaption><\/figure>\n\n\n\n<p>Znanstveni tim dr. Bebeka namjerava aplicirati na europske fondove kako bi namaknuo sredstva za drugu fazu istra\u017eivanja koja bi trebala objasniti ovako dramati\u010dne rezultate prvog istra\u017eivanja. &#8220;Ne \u017eelimo ni\u0161ta prepustiti slu\u010daju, jer o tome ovisi budu\u0107nost na\u0161eg naroda. No ne samo njega, jer su sli\u010dni trendovi zabilje\u017eeni i u drugim \u010dlanicama Europske unije. Detaljno \u0107emo istra\u017eiti za\u0161to <strong>niti jedna umirovljenica nije zatrudnjela<\/strong>. Za sada ne bismo \u017eurili sa zaklju\u010dcima i nadamo se da su rezultati prvog istra\u017eivanja tek privremeno stanje&#8221;, zaklju\u010dio je dr. Bebek.<\/p>\n\n\n\n<p>Podsjetimo, upravo je na ovaj problem prvi na svijetu upozorio \u2013 jedan Hrvat, jo\u0161 i prije negoli je mRNA cjepivo stavljeno u promet. Rije\u010d je o<strong> dr. Dominiku Trpu<\/strong>, dopisnom \u010dlanu <strong>Facebookove akademije znanosti i umjetnosti<\/strong>, koji je ustvrdio: &#8220;Nakon cijepljenja se antitijela prika\u010de ne samo na <em>spike-protein<\/em> koronavirusa nego i na sli\u010dan protein sincitin-1. Taj protein igra ulogu kod razvoja placente. Ako se taj protein uslijed cijepljenja onesposobi to bi moglo dovesti do neplodnosti \u017eena. Pametnom dosta!&#8221; Je li tomu tako, pokazat \u0107e nastavak istra\u017eivanja dr. Bebeka koje sa zanimanjem i\u0161\u010dekujemo.<\/p>\n\n\n\n<div id=\"sivo\"><\/p>\n\n\n\n<p>Ovaj prilog dio je serijala &#8220;Pametnom dosta&#8221;. Prilog nema nikakvu prakti\u010dnu vrijednost, osim satiri\u010dkog upozoravanja na sulude protuznanstvene teorije usmjerene prema najve\u0107em zdravstveno-civilizacijskom dosegu &#8211; cijepljenju te na povr\u0161nost dru\u0161tvenih mre\u017ea. Na\u0161e iskustvo pokazuje da osobe koje se najvi\u0161e opiru cijepljenju, najmanje \u010ditaju \u010dlanke koje dijele na dru\u0161tvenim mre\u017eama te ih najmanje zanimaju \u010dinjenice. Tako\u0111er se pokazalo da oni koji ne \u010ditaju, vrlo rado komentiraju (nepro\u010ditano) ne shva\u0107aju\u0107i koliko su im komentari proma\u0161eni. \u017divimo u vremenu u kojem je va\u017enije izre\u0107i stav, nego ulo\u017eiti trud u formiranje tog stava. Ako ste pro\u010ditali ovaj tekst do kraja, u komentarima na Facebooku napi\u0161ite&nbsp;<strong>\u201cPametnom dosta\u201d<\/strong>.<\/p>\n\n\n\n<p><\/div>\n<div id=\"mojev-3629187476\" class=\"mojev-kraj-teksta mojev-entity-placement\" style=\"margin-bottom: 20px;margin-left: auto;margin-right: auto;text-align: center;\"><div class=\"mojev-adlabel\">oglas<\/div><div style=\"height: 250px;\"><script async src=\"https:\/\/pagead2.googlesyndication.com\/pagead\/js\/adsbygoogle.js?client=ca-pub-8106111766207173\"\r\n     crossorigin=\"anonymous\"><\/script>\r\n<!-- Display-1 -->\r\n<ins class=\"adsbygoogle\"\r\n     style=\"display:block\"\r\n     data-ad-client=\"ca-pub-8106111766207173\"\r\n     data-ad-slot=\"1465712950\"\r\n     data-ad-format=\"auto\"\r\n     data-full-width-responsive=\"true\"><\/ins>\r\n<script>\r\n     (adsbygoogle = window.adsbygoogle || []).push({});\r\n<\/script><\/div><\/div>","protected":false},"excerpt":{"rendered":"<p>Upravo je na ovaj problem prvi u svijetu upozorio \u2013 jedan Hrvat, jo\u0161 i prije negoli je mRNA cjepivo stavljeno u promet.<\/p>\n","protected":false},"author":1,"featured_media":48310,"comment_status":"closed","ping_status":"closed","sticky":false,"template":"","format":"standard","meta":{"footnotes":""},"categories":[2743],"tags":[331,2046,1297,48],"class_list":["post-48307","post","type-post","status-publish","format-standard","has-post-thumbnail","hentry","category-humor-i-satira","tag-cijepljenje","tag-korona-virus","tag-satira","tag-trudnoca"],"_links":{"self":[{"href":"https:\/\/www.mojevrijeme.hr\/magazin\/wp-json\/wp\/v2\/posts\/48307","targetHints":{"allow":["GET"]}}],"collection":[{"href":"https:\/\/www.mojevrijeme.hr\/magazin\/wp-json\/wp\/v2\/posts"}],"about":[{"href":"https:\/\/www.mojevrijeme.hr\/magazin\/wp-json\/wp\/v2\/types\/post"}],"author":[{"embeddable":true,"href":"https:\/\/www.mojevrijeme.hr\/magazin\/wp-json\/wp\/v2\/users\/1"}],"replies":[{"embeddable":true,"href":"https:\/\/www.mojevrijeme.hr\/magazin\/wp-json\/wp\/v2\/comments?post=48307"}],"version-history":[{"count":0,"href":"https:\/\/www.mojevrijeme.hr\/magazin\/wp-json\/wp\/v2\/posts\/48307\/revisions"}],"wp:featuredmedia":[{"embeddable":true,"href":"https:\/\/www.mojevrijeme.hr\/magazin\/wp-json\/wp\/v2\/media\/48310"}],"wp:attachment":[{"href":"https:\/\/www.mojevrijeme.hr\/magazin\/wp-json\/wp\/v2\/media?parent=48307"}],"wp:term":[{"taxonomy":"category","embeddable":true,"href":"https:\/\/www.mojevrijeme.hr\/magazin\/wp-json\/wp\/v2\/categories?post=48307"},{"taxonomy":"post_tag","embeddable":true,"href":"https:\/\/www.mojevrijeme.hr\/magazin\/wp-json\/wp\/v2\/tags?post=48307"}],"curies":[{"name":"wp","href":"https:\/\/api.w.org\/{rel}","templated":true}]}}