{"id":48481,"date":"2021-06-18T15:53:44","date_gmt":"2021-06-18T13:53:44","guid":{"rendered":"https:\/\/www.mojevrijeme.hr\/magazin\/?p=48481"},"modified":"2021-06-18T16:03:14","modified_gmt":"2021-06-18T14:03:14","slug":"hrelja-potpisao-sporazum-s-hdz-om-objasnio-je-kako-ce-umirovljenici-profitirati","status":"publish","type":"post","link":"https:\/\/www.mojevrijeme.hr\/magazin\/2021\/06\/hrelja-potpisao-sporazum-s-hdz-om-objasnio-je-kako-ce-umirovljenici-profitirati\/","title":{"rendered":"Hrelja potpisao sporazum s HDZ-om, objasnio je kako \u0107e umirovljenici profitirati od toga"},"content":{"rendered":"\n<p><strong>Silvano Hrelja<\/strong>, saborski zastupnik Hrvatske stranke umirovljenika, podr\u017eao je rebalans prora\u010duna u Saboru. Ve\u0107 je<a href=\"https:\/\/www.mojevrijeme.hr\/magazin\/2021\/06\/silvano-hrelja-objavio-uvjet-za-podrsku-hdz-u-u-saboru\/\" data-type=\"post\" data-id=\"48190\" target=\"_blank\" rel=\"noreferrer noopener\"> ranije najavljivao<\/a> kako \u0107e njegov uvjet za to biti svojevrsna reforma obiteljskih mirovina na na\u010din da pre\u017eivjeli partner, uz zadr\u017eavanje svoje, dobije i dio mirovine preminulog partnera. <\/p>\n\n\n\n<p>Stoga su nakon saborskog glasanja pred novinare stali ministar rada, mirovinskoga sustava, obitelji i socijalne politike <strong>Josip Aladrovi\u0107<\/strong> i sam Hrelja koji tvrdi: &#8220;Nisam prevario bira\u010de.&#8221; Sporazum s HDZ-om nije potpisao u ime stranke, ve\u0107 osobno. <\/p>\n\n\n\n<p>&#8220;Drago mi je da mogu predstaviti sporazum koji je dogovoren. Hrelja se ve\u0107 \u0161est mandata brine o ugro\u017eenim skupinama. To je i ova vlada definirala u svom programu, brigu za ugro\u017eene skupine. Projektna suradnja \u0107e trajati do kraja mandata. Na\u010delno smo definirali ono \u0161to \u017eelimo provesti. Siguran sam da \u0107e biti uspje\u0161na suradnja, koja \u0107e dovesti do boljeg polo\u017eaja umirovljenika, osoba s invaliditetom i onima koji su u riziku od siroma\u0161tva&#8221;, rekao je ministar Aladrovi\u0107. <\/p><div id=\"mojev-3234521550\" class=\"mojev-u-tekstu mojev-entity-placement\" style=\"margin-left: auto;margin-right: auto;text-align: center;\"><div class=\"mojev-adlabel\">oglas<\/div><div style=\"height: 250px;\"><script async src=\"https:\/\/pagead2.googlesyndication.com\/pagead\/js\/adsbygoogle.js?client=ca-pub-8106111766207173\"\r\n     crossorigin=\"anonymous\"><\/script>\r\n<!-- Prikazni 1 u tekstu -->\r\n<ins class=\"adsbygoogle\"\r\n     style=\"display:block\"\r\n     data-ad-client=\"ca-pub-8106111766207173\"\r\n     data-ad-slot=\"8535551207\"\r\n     data-ad-format=\"auto\"\r\n     data-full-width-responsive=\"true\"><\/ins>\r\n<script>\r\n     (adsbygoogle = window.adsbygoogle || []).push({});\r\n<\/script><\/div><\/div><br style=\"clear: both; display: block; float: none;\"\/>\n\n\n\n<p>&#8220;\u010covjek u \u017eivotu donosi neke odluke. I dolazi trenutak kad se pitam \u0161to sam i koga ovdje predstavljam u 6. mandatu i kad je trenutak da se ne\u0161to rije\u0161i. Mislim da je ovo dobar trenutak, kad smo se na istom putu na\u0161li Vlada i moje iskustvo i moje ideje. Da se oni realiziraju u korist onih \u2013 kada mu\u017e i \u017eena imaju zajedno 5 tisu\u0107a kuna i kada mu\u017e umre, ona ostane na 2.100 kuna i oni ulaze u zonu siroma\u0161tva. Zato sam tu i u svakom od proteklih 6 mandata rije\u0161io sam poneko goru\u0107e umirovljeni\u010dko pitanje&#8221;, kazao je Hrelja<\/p>\n\n\n\n<p>&#8220;Svi doprinosi koji se uplate nestaju kod smrti, ljudi rade desetlje\u0107ima i imaju pravo na to. Procjene su da \u0107e ko\u0161tati milijardu kuna, toliko su ljudi bili i o\u0161te\u0107eni u ovih 30 godina\u201d, ka\u017ee Hrelja.<\/p>\n\n\n\n<p>\u201cJa mogu do besvijesti pisati zakone i dobivati odbijenice. Ja sam okrenuo stranicu, novi na\u010din rje\u0161avanja problema. Koji god epitet zbog toga dobijem, ja \u0107u ga s ponosom nositi jer \u0107e na\u0161i ljudi dobiti ne\u0161to vi\u0161e novca i ne\u0161to dostojanstvenije \u017eivjeti u starosti\u201d, dodaje. &#8220;Dogovorili smo da \u0107e krajnja implementacija dogovorenih zakona biti 2023. godine, dio i ranije&#8221;, rekao je nekada\u0161nji prvak HSU-a koji za sebe ka\u017ee da nije \u017eetoni\u010di\u0107: &#8220;Ja sam ubrziva\u010d procesa. Mi smo na istom putu, ali ja ubrzavam proces.&#8221;<\/p>\n\n\n\n<h3 class=\"wp-block-heading\">Plenkovi\u0107: Nije \u017eeton\u010di\u0107<\/h3>\n\n\n\n<p>&#8220;Dogovorili smo protokol razumijevanja i suradnje koji \u0107e trajati do kraja mandata. Klju\u010dno podru\u010dje je pobolj\u0161ane \u017eivota hrvatskih umirovljenika. Zaklju\u010dili smo da se njegove ideje sla\u017eu i Nacionalnim planom i mogu re\u0107i da \u0107e gospodin Hrelja i u budu\u0107nosti podr\u017eavati na\u0161u Vladu&#8221;, izjavio je premijer <strong>Andrej Plenkovi\u0107<\/strong>. <\/p>\n\n\n\n<p>Na pitanje zna\u010di li da Hreljina ruka, koja \u0107e u saboru zamijeniti ruku podr\u0161ke Radimira \u010cai\u0107a, ko\u0161ta milijardu kuna godi\u0161nje, odgovorio je negativno.&nbsp;Premijer ka\u017ee da Hrelja nije \u017eeton\u010di\u0107 te da je sramotno nazivati tako saborske zastupnike.<\/p>\n\n\n\n<p>Iako je u Sabor u\u0161ao na listi SDP-a premijer ne tuma\u010di kao prevaru bira\u010da, jer ima svoj klub. &#8220;To \u0161to se on predomislio nije specifi\u010dnost Hrvatske, to se doga\u0111a u drugim zemljama&#8221;, zaklju\u010dio je Plenkovi\u0107. <\/p>\n<div id=\"mojev-3205625415\" class=\"mojev-kraj-teksta mojev-entity-placement\" style=\"margin-bottom: 20px;margin-left: auto;margin-right: auto;text-align: center;\"><div class=\"mojev-adlabel\">oglas<\/div><div style=\"height: 250px;\"><script async src=\"https:\/\/pagead2.googlesyndication.com\/pagead\/js\/adsbygoogle.js?client=ca-pub-8106111766207173\"\r\n     crossorigin=\"anonymous\"><\/script>\r\n<!-- Display-1 -->\r\n<ins class=\"adsbygoogle\"\r\n     style=\"display:block\"\r\n     data-ad-client=\"ca-pub-8106111766207173\"\r\n     data-ad-slot=\"1465712950\"\r\n     data-ad-format=\"auto\"\r\n     data-full-width-responsive=\"true\"><\/ins>\r\n<script>\r\n     (adsbygoogle = window.adsbygoogle || []).push({});\r\n<\/script><\/div><\/div>","protected":false},"excerpt":{"rendered":"<p>Kada mu\u017e i \u017eena imaju zajedno 5 tisu\u0107a kuna i kada mu\u017e umre, ona ostane na 2.100 kuna i oni ulaze u zonu siroma\u0161tva, obja\u0161njava Hrelja.<\/p>\n","protected":false},"author":1,"featured_media":32510,"comment_status":"closed","ping_status":"closed","sticky":false,"template":"","format":"standard","meta":{"footnotes":""},"categories":[9],"tags":[665,1804,1010,553],"class_list":["post-48481","post","type-post","status-publish","format-standard","has-post-thumbnail","hentry","category-vijesti","tag-hdz","tag-josip-aladrovic","tag-obiteske-mirovine","tag-silvano-hrelja"],"_links":{"self":[{"href":"https:\/\/www.mojevrijeme.hr\/magazin\/wp-json\/wp\/v2\/posts\/48481","targetHints":{"allow":["GET"]}}],"collection":[{"href":"https:\/\/www.mojevrijeme.hr\/magazin\/wp-json\/wp\/v2\/posts"}],"about":[{"href":"https:\/\/www.mojevrijeme.hr\/magazin\/wp-json\/wp\/v2\/types\/post"}],"author":[{"embeddable":true,"href":"https:\/\/www.mojevrijeme.hr\/magazin\/wp-json\/wp\/v2\/users\/1"}],"replies":[{"embeddable":true,"href":"https:\/\/www.mojevrijeme.hr\/magazin\/wp-json\/wp\/v2\/comments?post=48481"}],"version-history":[{"count":0,"href":"https:\/\/www.mojevrijeme.hr\/magazin\/wp-json\/wp\/v2\/posts\/48481\/revisions"}],"wp:featuredmedia":[{"embeddable":true,"href":"https:\/\/www.mojevrijeme.hr\/magazin\/wp-json\/wp\/v2\/media\/32510"}],"wp:attachment":[{"href":"https:\/\/www.mojevrijeme.hr\/magazin\/wp-json\/wp\/v2\/media?parent=48481"}],"wp:term":[{"taxonomy":"category","embeddable":true,"href":"https:\/\/www.mojevrijeme.hr\/magazin\/wp-json\/wp\/v2\/categories?post=48481"},{"taxonomy":"post_tag","embeddable":true,"href":"https:\/\/www.mojevrijeme.hr\/magazin\/wp-json\/wp\/v2\/tags?post=48481"}],"curies":[{"name":"wp","href":"https:\/\/api.w.org\/{rel}","templated":true}]}}