{"id":48528,"date":"2021-06-21T10:20:11","date_gmt":"2021-06-21T08:20:11","guid":{"rendered":"https:\/\/www.mojevrijeme.hr\/magazin\/?p=48528"},"modified":"2021-06-21T10:20:11","modified_gmt":"2021-06-21T08:20:11","slug":"radno-vrijeme-trgovina-na-dan-antifasisticke-borbe-22-6-2021","status":"publish","type":"post","link":"https:\/\/www.mojevrijeme.hr\/magazin\/2021\/06\/radno-vrijeme-trgovina-na-dan-antifasisticke-borbe-22-6-2021\/","title":{"rendered":"Radno vrijeme trgovina na Dan antifa\u0161isti\u010dke borbe (22. 6. 2021.)"},"content":{"rendered":"\n<p>Dan antifa\u0161isti\u010dke borbe je dr\u017eavni praznik u Republici Hrvatskoj koji se slavi 22. lipnja. Obilje\u017eava se u znak sje\u0107anja na 22. lipnja 1941. kad je u \u0161umi Brezovica kod Siska osnovan Prvi sisa\u010dki partizanski odred, ujedno i prva antihitlerovska postrojba u tada\u0161njoj okupiranoj Hrvatskoj i Jugoslaviji. U nastavku donosimo radno vrijeme trgovina za utorak, 22. lipnja 2021. godine. <\/p>\n\n\n\n<h3 class=\"wp-block-heading\">Lidl<\/h3>\n\n\n\n<p>Ve\u0107ina poslovnica radit \u0107e od 8 do 14 sati ili od 8 do 18 sati, dok \u0107e neke raditi i do 23 sata. Detaljan popis poslovnica mo\u017eete potra\u017eite na ovoj <a rel=\"noreferrer noopener\" href=\"https:\/\/www.lidl.hr\/informacije-za-kupce\/blagdanska-radna-vremena\" target=\"_blank\">poveznici<\/a>.<\/p>\n\n\n\n<h3 class=\"wp-block-heading\">Kaufland<\/h3>\n\n\n\n<p>Poslovnice Kauflanda ne\u0107e imati jedinstveno radno vrijeme, no ve\u0107ina \u0107e ih raditi do 21 sat. Do kada \u0107e vrata vama najbli\u017ee poslovnice biti otvorena, potra\u017eite na ovom <a rel=\"noreferrer noopener\" href=\"https:\/\/www.kaufland.hr\/usluge\/poslovnica.html\" target=\"_blank\">linku<\/a>. <\/p><div id=\"mojev-3633933837\" class=\"mojev-u-tekstu mojev-entity-placement\" style=\"margin-left: auto;margin-right: auto;text-align: center;\"><div class=\"mojev-adlabel\">oglas<\/div><div style=\"height: 250px;\"><script async src=\"https:\/\/pagead2.googlesyndication.com\/pagead\/js\/adsbygoogle.js?client=ca-pub-8106111766207173\"\r\n     crossorigin=\"anonymous\"><\/script>\r\n<!-- Prikazni 1 u tekstu -->\r\n<ins class=\"adsbygoogle\"\r\n     style=\"display:block\"\r\n     data-ad-client=\"ca-pub-8106111766207173\"\r\n     data-ad-slot=\"8535551207\"\r\n     data-ad-format=\"auto\"\r\n     data-full-width-responsive=\"true\"><\/ins>\r\n<script>\r\n     (adsbygoogle = window.adsbygoogle || []).push({});\r\n<\/script><\/div><\/div><br style=\"clear: both; display: block; float: none;\"\/>\n\n\n\n<h3 class=\"wp-block-heading\">Konzum<\/h3>\n\n\n\n<p>Ni Konzumove poslovnice ne\u0107e imati jedinstveno radno vrijeme. Neke \u0107e biti otvorene cijeloga dana, dok \u0107e druge biti zatvorene, tre\u0107e \u0107e raditi po prilago\u0111enom radnom vremenu. Informacije za vama najbli\u017eu poslovnicu potra\u017eite <a rel=\"noreferrer noopener\" href=\"https:\/\/www.konzum.hr\/novosti\/radno-vrijeme-22-6-2021\" target=\"_blank\">ovdje<\/a>.<\/p>\n\n\n\n<h3 class=\"wp-block-heading\">Spar<\/h3>\n\n\n\n<p>INTERSPAR hipermarketi&nbsp;radit \u0107e prema redovnom radnom vremenu.&nbsp;SPAR supermarketi&nbsp;radit \u0107e skra\u0107eno. Popis trgovina u va\u0161em mjestu mo\u017eete prona\u0107i&nbsp;<a rel=\"noreferrer noopener\" href=\"https:\/\/www.spar.hr\/lokacije\" target=\"_blank\">ovdje<\/a>.<\/p>\n\n\n\n<h3 class=\"wp-block-heading\">Plodine<\/h3>\n\n\n\n<p>Poslovnice Plodina \u0107e raditi prema nedjeljnom radnom vremenu.<\/p>\n<div id=\"mojev-1865939901\" class=\"mojev-kraj-teksta mojev-entity-placement\" style=\"margin-bottom: 20px;margin-left: auto;margin-right: auto;text-align: center;\"><div class=\"mojev-adlabel\">oglas<\/div><div style=\"height: 250px;\"><script async src=\"https:\/\/pagead2.googlesyndication.com\/pagead\/js\/adsbygoogle.js?client=ca-pub-8106111766207173\"\r\n     crossorigin=\"anonymous\"><\/script>\r\n<!-- Display-1 -->\r\n<ins class=\"adsbygoogle\"\r\n     style=\"display:block\"\r\n     data-ad-client=\"ca-pub-8106111766207173\"\r\n     data-ad-slot=\"1465712950\"\r\n     data-ad-format=\"auto\"\r\n     data-full-width-responsive=\"true\"><\/ins>\r\n<script>\r\n     (adsbygoogle = window.adsbygoogle || []).push({});\r\n<\/script><\/div><\/div>","protected":false},"excerpt":{"rendered":"<p>Veliki trgova\u010dki lanci radit \u0107e, ve\u0107inom, po prilago\u0111enom radnom vremenu, no kupci \u0107e imati vremena za obaviti prazni\u010dnu kupovinu. <\/p>\n","protected":false},"author":1,"featured_media":48535,"comment_status":"closed","ping_status":"closed","sticky":false,"template":"","format":"standard","meta":{"footnotes":""},"categories":[9],"tags":[2749,2271,1073],"class_list":["post-48528","post","type-post","status-publish","format-standard","has-post-thumbnail","hentry","category-vijesti","tag-dan-antifasisticke-borbe","tag-radno-vrijeme","tag-trgovine"],"_links":{"self":[{"href":"https:\/\/www.mojevrijeme.hr\/magazin\/wp-json\/wp\/v2\/posts\/48528","targetHints":{"allow":["GET"]}}],"collection":[{"href":"https:\/\/www.mojevrijeme.hr\/magazin\/wp-json\/wp\/v2\/posts"}],"about":[{"href":"https:\/\/www.mojevrijeme.hr\/magazin\/wp-json\/wp\/v2\/types\/post"}],"author":[{"embeddable":true,"href":"https:\/\/www.mojevrijeme.hr\/magazin\/wp-json\/wp\/v2\/users\/1"}],"replies":[{"embeddable":true,"href":"https:\/\/www.mojevrijeme.hr\/magazin\/wp-json\/wp\/v2\/comments?post=48528"}],"version-history":[{"count":0,"href":"https:\/\/www.mojevrijeme.hr\/magazin\/wp-json\/wp\/v2\/posts\/48528\/revisions"}],"wp:featuredmedia":[{"embeddable":true,"href":"https:\/\/www.mojevrijeme.hr\/magazin\/wp-json\/wp\/v2\/media\/48535"}],"wp:attachment":[{"href":"https:\/\/www.mojevrijeme.hr\/magazin\/wp-json\/wp\/v2\/media?parent=48528"}],"wp:term":[{"taxonomy":"category","embeddable":true,"href":"https:\/\/www.mojevrijeme.hr\/magazin\/wp-json\/wp\/v2\/categories?post=48528"},{"taxonomy":"post_tag","embeddable":true,"href":"https:\/\/www.mojevrijeme.hr\/magazin\/wp-json\/wp\/v2\/tags?post=48528"}],"curies":[{"name":"wp","href":"https:\/\/api.w.org\/{rel}","templated":true}]}}