{"id":49626,"date":"2021-07-26T11:47:16","date_gmt":"2021-07-26T09:47:16","guid":{"rendered":"https:\/\/www.mojevrijeme.hr\/magazin\/?p=49626"},"modified":"2021-07-26T11:47:30","modified_gmt":"2021-07-26T09:47:30","slug":"ljeposava-majkic-prezivjela-sam-rat-i-privatizaciju-a-u-mirovinu-sam-otisla-zbog-korone","status":"publish","type":"post","link":"https:\/\/www.mojevrijeme.hr\/magazin\/2021\/07\/ljeposava-majkic-prezivjela-sam-rat-i-privatizaciju-a-u-mirovinu-sam-otisla-zbog-korone\/","title":{"rendered":"Ljeposava Majki\u0107: Pre\u017eivjela sam rat i privatizaciju, a u mirovinu sam oti\u0161la zbog korone"},"content":{"rendered":"\n<p>Posljednjih nekoliko godina dio obiteljskog ljetovanja provodim u velikom <em>resortu<\/em> pored \u0160ibenika. Odlazimo tamo po \u017eelji mog 10-godi\u0161njeg sina koji se tamo osje\u0107a, kako ka\u017ee, sretno i zadovoljno. A, iskreno govore\u0107i, ne bunimo se ni mi odrasli.<\/p>\n\n\n\n<p>Razina usluge i na\u0161i dojmovi ostali su odli\u010dni i tijekom pro\u0161logodi\u0161nje, pandemijske sezone pa smo se odlu\u010dili vratiti i ovoga ljeta. No, ve\u0107 po samom dolasku, ne\u0161to je bilo druga\u010dije. Odmah smo primijetili da me\u0111u osobljem nedostaje jedno poznato lice. Ni na ve\u010deri, a ni sutradan na doru\u010dku nismo vidjeli gospo\u0111u <strong>Ljeposavu Majki\u0107<\/strong>, konobaricu koja nas je svih pro\u0161lih godina srda\u010dno i toplo do\u010dekivala i ispra\u0107ala. Raspitali smo se i doznali da je oti\u0161la u mirovinu. Kontaktirali smo je jer na\u0161 boravak u \u0160ibeniku bez susreta s njom ne bi bio potpun.<\/p>\n\n\n\n<h3 class=\"wp-block-heading\">Cijeli \u017eivot vjerna jednom poslodavcu<\/h3>\n\n\n\n<p>&#8220;U Solarisu sam provela 41 godinu \u2013 to je moje prvo i jedino radno mjesto u kojemu sam odradila \u010ditav svoj radni vijek&#8221;, pri\u010da mi Ljeposava, fri\u0161ka umirovljenica. Raditi je zapo\u010dela nakon zavr\u0161ene ugostiteljske \u0161kole \u2013 najprije nekoliko godina sezonski, a potom i &#8220;za stalno&#8221;. Ovoj je ku\u0107i i svom poslu bila vjerna, bez obzira na uspone i padove koji su je na tom putu pratili.<\/p><div id=\"mojev-2407754022\" class=\"mojev-u-tekstu mojev-entity-placement\" style=\"margin-left: auto;margin-right: auto;text-align: center;\"><div class=\"mojev-adlabel\">oglas<\/div><div style=\"height: 250px;\"><script async src=\"https:\/\/pagead2.googlesyndication.com\/pagead\/js\/adsbygoogle.js?client=ca-pub-8106111766207173\"\r\n     crossorigin=\"anonymous\"><\/script>\r\n<!-- Prikazni 1 u tekstu -->\r\n<ins class=\"adsbygoogle\"\r\n     style=\"display:block\"\r\n     data-ad-client=\"ca-pub-8106111766207173\"\r\n     data-ad-slot=\"8535551207\"\r\n     data-ad-format=\"auto\"\r\n     data-full-width-responsive=\"true\"><\/ins>\r\n<script>\r\n     (adsbygoogle = window.adsbygoogle || []).push({});\r\n<\/script><\/div><\/div><br style=\"clear: both; display: block; float: none;\"\/>\n\n\n\n<p>&#8220;Svi mi koji smo radili u turizmu, imali smo gotovo iste pla\u0107e &#8211; da sam oti\u0161la u neku drugu hotelsku ku\u0107u, ne bih ni\u0161ta profitirala. To je bio i neki generacijski odabir \u2013 svi smo ostali vjerni svojim poslodavcima \u2013 a da Vam pravo ka\u017eem, nije ni bilo prevelikog izbora. O odlasku u inozemstvu nismo razmi\u0161ljali i svi smo, uglavnom, cijeli \u017eivot radili na istom radnom mjestu na kojem smo i zapo\u010deli&#8221;, govori.<\/p>\n\n\n\n<h3 class=\"wp-block-heading\">Turizam nekad i danas<\/h3>\n\n\n\n<p>Ova vitalna, radi\u0161na i neposredna \u017eena, s godinama je postala svojevrsni simbol ku\u0107e u kojoj je radila. Upoznala je na svom radnom mjestu brojne goste, a s mnogima ostvarila i osobni kontakt pa i prijateljski odnos. Turizam je, ka\u017ee, osjetljiva bran\u0161a, izuzetno podlo\u017ena promjenama.<\/p>\n\n\n\n<p>2U odnosu na moje prve godine, i posao i gosti danas su posve druga\u010diji. Sve se promijenilo. Nekad je ovo bilo doista elitno naselje, imali smo vrhunske goste, ljude visoke plate\u017ene mo\u0107i s druga\u010dijim potrebama, \u017eeljama i navikama. Trenutno imamo masovni turizam. No, mi smo se uvijek nastojali jednako pona\u0161ati prema svakom gostu \u2013 tako smo educirani i tome smo uvijek te\u017eili. Devedesetih se struktura gostiju po\u010dela mijenjati \u2013 mije\u0161ale su se razli\u010dite kategorije gostiju pa se znalo dogoditi da se na istom mjestu i u isto vrijeme na\u0111u, primjerice, vlasnik tvornice i njegov zaposlenik&#8221;, prisje\u0107a se na\u0161a sugovornica.<\/p>\n\n\n\n<p>Paralelno s tim promjenama, do\u0161lo je i do pada kvalitete osoblja. Naime, pri\u010da nam Ljeposava, novi gosti nisu zahtijevali nikakav poseban tretman. More, sunce, udoban krevet i ukusan obrok bili su im dovoljni.<\/p>\n\n\n\n<p>&#8220;No mi smo, a tu mislim na nas ne\u0161to starije, odlu\u010dili zadr\u017eati nekada\u0161nji standard usluge i na\u0161 na\u010din rada. Ina\u010de, kriteriji se u hrvatskom turizmu uru\u0161avaju godinama. Ali, ne bih rekla da su za to krivi isklju\u010divo mladi ljudi \u2013 njih naprosto ni\u0161ta ne motivira. Oni su spremni \u010desto mijenjati poslove i za njih je ovaj posao tek privremena stanica. Mene i moje kolege motiviralo je to \u0161to smo radili u struci, znali smo da \u0107emo ostati tu, voljeli smo taj posao i trudili smo se pokazati ono \u0161to znamo. Uvjerena sam da bi se i od dana\u0161nje mlade\u017ei ne\u0161to dalo napraviti, kada bi u njima postojala unutarnja motivacija, \u017eelja, strast. Oni naprosto nemaju razloga biti bolji, truditi se i rasti&#8221;, zaklju\u010duje ova iskusna turisti\u010dka djelatnica.<\/p>\n\n\n\n<h3 class=\"wp-block-heading\">Poznati gosti iz politi\u010dkog \u017eivota<\/h3>\n\n\n\n<p>Tijekom svoje dugogodi\u0161nje karijere postizala je sjajne rezultate, usavr\u0161avala se, putovala po svijetu, a za svoj je rad bila vi\u0161estruko nagra\u0111ivana. Iskustvo je stjecala u svih pet hotela u <em>resortu<\/em>, a izdvojit \u0107e dva \u2013 hotele Jure i Niko.<\/p>\n\n\n\n<p>&#8220;Jure je bio takozvani klub hotel i u njemu sam radila kad sam bila mlada. Tko zna, mo\u017eda ga zato i pamtim po dobrome (smijeh). Tamo su dolazili najbolji gosti \u2013 Nijemci, Nizozemci, Britanci. No, kada bih morala odabrati samo jedan, danas bih, bez razmi\u0161ljanja i bez obzira na to \u0161to je star i tro\u0161an, svakako izdvojila hotel Niko. Taj je hotel kao ku\u0107a &#8211; ima du\u0161u. U njemu je jo\u0161 uvijek mogu\u0107e osoblje dr\u017eati na okupu, svi su slo\u017eni i rade za istu stvar. U tom hotelu nema nikakvih posebnih atrakcija, ne doga\u0111a se ni\u0161ta spektakularno, ali to je divan obiteljski hotel. Bez obzira \u0161to je objektivno najmanje komforan i ima samo tri zvjezdice, uvijek je postizao vrhunske rezultate. Tu je gost u prvom planu. Kad se to izgubi, ni turizma ne\u0107e biti&#8221;, ka\u017ee Ljeposava Majki\u0107.<\/p>\n\n\n\n<figure class=\"wp-block-image size-large\"><img loading=\"lazy\" decoding=\"async\" width=\"740\" height=\"444\" src=\"https:\/\/www.mojevrijeme.hr\/magazin\/wp-content\/uploads\/2021\/07\/ljeposava-kolektiv-740x444.jpg\" alt=\"\" class=\"wp-image-49640\" srcset=\"https:\/\/www.mojevrijeme.hr\/magazin\/wp-content\/uploads\/2021\/07\/ljeposava-kolektiv-740x444.jpg 740w, https:\/\/www.mojevrijeme.hr\/magazin\/wp-content\/uploads\/2021\/07\/ljeposava-kolektiv-636x382.jpg 636w, https:\/\/www.mojevrijeme.hr\/magazin\/wp-content\/uploads\/2021\/07\/ljeposava-kolektiv-768x461.jpg 768w, https:\/\/www.mojevrijeme.hr\/magazin\/wp-content\/uploads\/2021\/07\/ljeposava-kolektiv-1536x922.jpg 1536w, https:\/\/www.mojevrijeme.hr\/magazin\/wp-content\/uploads\/2021\/07\/ljeposava-kolektiv-1500x900.jpg 1500w, https:\/\/www.mojevrijeme.hr\/magazin\/wp-content\/uploads\/2021\/07\/ljeposava-kolektiv-1600x960.jpg 1600w, https:\/\/www.mojevrijeme.hr\/magazin\/wp-content\/uploads\/2021\/07\/ljeposava-kolektiv-590x354.jpg 590w, https:\/\/www.mojevrijeme.hr\/magazin\/wp-content\/uploads\/2021\/07\/ljeposava-kolektiv-400x240.jpg 400w, https:\/\/www.mojevrijeme.hr\/magazin\/wp-content\/uploads\/2021\/07\/ljeposava-kolektiv-1000x600.jpg 1000w, https:\/\/www.mojevrijeme.hr\/magazin\/wp-content\/uploads\/2021\/07\/ljeposava-kolektiv-820x492.jpg 820w, https:\/\/www.mojevrijeme.hr\/magazin\/wp-content\/uploads\/2021\/07\/ljeposava-kolektiv-1080x648.jpg 1080w, https:\/\/www.mojevrijeme.hr\/magazin\/wp-content\/uploads\/2021\/07\/ljeposava-kolektiv.jpg 2000w\" sizes=\"auto, (max-width: 740px) 100vw, 740px\" \/><figcaption>Ljeposava i kolege (foto: privatni album)<\/figcaption><\/figure>\n\n\n\n<p>Vo\u0111ena diskrecijom, eti\u010dno\u0161\u0107u i profesionalizmom, ne izdvaja nikoga od poznatih gostiju kojima je bila na usluzi. Re\u0107i \u0107e tek da je posebnih, visokih gostiju bilo jako puno, a ve\u0107ina ih je bila iz politi\u010dkog \u017eivota.<\/p>\n\n\n\n<p>&#8220;Jugoslavija je bila \u010dlanica Pokreta nesvrstanih, a sve delegacije koje su stizale, bile su na\u0161i gosti. Dolazili su nam svake godine i primali smo sve najve\u0107e svjetske dr\u017eavnike. Sli\u010dan se trend nastavio i u Hrvatskoj \u2013 na raznim kongresima, konferencijama i skupovima okupljao se \u010ditav dr\u017eavni vrh, najugledniji stru\u010dnjaci i znanstvenici&#8221;, pri\u010da Ljeposava s nemalim ponosom.<\/p>\n\n\n\n<h3 class=\"wp-block-heading\">Naporan rad i gost na prvom mjestu<\/h3>\n\n\n\n<p>Posao koji je obavljala nije bio lak i tra\u017eio je mnoge \u017ertve. Ipak, zbog obitelji je, koliko je god mogla, izbjegavala jutarnje smjene.<\/p>\n\n\n\n<p>&#8220;Dok sam bila mlada, uglavnom sam radila u baru. Do\u0161la bih u smjenu u 14 sati i radila do pono\u0107i. U me\u0111uvremenu sam poslu\u017eivala i ve\u010deru. Tada hotelski restorani nisu radili po sistemu samoposlu\u017eivanja, ve\u0107 je svatko od konobara &#8216;pod sobom&#8217; imao desetak stolova i stalne goste o kojima je brinuo. Gost bi pak, \u010dim bi do\u0161ao, dobio svoj stol za kojim je sjedio i konzumirao hranu do kraja svog boravka kod nas. Na stolovima su \u010dak znali ostavljati i svoje privatne stvari \u2013 to je danas nezamislivo. Poslu\u017eivali smo im za stolom kompletne obroke &#8211; svake ve\u010deri goste bismo anketirali \u2013 ponudili bismo im tri menija, a njihov izbor bismo prenijeli kuhinji i to ih je sutradan \u010dekalo. \u010cesto su se organizirale razne tematske ve\u010dere \u2013 na na\u0161im terasama uz more, uz \u017eivu glazbu i ples. Te su ve\u010deri, tako ispunjene sadr\u017eajima, bile ba\u0161 va\u017ean doga\u0111aj za sve goste hotela. Ni toga vi\u0161e nema&#8221;, sjetno \u0107e re\u0107i Ljeposava.<\/p>\n\n\n\n<p>Dodaje kako se i na drugim punktovima u <em>resortu<\/em> vijek ne\u0161to doga\u0111alo \u2013 na pla\u017eama su gostovali razni poznati glazbenici, postojali su posebni programi za djecu, gosti su se me\u0111usobno puno vi\u0161e dru\u017eili.<\/p>\n\n\n\n<p>&#8220;Radilo se od 6 do 14 sati te od 14 do 22 sata, bez ijednog slobodnog dana \u010ditave sezone. Ja se sa svojom djecom nisam \u010ditavo ljeto stigla okupati. Tijekom sezone redovito bih izgubila dvanaest do \u010detrnaest kilograma. Previ\u0161e sam radila, a premalo jela \u2013 ne zato \u0161to nije bilo hrane, ve\u0107 zato \u0161to nije bilo vremena&#8221;, ka\u017ee ova turisti\u010dka veteranka.<\/p>\n\n\n\n<p>Jutarnja smjena zapo\u010dinjala je u 6 sati \u2013 pripremom za doru\u010dak. &#8220;Odjene\u0161 uniformu i tog trena po\u010dinje\u0161 raditi. Nema kavice, odmora, pu\u0161enja, telefoniranja. U to vrijeme, nudili smo puni pansion, danas se to rijetko vi\u0111a. Anga\u017eman je bio maksimalan, nama je to bilo prirodno i normalno. Popodnevna smjena zapo\u010dinjala bi na isti na\u010din, a nastavljala bi se u hotelskom restoranu i na terasi. Nerijetko bih na poslu do\u010dekala i pono\u0107.&#8221;<\/p>\n\n\n\n<h3 class=\"wp-block-heading\">Rat, privatizacija, korona\u2026<\/h3>\n\n\n\n<p>Prema rije\u010dima na\u0161e sugovornice, hotelijerstvo, ugostiteljstvo i turizam izuzetno su osjetljivi dijelovi gospodarstva i svaka promjena u njima se izuzetno jako osje\u0107a. Pre\u017eivjeli su rat, tu\u017eno razdoblje izbjegli\u0161tva, privatizaciju, ali kao najgore razdoblje ipak \u0107e izdvojiti pandemiju koronavirusa.<\/p>\n\n\n\n<p>&#8220;O privatizaciji \u0107u re\u0107i samo ovo: dobro je da smo ostali \u017eivi. Jako velik broj ljudi bio je u strahu za svoje radno mjesto. Ja sam sebi tada rekla da se nemam \u010dega bojati. Nisam nikad bila privilegirana ili po\u0161te\u0111ena, predano sam radila i znala sam da radim dobro i kako treba. Jednostavno nisam vidjela nikakvu opasnost za sebe. I tako je i bilo. Posljednjih nekoliko godina moga radnog vijeka bilo mi je jako lijepo. \u010cak su nam i pla\u0107e narasle i kona\u010dno postale pristojne. Prije toga, dugo smo bili potpla\u0107eni.&#8221;<\/p>\n\n\n\n<p>&#8220;Korona nam je donijela najve\u0107u i najte\u017eu promjenu. \u0160to da Vam ka\u017eem &#8211; kad se ja ne mogu nasmijati, kad ne mogu ostvariti kontakt i interakciju s ljudima \u2013 kakvog smisla uop\u0107e ima moj posao? Ja volim otvoren, iskren odnos s ljudima i mislim da je to u ovom poslu apsolutno nu\u017eno. 39 godina radila sam na taj na\u010din i onda sam odjednom morala prestati \u2013 to je bio \u0161ok na koji se nikad nisam priviknula. Uvijek sam u \u017eivotu nastojala izvu\u0107i najbolje iz postoje\u0107ih okolnosti, no ovdje to jednostavno nije bilo mogu\u0107e. Shvatila sam da postoje samo dvije opcije \u2013 ili prihvatiti novonastalu situaciju ili oti\u0107i.&#8221;<\/p>\n\n\n\n<p>Ljeposava je odabrala ovo drugo. Ka\u017ee, uz koronu, izgubila je mogu\u0107nost biti ono \u0161to ona jest. Morala se distancirati od gostiju. Iako je sezonu odradila uz maksimalno po\u0161tivanje mjera \u2013 dezinfekciju ruku, stalno no\u0161enje maske i rukavica &#8211; \u010ditavo je vrijeme bila u gr\u010du. Shvatila je i da je sama u opasnosti jer je bilo i gostiju koji su negirali bolest i odbijali nositi masku. Uz sve to, iznenadio ih je nagli dolazak velikog broja gostiju koji nije bio popra\u0107en primjerenim brojem osoblja. U mirovinu je oti\u0161la \u010dim je stekla uvjete, iako je, ka\u017ee, mogla raditi jo\u0161 barem dvije i pol godine.<\/p>\n\n\n\n<h3 class=\"wp-block-heading\">Oti\u0161la sam zbog korone<\/h3>\n\n\n\n<p>&#8220;Da, mogu re\u0107i da sam oti\u0161la zbog korone i posljedica koje je donijela. Posljednjih sam se godina na neki na\u010din pripremala za odlazak \u2013 skratila sam si radno vrijeme, radila sam samo poslijepodne, imala sam manju satnicu \u2013 nisam se htjela pretjerano iscrpljivati kako bih \u0161to dulje mogla raditi. Naravno, to je zna\u010dilo i manju pla\u0107u, ali financije mi u toj pri\u010di nisu bile prioritet. Me\u0111utim, kada sam u jeku pandemije shvatila da nema izbora i da \u0107u morati raditi i ujutro i nave\u010der i puno vi\u0161e, i u uvjetima koji mi nisu omogu\u0107avali rad na moj na\u010din, shvatila sam da sam do\u0161la do kraja&#8221;, pri\u010da nam Ljeposava.<\/p>\n\n\n\n<p>Zajedno s jo\u0161 dvojicom kolega, najavila se direktoru te mu predo\u010dila svoj plan za odlazak u mirovinu. &#8220;\u201eRekla sam mu da ne \u017eelim u mirovinu oti\u0107i u kolicima i on je to prihvatio.&#8221;<\/p>\n\n\n\n<p>Na po\u010detku je mislila sam da \u0107e joj mirovina biti \u0161ok, bila je malo zbunjena i tra\u017eila je na\u010dina da organizira svoj dan u kojemu se odjednom pojavilo jako puno slobodnog vremena. Mislila je da \u0107e se, kada se opet pribli\u017ei sezona, po\u017eeljeti vratiti na posao. No, to se ipak nije dogodilo.<\/p>\n\n\n\n<p>&#8220;Ne\u0107u se vra\u0107ati \u2013 odlu\u010dila sam! I vi\u0161e se uop\u0107e ne preispitujem oko te odluke. Te\u0161ko je oti\u0107i u mirovinu, te\u0161ko se preorijentirati, to je jedan posve novi \u017eivot. Ne\u0161to \u0161to je trajalo toliko godina sada naprasno prestaje. Ali, shvatila sam da se ne smijem ni fizi\u010dki ni nikako druga\u010dije zapustiti \u2013 ja sam uvijek bila u kondiciji, uvijek sam bila aktivna. Danas puno hodam, bavim se planinarenjem, Ne \u017eelim stati i zavu\u0107i se u ku\u0107u&#8221;, odlu\u010dna je Ljeposava.<\/p>\n\n\n\n<p>Sada kona\u010dno ljeta mo\u017ee provoditi uz more, u dru\u0161tvu svojih troje unuka s kojima nadokna\u0111uje sve propu\u0161tene trenutke opu\u0161tanja i u\u017eivanja.<\/p>\n\n\n\n<div id=\"blokovi\"><img decoding=\"async\" src=\"https:\/\/www.mojevrijeme.hr\/magazin\/wp-content\/uploads\/2020\/09\/esf-lenta.jpg\">\nOvaj prilog objavljen je u sklopu projekta \u201cNovo vrijeme\u201d. Projekt je sufinancirala\nEuropska unija sredstvima Europskog socijalnog fonda. Sadr\u017eaj priloga isklju\u010diva\nje odgovornost Udruge Ho\u0107u stranicu.<\/div>\n<div id=\"mojev-3247321982\" class=\"mojev-kraj-teksta mojev-entity-placement\" style=\"margin-bottom: 20px;margin-left: auto;margin-right: auto;text-align: center;\"><div class=\"mojev-adlabel\">oglas<\/div><div style=\"height: 250px;\"><script async src=\"https:\/\/pagead2.googlesyndication.com\/pagead\/js\/adsbygoogle.js?client=ca-pub-8106111766207173\"\r\n     crossorigin=\"anonymous\"><\/script>\r\n<!-- Display-1 -->\r\n<ins class=\"adsbygoogle\"\r\n     style=\"display:block\"\r\n     data-ad-client=\"ca-pub-8106111766207173\"\r\n     data-ad-slot=\"1465712950\"\r\n     data-ad-format=\"auto\"\r\n     data-full-width-responsive=\"true\"><\/ins>\r\n<script>\r\n     (adsbygoogle = window.adsbygoogle || []).push({});\r\n<\/script><\/div><\/div>","protected":false},"excerpt":{"rendered":"<p>S Ljeposavom Majki\u0107, konobaricom koja je \u010ditav radni vijek provela u \u0161ibenskom Solarisu, razgovarali smo o promjenama kroz koje prolazi hrvatski turizam, ugostiteljstvu nekad i sad te o posljedicama pandemije koronavirusa zbog kojih je i sama odlu\u010dila oti\u0107i u mirovinu. <\/p>\n","protected":false},"author":13,"featured_media":49639,"comment_status":"closed","ping_status":"closed","sticky":false,"template":"","format":"standard","meta":{"footnotes":""},"categories":[2],"tags":[2046,957,2339,1721,590,2247],"class_list":["post-49626","post","type-post","status-publish","format-standard","has-post-thumbnail","hentry","category-mozaik","tag-korona-virus","tag-mirovina","tag-novo-vrijeme","tag-sibenik","tag-turizam","tag-ugostiteljstvo"],"_links":{"self":[{"href":"https:\/\/www.mojevrijeme.hr\/magazin\/wp-json\/wp\/v2\/posts\/49626","targetHints":{"allow":["GET"]}}],"collection":[{"href":"https:\/\/www.mojevrijeme.hr\/magazin\/wp-json\/wp\/v2\/posts"}],"about":[{"href":"https:\/\/www.mojevrijeme.hr\/magazin\/wp-json\/wp\/v2\/types\/post"}],"author":[{"embeddable":true,"href":"https:\/\/www.mojevrijeme.hr\/magazin\/wp-json\/wp\/v2\/users\/13"}],"replies":[{"embeddable":true,"href":"https:\/\/www.mojevrijeme.hr\/magazin\/wp-json\/wp\/v2\/comments?post=49626"}],"version-history":[{"count":0,"href":"https:\/\/www.mojevrijeme.hr\/magazin\/wp-json\/wp\/v2\/posts\/49626\/revisions"}],"wp:featuredmedia":[{"embeddable":true,"href":"https:\/\/www.mojevrijeme.hr\/magazin\/wp-json\/wp\/v2\/media\/49639"}],"wp:attachment":[{"href":"https:\/\/www.mojevrijeme.hr\/magazin\/wp-json\/wp\/v2\/media?parent=49626"}],"wp:term":[{"taxonomy":"category","embeddable":true,"href":"https:\/\/www.mojevrijeme.hr\/magazin\/wp-json\/wp\/v2\/categories?post=49626"},{"taxonomy":"post_tag","embeddable":true,"href":"https:\/\/www.mojevrijeme.hr\/magazin\/wp-json\/wp\/v2\/tags?post=49626"}],"curies":[{"name":"wp","href":"https:\/\/api.w.org\/{rel}","templated":true}]}}