{"id":49652,"date":"2021-07-27T11:42:10","date_gmt":"2021-07-27T09:42:10","guid":{"rendered":"https:\/\/www.mojevrijeme.hr\/magazin\/?p=49652"},"modified":"2021-07-27T11:43:40","modified_gmt":"2021-07-27T09:43:40","slug":"skok-smrtnosti-starijih-prestalo-se-isplacivati-27-000-mirovina-porastao-je-broj-novih-umirovljenika","status":"publish","type":"post","link":"https:\/\/www.mojevrijeme.hr\/magazin\/2021\/07\/skok-smrtnosti-starijih-prestalo-se-isplacivati-27-000-mirovina-porastao-je-broj-novih-umirovljenika\/","title":{"rendered":"Skok smrtnosti starijih: Prestalo se ispla\u0107ivati 27.000 mirovina, porastao je broj novih umirovljenika"},"content":{"rendered":"\n<p>U prvih \u0161est mjeseci ove godine umrlo je pet tisu\u0107a korisnika hrvatskih mirovina vi\u0161e nego te\u0161ke 2020. godine, a ako se usporedba protegne na mirnije razdoblje otprije pet godina, tada se broj umirovljenika kojima je prestalo pravo na isplatu mirovine zbog smrti korisnika pove\u0107ao za 10 tisu\u0107a, pi\u0161e <a href=\"https:\/\/www.vecernji.hr\/vijesti\/hrvatska-prestaje-isplacivati-27-tisuca-mirovina-u-pola-godine-se-snazno-povecala-smrtnost-starijih-1511035\" target=\"_blank\" rel=\"noreferrer noopener\">Ve\u010dernji list<\/a>.<\/p>\n\n\n\n<p>Iz mirovinskog osiguranja navode da su od sije\u010dnja do kraja lipnja 2021. godine zbog smrti korisnika prestali ispla\u0107ivati 26.989 mirovina. Lani u ovo vrijeme ta je brojka bila znatno ni\u017ea i iznosila je 21.983, \u0161to je zbog korone tako\u0111er predstavljalo veliko pove\u0107anje. Pije pet godina u prvoj polovici godine umrlo je 17 tisu\u0107a umirovljenika.<\/p>\n\n\n\n<p>Uzroke smrti starije populacije naknadno \u0107e istra\u017eivati epidemiolozi i statisti\u010dari, no pretpostaviti je da starije ljude &#8220;ne odnosi&#8221; samo korona ve\u0107 i op\u0107e stanje oko zdravstvene skrbi starijih te dramati\u010dne promjene vremena kojima se i mla\u0111i ljudi te\u017ee prilago\u0111avaju. U ove podatke nisu uklju\u010deni korisnici braniteljskih mirovina, djelatnih vojnih osoba i HVO-a, tako da \u0107e kona\u010dne brojke biti jo\u0161 nepovoljnije. Velika smrtnost starije populacije odrazila se i na smanjenje ukupnog broja umirovljenika, kojih je danas 5.650 manje nego pro\u0161le godine, \u0161to je najni\u017ei broj umirovljenika u posljednje tri godine. Broj novih umirovljenika nije se smanjio te ih je oko 1.500 vi\u0161e nego lani.<br><br>Ove godine \u017eene mogu u prijevremenu mirovinu s navr\u0161enih 57 godina \u017eivota i 9 mjeseci te 32 godine i 9 mjeseci sta\u017ea. Idu\u0107e godine ta se granica di\u017ee na 58 godina \u017eivota i 33 godine sta\u017ea. \u017denama \u0107e se radni vijek produljivati za tri dodatna mjeseca svake idu\u0107e godine do 2029. kada \u0107e se izjedna\u010diti s mu\u0161karcima te \u0107e svi u starosnu mirovinu sa 65 godina, a prijevremenu 60 godina, ako se u me\u0111uvremenu ta dob ne pove\u0107a.<br><br>Hrvatska ima jedan od najnepovoljnijih omjera broja zaposlenih i umirovljenih &#8211; jedan prema 1,24. U Njema\u010dkoj i Francuskoj se na primjer taj omjer nedavno spustio ispod dva zaposlena na jednog umirovljenika, \u0161to se poku\u0161ava nadomjestiti produljenjem radnog vijeka i zapo\u0161ljavanjem starijih. Hrvatska je omogu\u0107ila umirovljenicima da se legalno zaposle do \u010detiri sata dnevno uz zadr\u017eavanje mirovine, a prema europskom statisti\u010dkom uredu, dulje od 65 godina kod nas radi oko 5 posto mu\u0161karaca i 2,5 posto \u017eena, pi\u0161e <a rel=\"noreferrer noopener\" href=\"https:\/\/www.vecernji.hr\/vijesti\/hrvatska-prestaje-isplacivati-27-tisuca-mirovina-u-pola-godine-se-snazno-povecala-smrtnost-starijih-1511035\" target=\"_blank\">Ve\u010dernji list<\/a>.<\/p><div id=\"mojev-4086184615\" class=\"mojev-u-tekstu mojev-entity-placement\" style=\"margin-left: auto;margin-right: auto;text-align: center;\"><div class=\"mojev-adlabel\">oglas<\/div><div style=\"height: 250px;\"><script async src=\"https:\/\/pagead2.googlesyndication.com\/pagead\/js\/adsbygoogle.js?client=ca-pub-8106111766207173\"\r\n     crossorigin=\"anonymous\"><\/script>\r\n<!-- Prikazni 1 u tekstu -->\r\n<ins class=\"adsbygoogle\"\r\n     style=\"display:block\"\r\n     data-ad-client=\"ca-pub-8106111766207173\"\r\n     data-ad-slot=\"8535551207\"\r\n     data-ad-format=\"auto\"\r\n     data-full-width-responsive=\"true\"><\/ins>\r\n<script>\r\n     (adsbygoogle = window.adsbygoogle || []).push({});\r\n<\/script><\/div><\/div><br style=\"clear: both; display: block; float: none;\"\/>\n<div id=\"mojev-4110843205\" class=\"mojev-kraj-teksta mojev-entity-placement\" style=\"margin-bottom: 20px;margin-left: auto;margin-right: auto;text-align: center;\"><div class=\"mojev-adlabel\">oglas<\/div><div style=\"height: 250px;\"><script async src=\"https:\/\/pagead2.googlesyndication.com\/pagead\/js\/adsbygoogle.js?client=ca-pub-8106111766207173\"\r\n     crossorigin=\"anonymous\"><\/script>\r\n<!-- Display-1 -->\r\n<ins class=\"adsbygoogle\"\r\n     style=\"display:block\"\r\n     data-ad-client=\"ca-pub-8106111766207173\"\r\n     data-ad-slot=\"1465712950\"\r\n     data-ad-format=\"auto\"\r\n     data-full-width-responsive=\"true\"><\/ins>\r\n<script>\r\n     (adsbygoogle = window.adsbygoogle || []).push({});\r\n<\/script><\/div><\/div>","protected":false},"excerpt":{"rendered":"<p>U ove podatke nisu uklju\u010deni korisnici braniteljskih mirovina, djelatnih vojnih osoba i HVO-a, tako da \u0107e kona\u010dne brojke biti jo\u0161 nepovoljnije.<\/p>\n","protected":false},"author":1,"featured_media":42948,"comment_status":"closed","ping_status":"closed","sticky":false,"template":"","format":"standard","meta":{"footnotes":""},"categories":[9],"tags":[563,18,1018,1532],"class_list":["post-49652","post","type-post","status-publish","format-standard","has-post-thumbnail","hentry","category-vijesti","tag-hzmo","tag-mirovine","tag-smrtnost","tag-statistika"],"_links":{"self":[{"href":"https:\/\/www.mojevrijeme.hr\/magazin\/wp-json\/wp\/v2\/posts\/49652","targetHints":{"allow":["GET"]}}],"collection":[{"href":"https:\/\/www.mojevrijeme.hr\/magazin\/wp-json\/wp\/v2\/posts"}],"about":[{"href":"https:\/\/www.mojevrijeme.hr\/magazin\/wp-json\/wp\/v2\/types\/post"}],"author":[{"embeddable":true,"href":"https:\/\/www.mojevrijeme.hr\/magazin\/wp-json\/wp\/v2\/users\/1"}],"replies":[{"embeddable":true,"href":"https:\/\/www.mojevrijeme.hr\/magazin\/wp-json\/wp\/v2\/comments?post=49652"}],"version-history":[{"count":0,"href":"https:\/\/www.mojevrijeme.hr\/magazin\/wp-json\/wp\/v2\/posts\/49652\/revisions"}],"wp:featuredmedia":[{"embeddable":true,"href":"https:\/\/www.mojevrijeme.hr\/magazin\/wp-json\/wp\/v2\/media\/42948"}],"wp:attachment":[{"href":"https:\/\/www.mojevrijeme.hr\/magazin\/wp-json\/wp\/v2\/media?parent=49652"}],"wp:term":[{"taxonomy":"category","embeddable":true,"href":"https:\/\/www.mojevrijeme.hr\/magazin\/wp-json\/wp\/v2\/categories?post=49652"},{"taxonomy":"post_tag","embeddable":true,"href":"https:\/\/www.mojevrijeme.hr\/magazin\/wp-json\/wp\/v2\/tags?post=49652"}],"curies":[{"name":"wp","href":"https:\/\/api.w.org\/{rel}","templated":true}]}}