{"id":4971,"date":"2015-07-02T20:52:01","date_gmt":"2015-07-02T18:52:01","guid":{"rendered":"http:\/\/www.mojevrijeme.hr\/magazin\/?p=4971"},"modified":"2015-07-02T20:52:01","modified_gmt":"2015-07-02T18:52:01","slug":"zasto-zene-i-muskarci-razlicito-stare","status":"publish","type":"post","link":"https:\/\/www.mojevrijeme.hr\/magazin\/2015\/07\/zasto-zene-i-muskarci-razlicito-stare\/","title":{"rendered":"Za\u0161to \u017eene i mu\u0161karci razli\u010dito stare?"},"content":{"rendered":"<p>Poznato je da djevoj\u010dice i dje\u010daci odrastaju razli\u010ditom brzinom, pri \u010demu djevoj\u010dice odrastaju malo br\u017ee. No kakva je situacija sa starenjem?\u00a0Svi smo svjesni dru\u0161tvenih razlika kad je u pitanju starenje \u017eena i mu\u0161karaca. No ovdje smo odlu\u010dili opisati kako starenje doista utje\u010de na \u017eene i mu\u0161karce i u \u010demu je razlika, pi\u0161e <a href=\"http:\/\/www.huffingtonpost.com\/2015\/06\/30\/men-women-aging-differences_n_7645204.html?utm_hp_ref=fifty&amp;ir=Fifty\" target=\"_blank\">Huffington post<\/a>.<\/p>\n<h3>1. Dugovje\u010dnost<\/h3>\n<p>Prema istra\u017eivanju\u00a0ameri\u010dkog Centra za kontrolu i sprje\u010davanje bolesti, o\u010dekivana dob mu\u0161karaca u SAD-u je 76,4, a \u017eena 81,2 godine. To je skoro pet godina razlike. Neke studije to povezuju s Y kromosomom i vi\u0161om smrtnosti od raka kod mu\u0161karaca. Druge teorije zaklju\u010duju da ba\u0161 sve kod mu\u0161karaca, od na\u010dina na koji se nose sa stresom, ranijih pojava sr\u010danih bolesti, pa do rje\u0111ih kontrola kod lije\u010dnika, zna\u010di da \u0107e \u017eivjeti kra\u0107e. \u0160to god bio razlog, Svjetska zdravstvena organizacija\u00a0ka\u017ee da \u017eene \u017eive dulje od mu\u0161karaca u svim dijelovima svijeta.<\/p>\n<h3>2. Hormoni<\/h3>\n<p>I mu\u0161karci i \u017eene osje\u0107aju promjene u svom seksualnom \u017eivotu kako stare. Kod \u017eena se radi o menopauzi, koja se doga\u0111a otprilike oko pedesete godine. To je pojava kad \u017eena prestane imati menstruaciju i kad jajnici prestanu proizvoditi hormon estrogen. Uobi\u010dajeni simptomi su smanjen libido, valunzi, suho\u0107a vagine i umor.<\/p><div id=\"mojev-3610081097\" class=\"mojev-u-tekstu mojev-entity-placement\" style=\"margin-left: auto;margin-right: auto;text-align: center;\"><div class=\"mojev-adlabel\">oglas<\/div><div style=\"height: 250px;\"><script async src=\"https:\/\/pagead2.googlesyndication.com\/pagead\/js\/adsbygoogle.js?client=ca-pub-8106111766207173\"\r\n     crossorigin=\"anonymous\"><\/script>\r\n<!-- Prikazni 1 u tekstu -->\r\n<ins class=\"adsbygoogle\"\r\n     style=\"display:block\"\r\n     data-ad-client=\"ca-pub-8106111766207173\"\r\n     data-ad-slot=\"8535551207\"\r\n     data-ad-format=\"auto\"\r\n     data-full-width-responsive=\"true\"><\/ins>\r\n<script>\r\n     (adsbygoogle = window.adsbygoogle || []).push({});\r\n<\/script><\/div><\/div><br style=\"clear: both; display: block; float: none;\"\/>\n<p>Kod mu\u0161karaca starenje ne donosi iznenadne promjene raspolo\u017eenja kao \u0161to je to slu\u010daj kod \u017eena, ve\u0107 je promjena postupnije s obzirom da razina testosterona opada ne\u0161to sporije. To je proces koji se naziva andropauza. Prosje\u010dno, razina testosterona opada za jedan posto svake godine nakon tridesete. Smanjena razina testosterona mo\u017ee dovesti do erektilne disfunkcije, smanjenog libida i promjena u spavanju. Za razliku od menopauze koja ozna\u010dava i kraj plodnog razdoblja, mu\u0161karci i dalje mogu imati potomke i proizvoditi spermije i u kasnijoj \u017eivotnoj dobi.<\/p>\n<h3>3. Deblja ko\u017ea<\/h3>\n<p>Nema sumnje da se kozmeti\u010dka industrija vi\u0161e obra\u0107a \u017eenama nude\u0107i im proizvode &#8220;protiv starenja&#8221;, poput krema i seruma protiv bora i za mladena\u010dki izgled ko\u017ee, jer i dru\u0161tvo vr\u0161i ve\u0107i pritisak na \u017eene da dulje ostanu mlade. No prema Me\u0111unarodnom institutu za ko\u017eu, mu\u0161ka ko\u017ea je doista otpornija na znakove starenja. Testosteron kod mu\u0161karaca omogu\u0107uje njihovoj ko\u017ei da bude \u010dak i do 25 posto deblja od \u017eenske ko\u017ee. Tako\u0111er, kod mu\u0161karaca je ve\u0107a i koncentracija kolagena, ne\u0161to grublja tekstura i prirodno vi\u0161e vlage u ko\u017ei jer se vi\u0161e znoje i imaju vi\u0161e mlije\u010dne kiseline u svojem znoju.<\/p>\n<p>I mu\u0161karci i \u017eene polagano gube kolagen nakon tridesete godine, no nakon menopauze, opadanje kolagena kod \u017eena se ubrzava u sljede\u0107ih pet godina nakon \u010dega se ponovno ustabili. Mu\u0161ka ko\u017ea, s druge strane, stari postupno. No s druge strane, \u017eene \u010de\u0161\u0107e koriste za\u0161titu od sunca te brojne druge proizvode za njegu ko\u017ee.<\/p>\n<h3>4. Tjelesna te\u017eina<\/h3>\n<p>U srednjoj dobi ve\u0107ina se ljudi malo udeblja jer mi\u0161i\u0107na masa po\u010dne opadati, a koli\u010dina masnog tkiva raste. No mu\u0161karci i \u017eene dobivaju na te\u017eini na razli\u010dite na\u010dina. Mu\u0161karci obi\u010dno dobivaju na te\u017eini poslije pedesetog ro\u0111endana i to naj\u010de\u0161\u0107e zbog smanjene razine testosterona, dok \u017eene po\u010dnu s debljanjem koje desetlje\u0107e ranije. I one, kao i mu\u0161karci, prestanu dobivati na te\u017eini nakon \u0161ezdeset i pete.<\/p>\n<h3>5. Gubitak kose<\/h3>\n<p>I \u017eene i mu\u0161karci gube kosu kako stare, \u0161to ovisi o hormonima i genetici, no \u0107elavost ipak zna\u010dajno vi\u0161e poga\u0111a mu\u0161karce. Procjenjuje se da oko polovice mu\u0161karaca izgubi pone\u0161to kose do pedesetog ro\u0111endana. Nasljedna \u0107elavost pojavljuje se oko \u010detrdesete godine. Iako rijetko, \u0107elavost se pojavljuje i kod \u017eena no naj\u010de\u0161\u0107e se radi tek o prorije\u0111ivanje kose a ne o potpunom gubitku.<\/p>\n<p>&nbsp;<\/p>\n<div id=\"mojev-3439489397\" class=\"mojev-kraj-teksta mojev-entity-placement\" style=\"margin-bottom: 20px;margin-left: auto;margin-right: auto;text-align: center;\"><div class=\"mojev-adlabel\">oglas<\/div><div style=\"height: 250px;\"><script async src=\"https:\/\/pagead2.googlesyndication.com\/pagead\/js\/adsbygoogle.js?client=ca-pub-8106111766207173\"\r\n     crossorigin=\"anonymous\"><\/script>\r\n<!-- Display-1 -->\r\n<ins class=\"adsbygoogle\"\r\n     style=\"display:block\"\r\n     data-ad-client=\"ca-pub-8106111766207173\"\r\n     data-ad-slot=\"1465712950\"\r\n     data-ad-format=\"auto\"\r\n     data-full-width-responsive=\"true\"><\/ins>\r\n<script>\r\n     (adsbygoogle = window.adsbygoogle || []).push({});\r\n<\/script><\/div><\/div>","protected":false},"excerpt":{"rendered":"<p>Svi starimo i to je neminovno. No mu\u0161karci i \u017eene stare na druga\u010diji na\u010din. I dok jedni imaju problema s debljinom, druge mu\u010di gubitak kose. Razloge tome treba tra\u017eiti u razlikama izme\u0111u mu\u0161kog i \u017eenskog tijela i u hormonima. <\/p>\n","protected":false},"author":4,"featured_media":5002,"comment_status":"closed","ping_status":"open","sticky":false,"template":"","format":"standard","meta":{"footnotes":""},"categories":[85],"tags":[123,80,122],"class_list":["post-4971","post","type-post","status-publish","format-standard","has-post-thumbnail","hentry","category-aktivno-starenje","tag-muskarci","tag-starenje","tag-zene"],"_links":{"self":[{"href":"https:\/\/www.mojevrijeme.hr\/magazin\/wp-json\/wp\/v2\/posts\/4971","targetHints":{"allow":["GET"]}}],"collection":[{"href":"https:\/\/www.mojevrijeme.hr\/magazin\/wp-json\/wp\/v2\/posts"}],"about":[{"href":"https:\/\/www.mojevrijeme.hr\/magazin\/wp-json\/wp\/v2\/types\/post"}],"author":[{"embeddable":true,"href":"https:\/\/www.mojevrijeme.hr\/magazin\/wp-json\/wp\/v2\/users\/4"}],"replies":[{"embeddable":true,"href":"https:\/\/www.mojevrijeme.hr\/magazin\/wp-json\/wp\/v2\/comments?post=4971"}],"version-history":[{"count":0,"href":"https:\/\/www.mojevrijeme.hr\/magazin\/wp-json\/wp\/v2\/posts\/4971\/revisions"}],"wp:featuredmedia":[{"embeddable":true,"href":"https:\/\/www.mojevrijeme.hr\/magazin\/wp-json\/wp\/v2\/media\/5002"}],"wp:attachment":[{"href":"https:\/\/www.mojevrijeme.hr\/magazin\/wp-json\/wp\/v2\/media?parent=4971"}],"wp:term":[{"taxonomy":"category","embeddable":true,"href":"https:\/\/www.mojevrijeme.hr\/magazin\/wp-json\/wp\/v2\/categories?post=4971"},{"taxonomy":"post_tag","embeddable":true,"href":"https:\/\/www.mojevrijeme.hr\/magazin\/wp-json\/wp\/v2\/tags?post=4971"}],"curies":[{"name":"wp","href":"https:\/\/api.w.org\/{rel}","templated":true}]}}