{"id":49922,"date":"2021-08-04T13:33:54","date_gmt":"2021-08-04T11:33:54","guid":{"rendered":"https:\/\/www.mojevrijeme.hr\/magazin\/?p=49922"},"modified":"2021-08-04T13:35:01","modified_gmt":"2021-08-04T11:35:01","slug":"ljubica-uvodic-vranic-nemamo-vremena-za-besmislene-sitne-razlike-u-fokusu-nam-je-samo-nasa-zajednicka-sudbina","status":"publish","type":"post","link":"https:\/\/www.mojevrijeme.hr\/magazin\/2021\/08\/ljubica-uvodic-vranic-nemamo-vremena-za-besmislene-sitne-razlike-u-fokusu-nam-je-samo-nasa-zajednicka-sudbina\/","title":{"rendered":"Ljubica Uvodi\u0107-Vrani\u0107: Nemamo vremena za besmislene sitne razlike! U fokusu nam je samo na\u0161a zajedni\u010dka sudbina!"},"content":{"rendered":"\n<p>Neumorna Ljubica Uvodi\u0107 ove je godine svojim knjigama, CD-ima i radio-emisijama Avantura promjene dodala jo\u0161 jedan medij \u2013 webinar. Na poziv \u0160kolske knjige odr\u017eala je \u010detiri webinara za nastavnike koji su nai\u0161li na izuzetan odaziv \u2013 nastavnici iz cijele Hrvatske uklju\u010dili su se kako bi \u010duli pouku poznate psihologinje i nau\u010dili vi\u0161e o stresu i sudjelovali u vje\u017ebama opu\u0161tanja. Uvijek dobre volje, nasmijana i duhovita, <\/p>\n\n\n\n<p>Ljubica Uvodi\u0107 Vrani\u0107 primjerom i pojavom demonstrira emocionalno punjenje, \u010duvanje vlastitih granica, njegovanje samopouzdanja i aktivno \u017eivljenje. Ljubica Uvodi\u0107 Vrani\u0107 donosi vedrinu gdje god se pojavi, no itekako je svjesna sveprisutne krize i ekolo\u0161kih problema kojima svjedo\u010dimo. Psiholozi imaju na raspolaganju jo\u0161 mnogo alata kojima mogu pomo\u0107i u aktualnoj krizi, stoga Ljubica Uvodi\u0107-Vrani\u0107 za sljede\u0107u \u0161kolsku godinu planira nove projekte i razradu dosada\u0161njih.<\/p>\n\n\n\n<p>S<strong> <\/strong>Ljubicom Uvodi\u0107-Vrani\u0107 razgovaramo o planovima s njezinim knjigama iz serije Avantura osobne promjene, koje su osvojile publiku, o entuzijazmu publike na webinarima koje je odr\u017eala te o knjigama mladih kolegama i budu\u0107nosti knjige<\/p><div id=\"mojev-3968330632\" class=\"mojev-u-tekstu mojev-entity-placement\" style=\"margin-left: auto;margin-right: auto;text-align: center;\"><div class=\"mojev-adlabel\">oglas<\/div><div style=\"height: 250px;\"><script async src=\"https:\/\/pagead2.googlesyndication.com\/pagead\/js\/adsbygoogle.js?client=ca-pub-8106111766207173\"\r\n     crossorigin=\"anonymous\"><\/script>\r\n<!-- Prikazni 1 u tekstu -->\r\n<ins class=\"adsbygoogle\"\r\n     style=\"display:block\"\r\n     data-ad-client=\"ca-pub-8106111766207173\"\r\n     data-ad-slot=\"8535551207\"\r\n     data-ad-format=\"auto\"\r\n     data-full-width-responsive=\"true\"><\/ins>\r\n<script>\r\n     (adsbygoogle = window.adsbygoogle || []).push({});\r\n<\/script><\/div><\/div><br style=\"clear: both; display: block; float: none;\"\/>\n\n\n\n<p><strong>Va\u0161a knjiga Avantura osobne promjene, objavljena 2008. godine, i danas je tra\u017eena, a na temelju nje nastala je i emisija Avantura promjene na HR2. Otkako je Avantura objavljena, \u0161to se promijenilo za Vas, a \u0161to za publiku?<\/strong><\/p>\n\n\n\n<p>Avanturu osobne promjene, prvu u nizu od tri avanture, zovem od milja Zelena, prevedena je na slovenski i izdana u Ljubljani. Postoji i novosadsko izdanje, a prevedena je i na engleski, ali jo\u0161 nije tiskana. Zelena je u Hrvatskoj do\u017eivjela \u010detiri izdanja, prvo sa cd-om na kojemu je moje kratko izlaganje Njegovanje samopouzdanja osvje\u017eeno s par minuta Boccherinijevog Minueta.<\/p>\n\n\n\n<p><strong>Na webu nakladnika Profil Klett odr\u017eavali ste vrlo uspje\u0161ne webinare za nastavnike. \u010cime ste privukli pa\u017enju nastavnika iz cijele Hrvatske? Ho\u0107ete li webinare odr\u017eavati i sljede\u0107e \u0161kolske godine?<\/strong><\/p>\n\n\n\n<p>Veoma cijenim u\u010diteljsko zanimanje i jedno izdanje moje Zelene avanture posve\u0107eno je ba\u0161 u\u010diteljima. U posveti sam im zahvalila na njihovom samopo\u017ertvovnom trudu i ponosna sam \u0161to je posebno izdanje naj\u010ditanije moje knjige namijenjeno njima koji se bave divnim zanimanjem. Poklanjaju\u0107i svoje emocije, svoje znanje i ljubav slijede\u0107oj generaciji, brinu o onima na kojima &#8220;svit ostaje&#8221;. Poru\u010dila sam im kako sam sigurna sam da \u0107e i oni uz pomo\u0107 moje knjige dobiti dodatnu inspiraciju da njegovanjem samopouzdanja, emocionalnim punjenjem i aktivnim \u017eivotom o\u010duvaju svoje granice kako ne bi dopustili da oni koji su im povjereni te granice pre\u0111u na svoju i na\u0161u \u0161tetu.<\/p>\n\n\n\n<p>Profil Klett me pozvao na suradnju pa smo kroz \u010detiri webinara obradili \u010detiri zanimljive teme. Webinare su pratili u\u010ditelji, ali bilo je i profesora i drugih suradnika u procesu obrazovanja tako je webinare gledalo i slu\u0161alo i po vi\u0161e od 900 ljudi. Govoriti o stresu i nau\u010diti u\u010ditelje da se s tim stresom bore pomo\u0107u jednostavne vje\u017ebe opu\u0161tanja bila je za mene prilika iz snova.<\/p>\n\n\n\n<p>Webinari \u0107e se nastaviti na jesen nadam se i dalje dobroj posje\u0107enosti i naro\u010dito izravnim pitanjima koje u\u010ditelji postavljaju u drugom dijelu webinara ili pi\u0161u u porukama. \u0160to ima ljep\u0161e nego poku\u0161ati odgovoriti na njihova intrigantna pitanja?!<\/p>\n\n\n\n<p><strong>Danas ste jedna od najpopularnijih psihologinja u Hrvatskoj. Koliko se psihologija mo\u017ee popularizirati kroz javne medije? Jesu li psiholozi dovoljno zastupljeni u javnim medijima?<\/strong><\/p>\n\n\n\n<p>U ovo &#8220;podmuklo doba&#8221; kad nam se na\u0161a mala plavozelena kugla&nbsp; trese i obara nas poplavama, vjetrovima, vru\u0107inom i neizvjesnosti, nisu nam ponekad dovoljni samo prijatelji i rodbina, nego se obra\u0107amo i stru\u010dnjacima, koji nam daju svoju podr\u0161ku i poti\u010du nas da zajedno s njima tragamo za odgovorima na pitanja koja nam se postavljaju i dilemama koje \u017eivimo. Pre\u017eivjeti zna\u010di promi\u0161ljati svoj \u017eivot jer &#8220;\u017divot koji nije promi\u0161ljan nije vrijedan \u017eivljenja!&#8221; \u2013D. I. Yalom<\/p>\n\n\n\n<p><strong>\u0160to bi psiholozi kod nas jo\u0161 mogli unaprijediti? Na koji na\u010din psiholozi mladima mogu pobolj\u0161ati kvalitetu \u0161kolovanja i odrastanja, a \u0161to mogu nau\u010diti odrasle?<\/strong><\/p>\n\n\n\n<p>Mislim da psiholozi daju \u0161to imaju: svojim znanjem i profesionalnim dignitetom pru\u017eaju podr\u017eku pokleklima i crpe inspiraciju iz hrabrih, iskrenih i po\u0161tenih ljudi koji znaju da je &#8220;\u010dovjek slobodan samo onda kad su svi slobodni&#8221;, kako je govorio M. L. King. Ispred nas je zajedni\u010dki zadatak sa\u010duvati na\u0161 zajedni\u010dki dom svih ljudi na zemlji. Mo\u017eemo samo tako \u017eivjeti ako skupa radimo na za\u0161titi zdravlja, ljepote i slobode svih ljudi. Zlostavlja\u010di \u0161kode ne samo drugima nego i sebi, zaga\u0111iva\u010di zaga\u0111uju i svoje gnijezdo, mrzitelji smanjuju ljubav i u svome srcu. Zadatak pred nama je velik i mo\u017eemo ga obaviti samo zajedni\u010dkim naporom! Nemamo vremena za besmislene sitne razlike! U fokusu nam je samo na\u0161a zajedni\u010dka sudbina!<\/p>\n\n\n\n<p><strong>Desetak godina nakon prve Avanture, pojavili su se priru\u010dnici i mladih kolega psihologa, kao \u0161to je, primjerice, Sandro Kraljevi\u0107, \u010diji ste priru\u010dnik tako\u0111er podr\u017eali svojom preporukom. Koliko se danas \u010ditaju i koriste psiholo\u0161ki priru\u010dnici? Za\u0161to je va\u017eno da psiholozi pi\u0161u priru\u010dnike i afirmiraju sebe i svoje znanje?<\/strong><\/p>\n\n\n\n<p>Ima urednika \u010dija nam nastojanje na ure\u0111ivanju i &nbsp;izdavanju doma\u0107ih psihologa, objavljivanju kolega psihologa koji poznaju lokalne prilike i specifi\u010dna pitanja koja pronalaze u na\u0161oj kulturi, u na\u0161em jeziku, daju prostora za originalne odgovore na pitanja koja se postavljaju u svakoj ku\u0107i i na svakom poslu. Mislim da \u0107e i mladi kolege iz potrebe i s velikom motivacijom i inspiracijom nastavljati pru\u017eati nove odgovore na stara pitanja na koja svaka generacija ponovo mora odgovoriti.<\/p>\n\n\n\n<p><strong>Planirate li nove Avanture osobne promjene?<\/strong><\/p>\n\n\n\n<p>Da, imam novi plan re\u0107i ne\u0161to u \u010detvrtoj avanturi. Koristim svoje nastupe u medijima da im dadem novo ruho u klasi\u010dnom obra\u0107anju izme\u0111u dviju korica slijede\u0107e knjige. \u017delim im tako dati jo\u0161 jedan \u017eivot. Koliko se god mi vozili automobilom,\u00a0 letjeli avionima, neki ljudi jo\u0161 ja\u0161u konje. Kolikogod surfali internetom i slali poruke, mnogi ljudi jo\u0161 uvijek \u010ditaju knjige pa za njih ima smisla pisati i dalje. <em>(Sandra Pocrni\u0107 Mlakar\/<a rel=\"noreferrer noopener\" href=\"https:\/\/www.samopozitivno.com\/\" target=\"_blank\">Samopozitivno.com<\/a>)<\/em><\/p>\n<div id=\"mojev-3913048539\" class=\"mojev-kraj-teksta mojev-entity-placement\" style=\"margin-bottom: 20px;margin-left: auto;margin-right: auto;text-align: center;\"><div class=\"mojev-adlabel\">oglas<\/div><div style=\"height: 250px;\"><script async src=\"https:\/\/pagead2.googlesyndication.com\/pagead\/js\/adsbygoogle.js?client=ca-pub-8106111766207173\"\r\n     crossorigin=\"anonymous\"><\/script>\r\n<!-- Display-1 -->\r\n<ins class=\"adsbygoogle\"\r\n     style=\"display:block\"\r\n     data-ad-client=\"ca-pub-8106111766207173\"\r\n     data-ad-slot=\"1465712950\"\r\n     data-ad-format=\"auto\"\r\n     data-full-width-responsive=\"true\"><\/ins>\r\n<script>\r\n     (adsbygoogle = window.adsbygoogle || []).push({});\r\n<\/script><\/div><\/div>","protected":false},"excerpt":{"rendered":"<p>&#8216;Koliko se god mi vozili automobilom, letjeli avionima, neki ljudi jo\u0161 ja\u0161u konje. Kolikogod surfali internetom i slali poruke, mnogi ljudi jo\u0161 uvijek \u010ditaju knjige pa za njih ima smisla pisati i dalje.&#8217;<\/p>\n","protected":false},"author":1,"featured_media":49924,"comment_status":"closed","ping_status":"closed","sticky":false,"template":"","format":"standard","meta":{"footnotes":""},"categories":[2],"tags":[2804,676,345],"class_list":["post-49922","post","type-post","status-publish","format-standard","has-post-thumbnail","hentry","category-mozaik","tag-ljubica-uvodic-vranic","tag-motivacija","tag-psihologija"],"_links":{"self":[{"href":"https:\/\/www.mojevrijeme.hr\/magazin\/wp-json\/wp\/v2\/posts\/49922","targetHints":{"allow":["GET"]}}],"collection":[{"href":"https:\/\/www.mojevrijeme.hr\/magazin\/wp-json\/wp\/v2\/posts"}],"about":[{"href":"https:\/\/www.mojevrijeme.hr\/magazin\/wp-json\/wp\/v2\/types\/post"}],"author":[{"embeddable":true,"href":"https:\/\/www.mojevrijeme.hr\/magazin\/wp-json\/wp\/v2\/users\/1"}],"replies":[{"embeddable":true,"href":"https:\/\/www.mojevrijeme.hr\/magazin\/wp-json\/wp\/v2\/comments?post=49922"}],"version-history":[{"count":0,"href":"https:\/\/www.mojevrijeme.hr\/magazin\/wp-json\/wp\/v2\/posts\/49922\/revisions"}],"wp:featuredmedia":[{"embeddable":true,"href":"https:\/\/www.mojevrijeme.hr\/magazin\/wp-json\/wp\/v2\/media\/49924"}],"wp:attachment":[{"href":"https:\/\/www.mojevrijeme.hr\/magazin\/wp-json\/wp\/v2\/media?parent=49922"}],"wp:term":[{"taxonomy":"category","embeddable":true,"href":"https:\/\/www.mojevrijeme.hr\/magazin\/wp-json\/wp\/v2\/categories?post=49922"},{"taxonomy":"post_tag","embeddable":true,"href":"https:\/\/www.mojevrijeme.hr\/magazin\/wp-json\/wp\/v2\/tags?post=49922"}],"curies":[{"name":"wp","href":"https:\/\/api.w.org\/{rel}","templated":true}]}}