{"id":50074,"date":"2021-08-09T10:27:32","date_gmt":"2021-08-09T08:27:32","guid":{"rendered":"https:\/\/www.mojevrijeme.hr\/magazin\/?p=50074"},"modified":"2021-08-09T10:30:17","modified_gmt":"2021-08-09T08:30:17","slug":"nedeljko-dragic-nije-lako-biti-umirovljenik-u-hrvatskoj-dobro-da-imam-i-njemacku-mirovinu","status":"publish","type":"post","link":"https:\/\/www.mojevrijeme.hr\/magazin\/2021\/08\/nedeljko-dragic-nije-lako-biti-umirovljenik-u-hrvatskoj-dobro-da-imam-i-njemacku-mirovinu\/","title":{"rendered":"Nedeljko Dragi\u0107: &#8216;Nije lako biti umirovljenik u Hrvatskoj. Sre\u0107om, imam i njema\u010dku mirovinu&#8217;"},"content":{"rendered":"\n<p>Asocijacije na spomen imena <strong>Nedeljka Dragi\u0107a<\/strong>, svjetski poznatog karikaturista, dizajnera i filmskog autora, doista su brojne. Mnogima je i dan danas najsna\u017enija ona koja u sje\u0107anje priziva vjevericu Zagija \u2013 maskotu zagreba\u010dke Univerzijade. <\/p>\n\n\n\n<p>No, tu su i crta\u010dke interpretacije Vu\u010dka \u2013 maskote Zimskih olimpijskih igara u Sarajevu, zatim naslovnice izdanja Biblioteke Vjeverica (od kojih sam najvi\u0161e voljela onu za Ku\u0161anov roman &#8220;La\u017ee\u0161, Melita&#8221;), Tin i Tina, Bebipapa\u2026 Niz se nastavlja filmskim ostvarenjima, ali i nebrojenim dizajnerskim radovima \u2013plakatima za kazali\u0161ne predstave te za brojna druga kulturna doga\u0111anja. Detaljniji uvid u njegov bogati opus donijela je izlo\u017eba Nedeljko Dragi\u0107: Dizajn i ilustracija 1969.- 1991. koja je ovog prolje\u0107a odr\u017eana u zagreba\u010dkoj HDD galeriji.<\/p>\n\n\n\n<p>Nedeljko Dragi\u0107 u 86. je godini \u017eivota i, kako sam ka\u017ee, boluje od vi\u0161e razli\u010ditih bolesti. Zbog slo\u017eene zdravstvene situacije, jo\u0161 uvijek nije u mogu\u0107nosti primiti cjepivo protiv koronavirusa pa gotovo i ne izlazi iz ku\u0107e. Izbjegava sve kontakte koji mu nisu nu\u017eni, stalno nosi masku i zapravo, \u017eivi u nekoj vrsti dobrovoljne izolacije. Upravo zato, ovaj smo razgovor vodili telefonom. No, i bez kontakta &#8220;o\u010di u o\u010di&#8221; do\u017eivjela sam njegovu elokventnost u punom sjaju. Izri\u010daj mu je barokno rasko\u0161an i \u017eiv,&nbsp;prepun figura, poredbi i anegdota koje svjedo\u010de o bogatom privatnom i profesionalnom \u017eivotu ovoga umjetnika.<\/p><div id=\"mojev-686152647\" class=\"mojev-u-tekstu mojev-entity-placement\" style=\"margin-left: auto;margin-right: auto;text-align: center;\"><div class=\"mojev-adlabel\">oglas<\/div><div style=\"height: 250px;\"><script async src=\"https:\/\/pagead2.googlesyndication.com\/pagead\/js\/adsbygoogle.js?client=ca-pub-8106111766207173\"\r\n     crossorigin=\"anonymous\"><\/script>\r\n<!-- Prikazni 1 u tekstu -->\r\n<ins class=\"adsbygoogle\"\r\n     style=\"display:block\"\r\n     data-ad-client=\"ca-pub-8106111766207173\"\r\n     data-ad-slot=\"8535551207\"\r\n     data-ad-format=\"auto\"\r\n     data-full-width-responsive=\"true\"><\/ins>\r\n<script>\r\n     (adsbygoogle = window.adsbygoogle || []).push({});\r\n<\/script><\/div><\/div><br style=\"clear: both; display: block; float: none;\"\/>\n\n\n\n<p>&#8220;Kada razmi\u0161ljam o sebi, rekao bih da mi je karikatura najdra\u017ei medij. Volim izra\u017eavanje kroz satiru i cinizam i to mi je najbli\u017ee. Dobro, ponekad u \u017eivotu &#8216;lajem&#8217; i kad ne treba i to mi je znalo praviti probleme, ali zapravo sam tolerantan i ne tvrdim da sam uvijek u pravu. Ali, primje\u0107ujem stvari pa na njih volim i ukazati&#8221;, tuma\u010di mi Dragi\u0107 svoj afinitet prema karikaturi.<\/p>\n\n\n\n<h3 class=\"wp-block-heading\">Uh, ta matematika!<\/h3>\n\n\n\n<p>Za sebe \u0107e re\u0107i i da je antitalent za strane jezike te da je izuzetno lo\u0161 matemati\u010dar. No, to ga nije sprije\u010dilo da bude uspje\u0161an u poslu kojim se bavi. Naprotiv, \u010dak je i ilustrirao knjigu znakovitog naslova &#8220;Uh, ta matematika!&#8221;<\/p>\n\n\n\n<p>&#8220;Kad sam dobio taj anga\u017eman, u skicama koje sam preuzeo,&nbsp;ostali su neki prethodni poku\u0161aji drugih autora. Pa mi je palo na pamet da knjigu probam ilustrirati iz svoje perspektive lo\u0161eg matemati\u010dara. Odlu\u010dio sam matematiku demistificirati i pomo\u0107i ljudima da se za nju zainteresiraju i da je zavole. Mislim da mi je to uspjelo&#8221;, ka\u017ee.<\/p>\n\n\n\n<p>Iako poziva za gostovanje u medijima u posljednje vrijeme nije nedostajalo, Nedeljko Dragi\u0107 rijetko je koji prihvatio. Osim zdravstvenog opreza, sve mu je to, ka\u017ee, ve\u0107 pomalo dosadilo.<\/p>\n\n\n\n<figure class=\"wp-block-image size-large\"><img loading=\"lazy\" decoding=\"async\" width=\"740\" height=\"444\" src=\"https:\/\/www.mojevrijeme.hr\/magazin\/wp-content\/uploads\/2021\/08\/nedeljko-dragic-danas-740x444.jpg\" alt=\"\" class=\"wp-image-50082\" srcset=\"https:\/\/www.mojevrijeme.hr\/magazin\/wp-content\/uploads\/2021\/08\/nedeljko-dragic-danas-740x444.jpg 740w, https:\/\/www.mojevrijeme.hr\/magazin\/wp-content\/uploads\/2021\/08\/nedeljko-dragic-danas-636x382.jpg 636w, https:\/\/www.mojevrijeme.hr\/magazin\/wp-content\/uploads\/2021\/08\/nedeljko-dragic-danas-768x461.jpg 768w, https:\/\/www.mojevrijeme.hr\/magazin\/wp-content\/uploads\/2021\/08\/nedeljko-dragic-danas-1536x922.jpg 1536w, https:\/\/www.mojevrijeme.hr\/magazin\/wp-content\/uploads\/2021\/08\/nedeljko-dragic-danas-1500x900.jpg 1500w, https:\/\/www.mojevrijeme.hr\/magazin\/wp-content\/uploads\/2021\/08\/nedeljko-dragic-danas-1600x960.jpg 1600w, https:\/\/www.mojevrijeme.hr\/magazin\/wp-content\/uploads\/2021\/08\/nedeljko-dragic-danas-590x354.jpg 590w, https:\/\/www.mojevrijeme.hr\/magazin\/wp-content\/uploads\/2021\/08\/nedeljko-dragic-danas-400x240.jpg 400w, https:\/\/www.mojevrijeme.hr\/magazin\/wp-content\/uploads\/2021\/08\/nedeljko-dragic-danas-1000x600.jpg 1000w, https:\/\/www.mojevrijeme.hr\/magazin\/wp-content\/uploads\/2021\/08\/nedeljko-dragic-danas-820x492.jpg 820w, https:\/\/www.mojevrijeme.hr\/magazin\/wp-content\/uploads\/2021\/08\/nedeljko-dragic-danas-1080x648.jpg 1080w, https:\/\/www.mojevrijeme.hr\/magazin\/wp-content\/uploads\/2021\/08\/nedeljko-dragic-danas.jpg 2000w\" sizes=\"auto, (max-width: 740px) 100vw, 740px\" \/><figcaption>Nedeljko Dragi\u0107 (foto: privatna arhiva)<\/figcaption><\/figure>\n\n\n\n<p>&#8220;Naravno, drago mi je kada me se ljudi sjete, volim i kada me pamte po mojim radovima, ali smatram da mediji imaju tendenciju preuveli\u010davati uspjehe i postignu\u0107a. To sam jako dobro shvatio jo\u0161 1975. godine, kada sam bio u Parizu \u2013 u Francuskoj smo kinoteci imali retrospektivu Zagreb filma. Oti\u0161ao sam u Louvre kako bih vidio slavnu Mona Lisu. I svaki put kada sam do\u0161ao do nje, bilo je toliko ljudi da joj se nisam mogao ni pribli\u017eiti. Nikako je nisam uspio vidjeti pa sam pomislio \u2013 za\u0161to se od te slike radi tolika senzacija? Pa i to je napravio \u010dovjek! Smatram da ni\u0161ta na svijetu \u010dovjeku nije nedosti\u017eno&#8221;, re\u0107i \u0107e Nedeljko Dragi\u0107<\/p>\n\n\n\n<h3 class=\"wp-block-heading\">Sljemenska vjeverica za Univerzijadu<\/h3>\n\n\n\n<p>Zagi je, otkriva mi, zapravo nastao slu\u010dajno. Nakon \u0161to je natje\u010daj za maskotu Univerzijade propao, Jo\u017ea Vrhovac, predsjednik Organizacijskog odbora Univerzijade, pozvao ga je, prisje\u0107a se, da usko\u010di.<\/p>\n\n\n\n<p>&#8220;Uvijek sam bio ambiciozan, \u010dak i onda kada bih zavr\u0161avao posao koji je netko drugi zapo\u010deo. Tako je bilo i sa Zagijem. On je ve\u0107 bio osmi\u0161ljen lik \u2013 znao sam da je rije\u010d o sljemenskoj vjeverici, a slavni trener Mirko Novosel dao mu je i ime. Prihvatio sam taj posao \u2013 ve\u0107 sam imao iskustvo sa Zimskih olimpijskih igara u Sarajevu, gdje sam s tamo\u0161njom maskotom, Vu\u010dkom, radio animirane filmove. Uzgred, Vu\u010dka nisam radio kao nekog super junaka, ve\u0107 kao jednog od nas \u2013 nekoga s kim se prosje\u010dni gledatelj mogao poistovjetiti. On je bio simpati\u010dan, ali i pomalo nespretan. Sli\u010dne osobine imao je i Zagi i svima se svidio&#8221;, ponosno isti\u010de Dragi\u0107.<\/p>\n\n\n\n<p>Dodaje kako je njegov princip rada bio takav da nije nikada nikome u poslu ni\u0161ta po\u017eelio podvaliti, nikada nije kopirao tu\u0111e sheme.<\/p>\n\n\n\n<p>&#8220;Meni je bezobrazno to \u0161tancanje \u2013 kao \u0161to se rade nove verzije starih uspje\u0161nih filmova. Zanima me samo napredak, inovacija. Treba stalno gledati naprijed. \u010covjek pred sobom ima samo budu\u0107nost. Pro\u0161lost je temelj na kojoj se ona gradi. Jednom su me u Hollywoodu pitali kako nastaje junak. Nisam to\u010dno znao \u0161to bih odgovorio pa sam rekao \u2013 velikom upotrebom. Ako vi nekoga po\u010dnete svaki dan pokazivati, pa makar u uglu televizora, ljudi \u0107e se pitati tko je to pa \u0107e ga s vremenom i zavoljeti&#8221;, dijagnosticira na\u0161 sugovornik.<\/p>\n\n\n\n<h3 class=\"wp-block-heading\">Rije\u010di umjesto slike<\/h3>\n\n\n\n<p>Danas, u mirovini, rijetko crta, ali ipak ne miruje: &#8220;\u201ePi\u0161em aforizme \u2013 to je kra\u0107a forma u kojoj se uspje\u0161no rugam samom sebi. Jer dok ja ne\u0161to nacrtam, pro\u0111e puno vremena, a i kroz crte\u017e i kroz aforizam mo\u017eete izre\u0107i jednu misao. Samo \u0161to je ovo drugo puno br\u017ee i kra\u0107e&#8221;.<\/p>\n\n\n\n<p>No nije siguran ho\u0107e li njegovi aforizmi ugledati svjetlo dana. &#8220;Ma, mislim da to nije za objavljivanje, iskreno. To je moje zajebavanje sa samim sobom i stvarno\u0161\u0107u koja me okru\u017euje. A budu\u0107i da znam biti suvi\u0161e kriti\u010dan, mo\u017eda bih mogao i nekoga povrijediti. Nemam ni\u0161ta protiv drugih ljudi, ali imam protiv gluposti. Mislim da trenutno svi \u017eivimo neku iluziju \u017eivota. Sve na prvi pogled izgleda fantasti\u010dno, ali to je debela iluzija. Kada do\u0111ete u neke godine, treba dvostruko ja\u010de paziti da nekoga ne povrijedite. Lak\u0161e je kritizirati nego raditi, lak\u0161e je sru\u0161iti ku\u0107u nego je sagraditi&#8221;, slikovit je Dragi\u0107.&#8221;Ja se izra\u017eavam linijom. Crte\u017e je imitacija slike, a ja sam liniju pretvorio u slovo.&#8221;<\/p>\n\n\n\n<h3 class=\"wp-block-heading\">Njema\u010dki egzil<\/h3>\n\n\n\n<p>Ovo se posebno odnosi na njegovu posljednju knjigu &#8220;Stille Reise \u2013 Minhenski dnevnik \/ Tiho putovanje &#8211; M\u00fcnchener Tagebuch&#8221;. U njoj je, ka\u017ee, \u017eelio ispri\u010dati pri\u010du o svom \u017eivotu kroz crte\u017ee. Sve su to stvarne situacije iz njegova \u017eivota \u2013 u\u010dinile su mu se bizarnima pa ih je bilje\u017eio. Knjiga donosi dvjesto umjetni\u010dkih zapisa, a nastajala je tijekom 20 godina, koliko ih je Dragi\u0107 proveo u Njema\u010dkoj.<\/p>\n\n\n\n<p>&#8220;U Njema\u010dku sam oti\u0161ao u kolovozu 1991. godine,&nbsp;kako bih pobjegao od rata. Znate, ja sam pre\u017eivio Drugi svjetski rat i znao sam da \u0107e ovdje biti krvi do koljena. Znao sam i da ljudi u ratu ne mogu ostati normalni i jednostavno nisam htio kroz sve to jo\u0161 jednom prolaziti. Kad do\u0111e rat, sve se izokrene, nema normalnosti, doga\u0111aju se stvari koje ne mo\u017eete kontrolirati. Odlu\u010dio sam se za Njema\u010dku jer sam tamo ve\u0107 imao dobre kontakte i suradnju. I to mi je bila jako dobra odluka \u2013 ostvario sam mnoge svoje snove. Radio sam uglavnom po narud\u017ebi \u2013 reklamne filmove, tu i tamo koji plakat, prospekte. Imao sam puno vremena, a dobro sam zara\u0111ivao za jedan kvalitetan, ugodan \u017eivot&#8221;, prisje\u0107a se pomalo nostalgi\u010dno Nedeljko Dragi\u0107.<\/p>\n\n\n\n<h3 class=\"wp-block-heading\">Do crtanja preko knjiga<\/h3>\n\n\n\n<p>Kao \u0161to to obi\u010dno biva, za crtanje se zainteresirao posve slu\u010dajno. &#8220;Kao dijete, bio sam siroma\u0161an, ali sam imao jednog starijeg i znatno imu\u0107nijeg kolegu kod kojega sam otkrio svu veli\u010dinu i va\u017enost knjiga. Naro\u010dito su me fascinirale one ilustrirane. U njegovoj biblioteci bilo je i knjiga iz 19. stolje\u0107a. 1943. krenuo sam u pu\u010dku \u0161kolu &#8211; to je bilo vrijeme NDH i u\u010ditelji i profesori \u010desto su sami crtali zemljopisne karte. Negdje u tre\u0107em ili \u010detvrtom razredu, i sam sam crtao na plo\u010di, pomagao sam u\u010ditelju \u2013 crtao sam kartu Moslavine. A onda sam na zid koji je \u0161kolu odvajao od gostionice, nacrtao Disneyeve likove. Volio sam \u0161kolu i znanje, volio sam \u010ditati.&#8221;<\/p>\n\n\n\n<figure class=\"wp-block-image size-large\"><img loading=\"lazy\" decoding=\"async\" width=\"740\" height=\"444\" src=\"https:\/\/www.mojevrijeme.hr\/magazin\/wp-content\/uploads\/2021\/08\/dragic-babaja-740x444.jpg\" alt=\"\" class=\"wp-image-50083\" srcset=\"https:\/\/www.mojevrijeme.hr\/magazin\/wp-content\/uploads\/2021\/08\/dragic-babaja-740x444.jpg 740w, https:\/\/www.mojevrijeme.hr\/magazin\/wp-content\/uploads\/2021\/08\/dragic-babaja-636x382.jpg 636w, https:\/\/www.mojevrijeme.hr\/magazin\/wp-content\/uploads\/2021\/08\/dragic-babaja-768x461.jpg 768w, https:\/\/www.mojevrijeme.hr\/magazin\/wp-content\/uploads\/2021\/08\/dragic-babaja-1536x922.jpg 1536w, https:\/\/www.mojevrijeme.hr\/magazin\/wp-content\/uploads\/2021\/08\/dragic-babaja-1500x900.jpg 1500w, https:\/\/www.mojevrijeme.hr\/magazin\/wp-content\/uploads\/2021\/08\/dragic-babaja-1600x960.jpg 1600w, https:\/\/www.mojevrijeme.hr\/magazin\/wp-content\/uploads\/2021\/08\/dragic-babaja-590x354.jpg 590w, https:\/\/www.mojevrijeme.hr\/magazin\/wp-content\/uploads\/2021\/08\/dragic-babaja-400x240.jpg 400w, https:\/\/www.mojevrijeme.hr\/magazin\/wp-content\/uploads\/2021\/08\/dragic-babaja-1000x600.jpg 1000w, https:\/\/www.mojevrijeme.hr\/magazin\/wp-content\/uploads\/2021\/08\/dragic-babaja-820x492.jpg 820w, https:\/\/www.mojevrijeme.hr\/magazin\/wp-content\/uploads\/2021\/08\/dragic-babaja-1080x648.jpg 1080w, https:\/\/www.mojevrijeme.hr\/magazin\/wp-content\/uploads\/2021\/08\/dragic-babaja.jpg 2000w\" sizes=\"auto, (max-width: 740px) 100vw, 740px\" \/><figcaption>Nedeljko Dragi\u0107 i Ante Babaja (foto: privatna arhiva)<\/figcaption><\/figure>\n\n\n\n<p>&#8220;Kad sam krenuo u gimnaziju, jo\u0161 uvijek nije bilo toliko ud\u017ebenika kao danas pa sam ja crtao sve ono \u0161to su nam profesori obja\u0161njavali. Crtao sam kontinente, dr\u017eave, gradivo iz fizike, kemije. \u010cak sam reljefe radio. Pa mi je o\u010duh nabavljao gips i ivericu na kojima sam ih pravio. Direktor gimnazije u Slavonskom Brodu dao mi je onda\u0161njih hiljadu dinara da si kupim materijal za crtanje. Dakle, mogu re\u0107i da sam crtanje zavolio \u2013 preko knjiga, preko znati\u017eelje.&#8221;<\/p>\n\n\n\n<h3 class=\"wp-block-heading\"><strong>Zagreba\u010dki \u017eivot<\/strong><\/h3>\n\n\n\n<p>Kada je do\u0161ao u Zagreb, i sam je nabavljao stare knjige. Bilo je tu i gravura, bakropisa. U njegovoj obitelji, ka\u017ee, nitko nije bio fakultetski obrazovan, nitko nije crtao. U svijet karikature u\u0161ao je, otkriva mi,&nbsp;i preko stripova: &#8220;Patuljak Nosko, Bim i Bum, Pajo Patak \u2013 sve me to odu\u0161evljavalo&#8221;.<\/p>\n\n\n\n<p>Poslije je svoje radove po\u010deo slati u Sarajevo: &#8220;Tamo su mi objavljivali radove &#8211; u \u010ci\u010dku, humoristi\u010dnom listu. Znao sam jako dobro zaraditi, \u010dak i bolje od mog o\u010duha. Jednom su mi 11 karikatura objavili u jednom broju!&#8221;<\/p>\n\n\n\n<p>Nedeljko Dragi\u0107 smatra kako danas u Hrvatskoj ima odli\u010dnih dizajnera i crta\u010da, ali re\u0107i \u0107e kako je karikatura u krizi.<\/p>\n\n\n\n<p>&#8220;Nije lako biti karikaturist. Ali ja tu nisam posve mjerodavan jer sam i subjektivan. Svakako \u0107u re\u0107i da nije dovoljno biti dobar tehni\u010dar, morate biti jaka li\u010dnost, imati stav. Onda to ima uspjeha. Danas je Internet u prvom planu i \u010dovjek mora stalno u\u010diti dok se bavi ovim poslom.&#8221;<\/p>\n\n\n\n<p>Za sebe \u0107e re\u0107i i da je optimist. \u201eMislim da sam u svom gledanju na stvari zapravo realan. Ali, ja sam i \u010dovjek kontrasta. Na prvi \u0107e pogled, mnogi koji dobro znaju moj rad, re\u0107i da sam pesimist. Ali oni koji me znaju jo\u0161 bolje, znaju da tu postoji i dobar dio optimizma. Osim toga, ja sam skeptik. Takav sam i prema svome radu, jo\u0161 uvijek. A to je dobro jer me tjera da budem jo\u0161 bolji.&#8221;<\/p>\n\n\n\n<h3 class=\"wp-block-heading\">Umirovljeni\u010dki dani svjesnog zaborava<\/h3>\n\n\n\n<p>&#8220;Imam pet razli\u010ditih bolesti&#8221;, pomalo rezignirano govori mi Dragi\u0107. Dodaje kako je u Hrvatskoj to prili\u010dno te\u0161ko zbog lije\u010dni\u010dkih pregleda i stalnih kontrola.<\/p>\n\n\n\n<p>&#8220;Znate, ja imam i hrvatsku i njema\u010dku mirovinu, a imam i njema\u010dko zdravstveno osiguranje. Sre\u0107om, uspio sam i u\u0161tedjeti ne\u0161to novaca. Dobro da je tako jer po na\u0161em bih zdravstvu mogao komotno umrijeti. Zamislite, u velja\u010di sam trebao na jednu operaciju pa su me slali u Rijeku jer u Zagrebu nije bilo termina. Na kraju sam je obavio u Njema\u010dkoj&#8221;, ka\u017ee Dragi\u0107.<\/p>\n\n\n\n<p>Otkriva kako ve\u0107 ima materijala dovoljno za sedam knjiga aforizama. &#8220;Pisanje mi slu\u017ei da se ispucam, a i da koristim mozak. Jedna od mojih osobina je da lako bri\u0161em pro\u0161lost, jer mi nije bila lijepa. U&nbsp;Njema\u010dkoj sam, kad su me po\u010dele na\u010dinjati bolesti, shvatio da je najbolje zaboravljati. To nam jedino preostaje \u2013 da \u0161to br\u017ee zaboravljamo sve \u0161to nas ti\u0161ti. Znate, kada mi je u \u017eivotu bilo te\u0161ko, prije odlaska na spavanje \u2013 mislio sam samo na lijepe stvari. Pa i na sve \u017eene koje sam sretao u \u017eivotu. To bi mi uvijek pomoglo.&#8221;<\/p>\n\n\n\n<div id=\"blokovi\"><img decoding=\"async\" src=\"https:\/\/www.mojevrijeme.hr\/magazin\/wp-content\/uploads\/2020\/09\/esf-lenta.jpg\">\nOvaj prilog objavljen je u sklopu projekta \u201cNovo vrijeme\u201d. Projekt je sufinancirala\nEuropska unija sredstvima Europskog socijalnog fonda. Sadr\u017eaj priloga isklju\u010diva\nje odgovornost Udruge Ho\u0107u stranicu.<\/div>\n<div id=\"mojev-1449365604\" class=\"mojev-kraj-teksta mojev-entity-placement\" style=\"margin-bottom: 20px;margin-left: auto;margin-right: auto;text-align: center;\"><div class=\"mojev-adlabel\">oglas<\/div><div style=\"height: 250px;\"><script async src=\"https:\/\/pagead2.googlesyndication.com\/pagead\/js\/adsbygoogle.js?client=ca-pub-8106111766207173\"\r\n     crossorigin=\"anonymous\"><\/script>\r\n<!-- Display-1 -->\r\n<ins class=\"adsbygoogle\"\r\n     style=\"display:block\"\r\n     data-ad-client=\"ca-pub-8106111766207173\"\r\n     data-ad-slot=\"1465712950\"\r\n     data-ad-format=\"auto\"\r\n     data-full-width-responsive=\"true\"><\/ins>\r\n<script>\r\n     (adsbygoogle = window.adsbygoogle || []).push({});\r\n<\/script><\/div><\/div>","protected":false},"excerpt":{"rendered":"<p>S tvorcem Zagija i jednim od najva\u017enijih predstavnika Zagreba\u010dke \u0161kole animiranog filma razgovarali smo o njegovoj bogatoj karijeri i uspjesima, \u017eivotu u Njema\u010dkoj i zagreba\u010dkim umirovljeni\u010dkim danima, a rado smo poslu\u0161ali i poneka njegova zrnca mudrosti koje u obliku aforizama pi\u0161e ve\u0107 neko vrijeme.<\/p>\n","protected":false},"author":1,"featured_media":50084,"comment_status":"closed","ping_status":"closed","sticky":false,"template":"","format":"standard","meta":{"footnotes":""},"categories":[85],"tags":[2787,957,2811,2339],"class_list":["post-50074","post","type-post","status-publish","format-standard","has-post-thumbnail","hentry","category-aktivno-starenje","tag-karikature","tag-mirovina","tag-nedeljko-dragic","tag-novo-vrijeme"],"_links":{"self":[{"href":"https:\/\/www.mojevrijeme.hr\/magazin\/wp-json\/wp\/v2\/posts\/50074","targetHints":{"allow":["GET"]}}],"collection":[{"href":"https:\/\/www.mojevrijeme.hr\/magazin\/wp-json\/wp\/v2\/posts"}],"about":[{"href":"https:\/\/www.mojevrijeme.hr\/magazin\/wp-json\/wp\/v2\/types\/post"}],"author":[{"embeddable":true,"href":"https:\/\/www.mojevrijeme.hr\/magazin\/wp-json\/wp\/v2\/users\/1"}],"replies":[{"embeddable":true,"href":"https:\/\/www.mojevrijeme.hr\/magazin\/wp-json\/wp\/v2\/comments?post=50074"}],"version-history":[{"count":0,"href":"https:\/\/www.mojevrijeme.hr\/magazin\/wp-json\/wp\/v2\/posts\/50074\/revisions"}],"wp:featuredmedia":[{"embeddable":true,"href":"https:\/\/www.mojevrijeme.hr\/magazin\/wp-json\/wp\/v2\/media\/50084"}],"wp:attachment":[{"href":"https:\/\/www.mojevrijeme.hr\/magazin\/wp-json\/wp\/v2\/media?parent=50074"}],"wp:term":[{"taxonomy":"category","embeddable":true,"href":"https:\/\/www.mojevrijeme.hr\/magazin\/wp-json\/wp\/v2\/categories?post=50074"},{"taxonomy":"post_tag","embeddable":true,"href":"https:\/\/www.mojevrijeme.hr\/magazin\/wp-json\/wp\/v2\/tags?post=50074"}],"curies":[{"name":"wp","href":"https:\/\/api.w.org\/{rel}","templated":true}]}}