{"id":50278,"date":"2021-08-18T18:18:01","date_gmt":"2021-08-18T16:18:01","guid":{"rendered":"https:\/\/www.mojevrijeme.hr\/magazin\/?p=50278"},"modified":"2021-08-18T18:18:01","modified_gmt":"2021-08-18T16:18:01","slug":"toncica-celjuska-na-hormonskoj-terapiji-sam-menopauza-moze-biti-lijepa-i-ugodna","status":"publish","type":"post","link":"https:\/\/www.mojevrijeme.hr\/magazin\/2021\/08\/toncica-celjuska-na-hormonskoj-terapiji-sam-menopauza-moze-biti-lijepa-i-ugodna\/","title":{"rendered":"Ton\u010dica \u010celjuska: Na hormonskoj terapiji sam, menopauza mo\u017ee biti lijepa i ugodna"},"content":{"rendered":"\n<p>Televizijska voditeljica i urednica <strong>Ton\u010dica \u010celjuska<\/strong> (54) za <a href=\"https:\/\/www.gloria.hr\/gl\/fokus\/price\/toncica-celjuska-iskreno-progovorila-o-menopauzi-pijem-hormonsku-terapiju-i-otkrivam-nove-stvari-15081831\" target=\"_blank\" rel=\"noreferrer noopener\">Gloriju<\/a> je progovorila o menopauzi. Ka\u017ee, kad je osjetila prve simptome, posavjetovala se s ginekologinjom.<\/p>\n\n\n\n<p>&#8220;Ona je preporu\u010dila hormonsku terapiju, ja sam je vrlo rado prigrlila i fenomenalno se uz nju osje\u0107am. Godinama koristim nadomjesne hormone, nemam nikakvih negativnih nuspojava. Niti sam se debljala, niti sam se lo\u0161e osje\u0107ala. Ni\u0161ta posebno. Naprosto mi je to olak\u0161alo i \u017eivim najnormalnije. U me\u0111uvremenu radim na sebi, po\u010dela sam se baviti sportom \u0161to je jako bitno za \u017eene u menopauzi&#8221;, ka\u017ee popularna voditeljica javne televizije. <\/p>\n\n\n\n<p>&#8220;Sa 25, 30 godina jo\u0161 se mo\u017ee\u0161 provu\u0107i na svje\u017einu i energiju koju ima\u0161 u sebi. Kasnije je to sve malo te\u017ee, ali ako u svoj \u017eivot inkorporira\u0161 i sport i rad na sebi, pove\u0107anje svoje svjesnosti o \u017eivotu i o svemu \u0161to se oko tebe doga\u0111a, o samoj sebi &#8211; mislim da menopauza mo\u017ee biti vrlo lijepo i ugodno razdoblje u \u017eivotu \u017eene. Sve je na nama. \u017dene se mogu s time nositi, to nije tabu tema, niti i\u0161ta stra\u0161no ve\u0107 lijepo razdoblje koje nosi odre\u0111ene godine&#8221;, objasnila je Ton\u010dica. <\/p><div id=\"mojev-2482840213\" class=\"mojev-u-tekstu mojev-entity-placement\" style=\"margin-left: auto;margin-right: auto;text-align: center;\"><div class=\"mojev-adlabel\">oglas<\/div><div style=\"height: 250px;\"><script async src=\"https:\/\/pagead2.googlesyndication.com\/pagead\/js\/adsbygoogle.js?client=ca-pub-8106111766207173\"\r\n     crossorigin=\"anonymous\"><\/script>\r\n<!-- Prikazni 1 u tekstu -->\r\n<ins class=\"adsbygoogle\"\r\n     style=\"display:block\"\r\n     data-ad-client=\"ca-pub-8106111766207173\"\r\n     data-ad-slot=\"8535551207\"\r\n     data-ad-format=\"auto\"\r\n     data-full-width-responsive=\"true\"><\/ins>\r\n<script>\r\n     (adsbygoogle = window.adsbygoogle || []).push({});\r\n<\/script><\/div><\/div><br style=\"clear: both; display: block; float: none;\"\/>\n\n\n\n<p>Njezine k\u0107eri jo\u0161 su dvadesetima, a Gloriju je zanimalo razgovara li se o menopauzi otvoreno i u njihovom \u017eenskom krugu.<\/p>\n\n\n\n<p>&#8220;To su teme koje su njima daleke, ali naravno da \u0107e kroz \u017eivot do\u0107i i s takvim pitanjima. Imale su mene kao mamu koja se nije \u017ealila na valunge, niti je odbijala poslove zato \u0161to je ona u odre\u0111enim godinama, u menopauzi. Dapa\u010de, ja sam zainteresirana za sve oko sebe. Volim nove stvari, sportove&#8230; Moj \u017eivot na neki na\u010din bi im mogao biti primjer da nema tabu tema&#8221;, zaklju\u010dila je.<\/p>\n<div id=\"mojev-2599792810\" class=\"mojev-kraj-teksta mojev-entity-placement\" style=\"margin-bottom: 20px;margin-left: auto;margin-right: auto;text-align: center;\"><div class=\"mojev-adlabel\">oglas<\/div><div style=\"height: 250px;\"><script async src=\"https:\/\/pagead2.googlesyndication.com\/pagead\/js\/adsbygoogle.js?client=ca-pub-8106111766207173\"\r\n     crossorigin=\"anonymous\"><\/script>\r\n<!-- Display-1 -->\r\n<ins class=\"adsbygoogle\"\r\n     style=\"display:block\"\r\n     data-ad-client=\"ca-pub-8106111766207173\"\r\n     data-ad-slot=\"1465712950\"\r\n     data-ad-format=\"auto\"\r\n     data-full-width-responsive=\"true\"><\/ins>\r\n<script>\r\n     (adsbygoogle = window.adsbygoogle || []).push({});\r\n<\/script><\/div><\/div>","protected":false},"excerpt":{"rendered":"<p>Sve je na nama. \u017dene se mogu s time nositi, to nije tabu tema, niti i\u0161ta stra\u0161no ve\u0107 lijepo razdoblje koje nosi odre\u0111ene godine, ka\u017ee voditeljica.<\/p>\n","protected":false},"author":1,"featured_media":46166,"comment_status":"closed","ping_status":"closed","sticky":false,"template":"","format":"standard","meta":{"footnotes":""},"categories":[84],"tags":[287,2658],"class_list":["post-50278","post","type-post","status-publish","format-standard","has-post-thumbnail","hentry","category-show","tag-menopauza","tag-toncica-celjuska"],"_links":{"self":[{"href":"https:\/\/www.mojevrijeme.hr\/magazin\/wp-json\/wp\/v2\/posts\/50278","targetHints":{"allow":["GET"]}}],"collection":[{"href":"https:\/\/www.mojevrijeme.hr\/magazin\/wp-json\/wp\/v2\/posts"}],"about":[{"href":"https:\/\/www.mojevrijeme.hr\/magazin\/wp-json\/wp\/v2\/types\/post"}],"author":[{"embeddable":true,"href":"https:\/\/www.mojevrijeme.hr\/magazin\/wp-json\/wp\/v2\/users\/1"}],"replies":[{"embeddable":true,"href":"https:\/\/www.mojevrijeme.hr\/magazin\/wp-json\/wp\/v2\/comments?post=50278"}],"version-history":[{"count":0,"href":"https:\/\/www.mojevrijeme.hr\/magazin\/wp-json\/wp\/v2\/posts\/50278\/revisions"}],"wp:featuredmedia":[{"embeddable":true,"href":"https:\/\/www.mojevrijeme.hr\/magazin\/wp-json\/wp\/v2\/media\/46166"}],"wp:attachment":[{"href":"https:\/\/www.mojevrijeme.hr\/magazin\/wp-json\/wp\/v2\/media?parent=50278"}],"wp:term":[{"taxonomy":"category","embeddable":true,"href":"https:\/\/www.mojevrijeme.hr\/magazin\/wp-json\/wp\/v2\/categories?post=50278"},{"taxonomy":"post_tag","embeddable":true,"href":"https:\/\/www.mojevrijeme.hr\/magazin\/wp-json\/wp\/v2\/tags?post=50278"}],"curies":[{"name":"wp","href":"https:\/\/api.w.org\/{rel}","templated":true}]}}