{"id":5058,"date":"2015-07-09T07:51:22","date_gmt":"2015-07-09T05:51:22","guid":{"rendered":"http:\/\/www.mojevrijeme.hr\/magazin\/?p=5058"},"modified":"2019-04-18T15:02:26","modified_gmt":"2019-04-18T13:02:26","slug":"drski-lopovi-vrebaju-starije-gradane-zastite-se","status":"publish","type":"post","link":"https:\/\/www.mojevrijeme.hr\/magazin\/2015\/07\/drski-lopovi-vrebaju-starije-gradane-zastite-se\/","title":{"rendered":"Drski lopovi vrebaju starije gra\u0111ane, za\u0161tite se"},"content":{"rendered":"<p>Krajem pro\u0161log mjeseca na podru\u010dju <strong>Policijske uprave primorsko-goranske<\/strong> nepoznati po\u010dinitelji su oplja\u010dkali dvoje gra\u0111ana starih\u00a072 i 67 godina. Sa sobom su odnijeli vi\u0161e desetaka tisu\u0107a kuna. Neimenovani mu\u0161karac (72) je u\u00a0svoj dom na podru\u010dju Belvedera u Rijeci pustio nepoznate osobe. Naime, predstavili su mu se\u00a0kao policijski slu\u017ebenici koji provode kriminalisti\u010dko istra\u017eivanje.\u00a0Dok je jedan od njih odvla\u010dio pa\u017enju o\u0161te\u0107enog, drugi mu je\u00a0ukrao\u00a0novac.\u00a0Isto tako su nepoznati po\u010dinitelji iskoristili trenutak nepa\u017enje neimenovane \u017eene (67)\u00a0dok se nalazila u vrtu. Iz otklju\u010dane ku\u0107e na \u0161irem opatijskom podru\u010dju odnijeli\u00a0su novac i zlatninu.<\/p>\n<h3>Starije osobe \u010desto su meta prevaranta<\/h3>\n<p>Osobe starije \u017eivotne dobi \u010desta su meta raznih prevaranata koji iskori\u0161tavaju njihovo povjerenje i nepa\u017enju ili ih dovode u zabludu. Uglavnom rade u paru te se predstavljaju kao slu\u017ebenici mirovinskog ili socijalnog osiguranja, porezne uprave, policije, medicinski djelatnici i sli\u010dno. O\u0161te\u0107eni ih nerijetko pu\u0161taju u svoje domove ne provjeravaju\u0107i o kome se zaista radi.<\/p>\n<div id=\"zeleno\"><\/p>\n<h3>Kako se za\u0161titi?<\/h3>\n<p>&#8211; <strong>zaklju\u010davajte vrata<\/strong> bez obzira koliko dugo \u0107ete biti odsutni iz svoga doma<\/p>\n<p>&#8211; ne zaboravite na otvorene prozore ili balkonska vrata<\/p>\n<p>&#8211; ne otvarajte vrata i <strong>ne pu\u0161tajte u svoje domove nepoznate osobe<\/strong> sve dok niste sigurni o kome se zaista radi i \u0161to \u017eeli<\/p>\n<p>&#8211; provjerite tko vam se nalazi ispred vrata kroz &#8221;\u0161pijunku&#8221; ili koristite sigurnosni lanac na vratima<\/p>\n<p>&#8211; kada ste sami u stanu ili ku\u0107i, ne stavljajte to do znanja sumnjivim osobama &#8211; pozovite nekoga od obitelji ili susjeda da vam se pridru\u017ei<\/p>\n<p>&#8211; od osoba koje se predstavljaju kao djelatnici razli\u010ditih ustanova ili tvrtki <strong>zatra\u017eite slu\u017ebene dokumente<\/strong> ili odgovaraju\u0107e iskaznice &#8211; slu\u017ebene osobe du\u017ene su ih imati i dati ih na uvid<\/p>\n<p>&#8211; ukoliko vam je osoba i dalje sumnjiva, prije pu\u0161tanja u svoj dom telefonom provjerite je li ju slu\u017eba koju navodno predstavlja uputila k vama<\/p>\n<p>&#8211; ako je nepozvana osoba uporna u namjeri da u\u0111e u va\u0161 dom, \u017eurno obavijestite policiju, obitelj ili susjede<\/p>\n<p>&#8211; posebno <strong>budite oprezni ukoliko netko tra\u017ei va\u0161e osobne podatke<\/strong> &#8211; osobni podaci su zakonom za\u0161ti\u0107eni i mo\u017ee ih prikupljati samo ovla\u0161tena osoba uz va\u0161 pristanak<\/p>\n<p>&#8211; <strong>upamtite izgled osoba<\/strong> (boju kose i o\u010diju, visinu, stas ), karakteristike govora, kao i podatke o vozilu kojim su se sumnjive osobe dovezle<\/p>\n<p>&#8211; ukoliko posumnjate u osobe, posebice ako je po\u010dinjeno kazneno djelo, <strong>ODMAH obavijestite policiju na broj 192!<\/strong><\/p>\n<p><\/div>\n<div id=\"mojev-3952647205\" class=\"mojev-kraj-teksta mojev-entity-placement\" style=\"margin-bottom: 20px;margin-left: auto;margin-right: auto;text-align: center;\"><div class=\"mojev-adlabel\">oglas<\/div><div style=\"height: 250px;\"><script async src=\"https:\/\/pagead2.googlesyndication.com\/pagead\/js\/adsbygoogle.js?client=ca-pub-8106111766207173\"\r\n     crossorigin=\"anonymous\"><\/script>\r\n<!-- Display-1 -->\r\n<ins class=\"adsbygoogle\"\r\n     style=\"display:block\"\r\n     data-ad-client=\"ca-pub-8106111766207173\"\r\n     data-ad-slot=\"1465712950\"\r\n     data-ad-format=\"auto\"\r\n     data-full-width-responsive=\"true\"><\/ins>\r\n<script>\r\n     (adsbygoogle = window.adsbygoogle || []).push({});\r\n<\/script><\/div><\/div>","protected":false},"excerpt":{"rendered":"<p>Starije osobe \u010desta su meta bezobzirnih kradljivaca koji iskori\u0161tavaju nepa\u017enju, provaljuju u domove kad su vlasnici odsutni ili varaju gra\u0111ane na razli\u010dite druge na\u010dine. Zbog toga je policija izdala priop\u0107enje sa savjetima kako se obraniti od drskih lopova i za\u0161tititi svoju imovinu. <\/p>\n","protected":false},"author":4,"featured_media":5064,"comment_status":"closed","ping_status":"open","sticky":false,"template":"","format":"standard","meta":{"footnotes":""},"categories":[9],"tags":[289,641],"class_list":["post-5058","post","type-post","status-publish","format-standard","has-post-thumbnail","hentry","category-vijesti","tag-kriminal","tag-policija"],"_links":{"self":[{"href":"https:\/\/www.mojevrijeme.hr\/magazin\/wp-json\/wp\/v2\/posts\/5058","targetHints":{"allow":["GET"]}}],"collection":[{"href":"https:\/\/www.mojevrijeme.hr\/magazin\/wp-json\/wp\/v2\/posts"}],"about":[{"href":"https:\/\/www.mojevrijeme.hr\/magazin\/wp-json\/wp\/v2\/types\/post"}],"author":[{"embeddable":true,"href":"https:\/\/www.mojevrijeme.hr\/magazin\/wp-json\/wp\/v2\/users\/4"}],"replies":[{"embeddable":true,"href":"https:\/\/www.mojevrijeme.hr\/magazin\/wp-json\/wp\/v2\/comments?post=5058"}],"version-history":[{"count":0,"href":"https:\/\/www.mojevrijeme.hr\/magazin\/wp-json\/wp\/v2\/posts\/5058\/revisions"}],"wp:featuredmedia":[{"embeddable":true,"href":"https:\/\/www.mojevrijeme.hr\/magazin\/wp-json\/wp\/v2\/media\/5064"}],"wp:attachment":[{"href":"https:\/\/www.mojevrijeme.hr\/magazin\/wp-json\/wp\/v2\/media?parent=5058"}],"wp:term":[{"taxonomy":"category","embeddable":true,"href":"https:\/\/www.mojevrijeme.hr\/magazin\/wp-json\/wp\/v2\/categories?post=5058"},{"taxonomy":"post_tag","embeddable":true,"href":"https:\/\/www.mojevrijeme.hr\/magazin\/wp-json\/wp\/v2\/tags?post=5058"}],"curies":[{"name":"wp","href":"https:\/\/api.w.org\/{rel}","templated":true}]}}