{"id":51205,"date":"2021-09-17T11:13:46","date_gmt":"2021-09-17T09:13:46","guid":{"rendered":"https:\/\/www.mojevrijeme.hr\/magazin\/?p=51205"},"modified":"2021-09-17T13:26:44","modified_gmt":"2021-09-17T11:26:44","slug":"umirovljenici-o-digitalnom-svijetu-zele-znati-vise-i-vise-ga-koristiti-no-edukacije-nema-dovoljno","status":"publish","type":"post","link":"https:\/\/www.mojevrijeme.hr\/magazin\/2021\/09\/umirovljenici-o-digitalnom-svijetu-zele-znati-vise-i-vise-ga-koristiti-no-edukacije-nema-dovoljno\/","title":{"rendered":"Umirovljenici o digitalnom svijetu \u017eele znati vi\u0161e i koristiti ga vi\u0161e, no edukacije nema dovoljno"},"content":{"rendered":"\n<p>Tijekom pandemije broj korisnika internetskih usluga kod osoba starijih od 65 godina porastao je za \u010dak 40 posto, pokazuju neka me\u0111unarodna istra\u017eivanja. Trend kori\u0161tenja interneta me\u0111u starijim korisnicima u Hrvatskoj od toga ne odska\u010de.<\/p>\n\n\n\n<p>Dobrobit interneta u pandemijsko vrijeme prije svega se pokazala u nadomje\u0161tanju fizi\u010dkog kontakta i komunikacije s obitelji i bliskim osobama, ali i u razonodi te olak\u0161avanju obavljanja nekih redovitih \u017eivotnih obaveza.<\/p>\n\n\n\n<p>Da internet i digitalni svijet nisu bauk, ve\u0107 da mogu biti od koristi potvrdilo je osamdesetak umirovljenika &#8211; polaznika radionica digitalne medijske pismenosti koje se odvijaju u sklopu europskog projekta <strong>SMaRT EU, Alata za kriti\u010dko vrednovanje dru\u0161tvenih mre\u017ea<\/strong>, kojeg u Hrvatskoj provodi Dru\u0161tvo za komunikaciju i medijsku kulturu u suradnji sa zagreba\u010dkim Domom za starije sveta Ana te Zakladom Zajedni\u010dki put, a provodi se u jo\u0161 6 europskih zemalja.<\/p><div id=\"mojev-4130766142\" class=\"mojev-u-tekstu mojev-entity-placement\" style=\"margin-left: auto;margin-right: auto;text-align: center;\"><div class=\"mojev-adlabel\">oglas<\/div><div style=\"height: 250px;\"><script async src=\"https:\/\/pagead2.googlesyndication.com\/pagead\/js\/adsbygoogle.js?client=ca-pub-8106111766207173\"\r\n     crossorigin=\"anonymous\"><\/script>\r\n<!-- Prikazni 1 u tekstu -->\r\n<ins class=\"adsbygoogle\"\r\n     style=\"display:block\"\r\n     data-ad-client=\"ca-pub-8106111766207173\"\r\n     data-ad-slot=\"8535551207\"\r\n     data-ad-format=\"auto\"\r\n     data-full-width-responsive=\"true\"><\/ins>\r\n<script>\r\n     (adsbygoogle = window.adsbygoogle || []).push({});\r\n<\/script><\/div><\/div><br style=\"clear: both; display: block; float: none;\"\/>\n\n\n\n<p>&#8220;Kroz radionice smo uvidjeli da umirovljenici imaju \u017eelju, ali i potrebu koristiti digitalne platforme i <em>online<\/em> komunikaciju. Stavili smo ih u prvi plan i time dali priliku da se povjere, ka\u017eu \u0161to ih brine i na koje izazove nailaze u digitalnom svijetu\u201c, govori nam potpredsjednik Dru\u0161tva za komunikaciju i medijsku kulturu, profesor na zagreba\u010dkom Fakultetu politi\u010dkih znanosti <strong>Igor Kani\u017eaj<\/strong>.<\/p>\n\n\n\n<p>Tijekom pandemije i izoliranosti, aplikacije poput Vibera, Whatsappa, Skypa ili Zoooma omogu\u0107ili su im u velikoj mjeri da ostanu povezani sa svojim bli\u017enjima, a u ve\u0107ini slu\u010dajeva pomo\u0107 u pokretanju aplikacija bili su unuci. Na\u017ealost, isti\u010de Kani\u017eaj, nailazili smo na osobe koje nisu imale niti osnove preduvjete za komunikaciju na daljinu, mogu\u0107nosti pristupa kvalitetnoj internetskoj vezi ili adekvatnom aparatu.<\/p>\n\n\n\n<h3 class=\"wp-block-heading\"><strong>Umirovljenici znaju prepoznati koje su dobrobiti interneta<\/strong><\/h3>\n\n\n\n<p>Iako ih najvi\u0161e interesira komunikacija s bli\u017enjima, u radu na radionicama polaznici su \u010desto isticali kako ih u kori\u0161tenju interneta najvi\u0161e brine za\u0161tita privatnosti, da ne otkriju previ\u0161e, da im netko ne ukrade podatke, isti\u010de na\u0161 sugovornik.<\/p>\n\n\n\n<p>&#8220;Bili smo pozitivno iznena\u0111eni kada su nam znali re\u0107i rekli kako \u017eeljeli iskoristiti sve prednosti sustava e-gra\u0111ani te su tra\u017eili upute kako koristiti tu platformu.&nbsp;O tome smo \u010desto imali individualne konzultacije.&#8221;<\/p>\n\n\n\n<p>Digitalno gra\u0111anstvo, dezinformacije, mamilice, dru\u0161tveni mediji, bonton na dru\u0161tvenim medijima, utjecaj i uloga <em>influencera<\/em>, za\u0161tita privatnosti i digitalni otisak, neke su od tema za koje su umirovljenici pokazivali interes i o kojima su na radionicama prolazili edukaciju.<\/p>\n\n\n\n<p>Vidjeli smo da je tu velika potreba i da \u017eele nau\u010diti i ste\u0107i vje\u0161tine. Volonteri Dru\u0161tva sa zaineresiranim su polaznicima radili i individualizirano poku\u0161avaju\u0107i im pomo\u0107i oko rje\u0161avanja nekog konkretnog problema ili potrebe u kori\u0161tenju interneta, navodi Kani\u017eaj.<\/p>\n\n\n\n<figure class=\"wp-block-image size-large\"><img loading=\"lazy\" decoding=\"async\" width=\"740\" height=\"444\" src=\"https:\/\/www.mojevrijeme.hr\/magazin\/wp-content\/uploads\/2021\/09\/igor-kanizaj-740x444.jpg\" alt=\"\" class=\"wp-image-51212\" srcset=\"https:\/\/www.mojevrijeme.hr\/magazin\/wp-content\/uploads\/2021\/09\/igor-kanizaj-740x444.jpg 740w, https:\/\/www.mojevrijeme.hr\/magazin\/wp-content\/uploads\/2021\/09\/igor-kanizaj-636x382.jpg 636w, https:\/\/www.mojevrijeme.hr\/magazin\/wp-content\/uploads\/2021\/09\/igor-kanizaj-768x461.jpg 768w, https:\/\/www.mojevrijeme.hr\/magazin\/wp-content\/uploads\/2021\/09\/igor-kanizaj-1536x922.jpg 1536w, https:\/\/www.mojevrijeme.hr\/magazin\/wp-content\/uploads\/2021\/09\/igor-kanizaj-1500x900.jpg 1500w, https:\/\/www.mojevrijeme.hr\/magazin\/wp-content\/uploads\/2021\/09\/igor-kanizaj-1600x960.jpg 1600w, https:\/\/www.mojevrijeme.hr\/magazin\/wp-content\/uploads\/2021\/09\/igor-kanizaj-590x354.jpg 590w, https:\/\/www.mojevrijeme.hr\/magazin\/wp-content\/uploads\/2021\/09\/igor-kanizaj-400x240.jpg 400w, https:\/\/www.mojevrijeme.hr\/magazin\/wp-content\/uploads\/2021\/09\/igor-kanizaj-1000x600.jpg 1000w, https:\/\/www.mojevrijeme.hr\/magazin\/wp-content\/uploads\/2021\/09\/igor-kanizaj-820x492.jpg 820w, https:\/\/www.mojevrijeme.hr\/magazin\/wp-content\/uploads\/2021\/09\/igor-kanizaj-1080x648.jpg 1080w, https:\/\/www.mojevrijeme.hr\/magazin\/wp-content\/uploads\/2021\/09\/igor-kanizaj.jpg 2000w\" sizes=\"auto, (max-width: 740px) 100vw, 740px\" \/><figcaption>Igor Kani\u017eaj (foto: Marko Cvjetko)<\/figcaption><\/figure>\n\n\n\n<p>Osim komunikacije putem dru\u0161tvenih mre\u017ea, umirovljenici digitalni svijet naj\u010de\u0161\u0107e koriste za razonodu, slu\u0161anje glazbe ili istra\u017eivanje nekih umjetni\u010dkih tema. Neki digitalni svijet koriste i \u010disto prakti\u010dno, isti\u010de Kani\u017eaj,&nbsp;poku\u0161avaju\u0107i rije\u0161iti neki problem pronala\u017eenjem informacija <em>online<\/em>.<\/p>\n\n\n\n<p>&#8220;To ipak ne zna\u010di da kada im poka\u017eete ne\u0161to drugo, npr. mobilno bankarstvo da ne\u0107e i to prigrliti i na koncu zaklju\u010diti kako ipak ne moraju i\u0107i u banku ili po\u0161tu ve\u0107 da ra\u010dune mogu platiti i putem m-bankarstva. Shvate da im takve prakti\u010dne stvari u\u0161tede mnogo vremena, ali i u rizi\u010dnim situacijama, kao \u0161to je to u vrijeme pandemije, smanje svoju izlo\u017eenost prevelikom broju kontakata. I sada kada se provodi popis stanovni\u0161tva, nema potrebe da se dolazi direktno u njihove domove i sobe.&#8221;<\/p>\n\n\n\n<h3 class=\"wp-block-heading\">Napredni korisnici<\/h3>\n\n\n\n<p>Da umirovljenici u kratkom vremenu mogu postati i napredni korisnici interneta i tehnologije, na\u0161 sugovornik oslikava primjerom.&nbsp;Dio njih slu\u0161a glazbu pa su na radionice dolazili s vrlo prakti\u010dnim pitanjima poput: &#8220;Slu\u0161am glazbu preko Youtuba na tabletu, ali ne mogu istovremeno tipkati u Wordu. Mo\u017eete li mi to rije\u0161iti?&#8221; Ili, jednu je polaznicu zanimalo kako mo\u017ee pretra\u017eivati informacije anonimno.<\/p>\n\n\n\n<p>To ba\u0161 nisu najjednostavnija pitanja, ve\u0107 ne\u0161to \u0161to su polaznici promi\u0161ljali i vidjeli kao mogu\u0107nost u kojoj trebaju pomo\u0107, isti\u010de profesor na Fakultetu politi\u010dkih znanosti.<\/p>\n\n\n\n<p>Ima i umirovljenika, dodaje, koji jednostavno odbijaju koristiti pametne telefone ve\u0107 se koriste starim telefonima s velikim tipkama zato \u0161to im je to jednostavnije. Bez pomo\u0107i druge osobe nisu u mogu\u0107nosti istra\u017eivati digitalni svijet. I njima je, isti\u010de, potrebno dati odre\u0111enu pomo\u0107 i podr\u0161ku, kao i onima koji \u017eele istra\u017eivati sve mogu\u0107nosti koje im Internet pru\u017ea, ali nemaju mogu\u0107nosti pristupa ili ure\u0111aja.<\/p>\n\n\n\n<h3 class=\"wp-block-heading\"><strong>Potrebno kriti\u010dnije i opreznije koristiti digitalne sadr\u017eaje i komunikaciju<\/strong><\/h3>\n\n\n\n<p>Koliko kori\u0161tenje interneta ima dobrobiti, toliko ima i prijetnji. Osobe starije \u017eivotne dobi, isti\u010de na\u0161 sugovornik, ponekad ih nisu dovoljno svjesne.<\/p>\n\n\n\n<p>Istra\u017eivanje koje je proveo Fakultet politi\u010dkih znanosti o medijskoj publici u Hrvatskoj je pokazalo kako umirovljenici jednako kao i mladi u dobi od 18 do 29 godina jednako procjenjuju pouzdanost nekih medija. Tako 43 posto starijih od 70 godina smatra da su internetski portali pouzdan medij kojem se mo\u017ee vjerovati, koji prenosi to\u010dne informacije. Istovremeno, kada se govori o tradicionalnim medijima, najve\u0107i broj umirovljenika kao najpouzdaniji prepoznaju tisak.<\/p>\n\n\n\n<p>Da je potrebno da starije osobe kriti\u010dnije i opreznije pristupaju kori\u0161tenju digitalne komunikacije, Kani\u017eaj vidi u nekoliko podru\u010dja. To je, prije svega, komunikacija putem <em>e-maila<\/em> i situacije kada im stigne <em>spam<\/em>, odnosno ne\u017eeljena po\u0161ta ili kada dobiju elektroni\u010dku poruku koja je kompromitiraju\u0107a i sadr\u017ei viruse. Na prvu ta po\u0161ta izgleda, poja\u0161njava, vrlo kredibilno, ali ona ustvari sadr\u017ei poveznicu kojom se, ako se na nju klike, aktivira zlonamjeran program.&nbsp;&#8220;Tome su stariji korisnici interneta sve \u010de\u0161\u0107e i vi\u0161e izlo\u017eeni, a ukoliko te ne prepoznaju nastane znatna \u0161teta.&#8221;<\/p>\n\n\n\n<p><em>Online<\/em> kupovina tako\u0111er je jedna od izvora internetskih prijetnji, ali i prijevara, iako ona kod populacije starijih nije toliko izra\u017eena. &#8220;Uz nju je povezan problem privatnosti pri \u010demu oni zaista otkrivaju previ\u0161e, daju sve dozvole i dopu\u0161tenja na sve ponu\u0111ene uvjete kori\u0161tenja. Ne znaju da neke uvjete ne moraju prihvatiti. Kada govorimo o &#8216;kola\u010di\u0107ima&#8217; nema potrebe sve ih prihvatiti.&#8221;<\/p>\n\n\n\n<h3 class=\"wp-block-heading\">\u0160to su dezinformacije i \u201emamilice\u201c<\/h3>\n\n\n\n<p>U <em>online<\/em> komunikaciji u izvanrednim situacijama, kao \u0161to su potresi ili epidemija bilo je situacija kada su starije osobe bile izlo\u017eene dezinformacijama, la\u017enim i neto\u010dnim informacijama kojima je cilj nanijeti \u0161tetu javnosti. Ispostavilo se da da su ih upravo oni dobivali u ve\u0107oj mjeri, navodi Kani\u017eaj. Zbunjivalo ih je \u0161to su takve poruke primali preko aplikacija za dopisivanje, a nerijetko su ih dobivali od bliskih osoba ili rodbine. Zbog toga se na radionicama najvi\u0161e radi na prepoznavanju dezinformacija.<\/p>\n\n\n\n<p>&#8220;Pokazivali smo im brojne primjere takvih poruka, dezinformacija o potresima i bolesti COVID-19. Nau\u010dili su da treba provjeriti informaciju barem na dva izvora.&nbsp;Na jednoj od radionica bila je polaznica, umirovljena znanstvenica koja je bila uvjerena da ih zna sve prepoznati. Ipak neke primjere dezinformacija nije uo\u010dila. Priznala je bi se, da je nai\u0161la na takav sadr\u017eaj, dala lako prevariti.&#8221;<\/p>\n\n\n\n<figure class=\"wp-block-image size-large\"><img loading=\"lazy\" decoding=\"async\" width=\"740\" height=\"444\" src=\"https:\/\/www.mojevrijeme.hr\/magazin\/wp-content\/uploads\/2021\/09\/radionica-740x444.jpg\" alt=\"\" class=\"wp-image-51211\" srcset=\"https:\/\/www.mojevrijeme.hr\/magazin\/wp-content\/uploads\/2021\/09\/radionica-740x444.jpg 740w, https:\/\/www.mojevrijeme.hr\/magazin\/wp-content\/uploads\/2021\/09\/radionica-636x382.jpg 636w, https:\/\/www.mojevrijeme.hr\/magazin\/wp-content\/uploads\/2021\/09\/radionica-768x461.jpg 768w, https:\/\/www.mojevrijeme.hr\/magazin\/wp-content\/uploads\/2021\/09\/radionica-1536x922.jpg 1536w, https:\/\/www.mojevrijeme.hr\/magazin\/wp-content\/uploads\/2021\/09\/radionica-1500x900.jpg 1500w, https:\/\/www.mojevrijeme.hr\/magazin\/wp-content\/uploads\/2021\/09\/radionica-1600x960.jpg 1600w, https:\/\/www.mojevrijeme.hr\/magazin\/wp-content\/uploads\/2021\/09\/radionica-590x354.jpg 590w, https:\/\/www.mojevrijeme.hr\/magazin\/wp-content\/uploads\/2021\/09\/radionica-400x240.jpg 400w, https:\/\/www.mojevrijeme.hr\/magazin\/wp-content\/uploads\/2021\/09\/radionica-1000x600.jpg 1000w, https:\/\/www.mojevrijeme.hr\/magazin\/wp-content\/uploads\/2021\/09\/radionica-820x492.jpg 820w, https:\/\/www.mojevrijeme.hr\/magazin\/wp-content\/uploads\/2021\/09\/radionica-1080x648.jpg 1080w, https:\/\/www.mojevrijeme.hr\/magazin\/wp-content\/uploads\/2021\/09\/radionica.jpg 2000w\" sizes=\"auto, (max-width: 740px) 100vw, 740px\" \/><figcaption>Radionica (foto: Ivana Folo\/DKMK)<\/figcaption><\/figure>\n\n\n\n<p>Bezazlenije su, a ponekad i zabavne, tzv. mamilice, koja je \u010dak svaki peti naslov u medijskom sadr\u017eaju. Problem je, ka\u017ee na\u0161 sugovornik, \u0161to ih se sve \u010de\u0161\u0107e upotrebljava u op\u0107einformativnom sadr\u017eaju. Rije\u010d je o sadr\u017eaju koji zavarava, upitne je vrijednosti te dovodi u zabludu, nerijetko uz upotrebu stilskih figura ili prenagla\u0161avanja. &#8220;Djevojka baku zatra\u017eila recept za sarmu, odgovor je urnebesan.&#8221;&nbsp;Ili &#8220;10 na\u010dina kako lako u\u0161tedjeti novac&#8221;, primjeri su mamila\u010dkih naslova.<\/p>\n\n\n\n<p>Prilikom <em>online<\/em> pretra\u017eivanja \u010desto su nailazili na &#8220;mamilice&#8221; koje u po\u010detku nisu primje\u0107ivali, isti\u010de voditelj radionica. &#8220;Nakon analiza shvatili bi da je rije\u010d o zavaravaju\u0107em ili neprilago\u0111enom sadr\u017eaju iza kojeg postoji cijela pozadinska pri\u010da i obja\u0161njene za\u0161to ih se \u201emami\u201c na \u010ditanje.&nbsp;To im ipak ne smeta toliko jer takav sadr\u017eaj izgleda zabavno.&#8221;<\/p>\n\n\n\n<h3 class=\"wp-block-heading\"><strong>Edukacije o prednostima i zamkama interneta nema dovoljno<\/strong><\/h3>\n\n\n\n<p>Kao i kod djece, potreba za poticanjem medijske pismenosti kod stariji osoba vrlo je velika i takvi su programi nu\u017eni, nagla\u0161ava Kani\u017eaj, jer su te dvije dobne skupine najvi\u0161e izlo\u017eene negativnostima digitalnog svijeta.<\/p>\n\n\n\n<p>&#8220;Izazova je u tome podru\u010dju svakim danom sve vi\u0161e i tra\u017ee promi\u0161ljanje, analiziranje i oprez. Tu predstoji jako puno posla. Umirovljenici su tu jako ostavljeni po strani. Edukacije se svode na rad udruga kroz projekte, jedni dijelom preko institucija.&#8221;<\/p>\n\n\n\n<p>Druge su dr\u017eave, ponajvi\u0161e one na sjeveru Europe, u inkluziji i osna\u017eivanju umirovljenika u digitalnom okru\u017eenju, oti\u0161le puno dalje. Pred nama je, ka\u017ee, veliki posao. &#8220;Starijim osobama, \u017eeljnima znanja i u\u010denja, u kori\u0161tenju digitalnih alata potrebna je pomo\u0107. Ono \u0161to je dobro, jest \u0161to se to ne srame re\u0107i. Kada god je bilo potrebno volonteri su na telefonskoj vezi bili dostupni za pomo\u0107.&#8221;<\/p>\n\n\n\n<p>Tijekom godine, osim radionica koje su se morale odr\u017eavati s malim brojem polaznika uz po\u0161tivanje epidemiolo\u0161kih mjera, i individualnog savjetovanja, edukacije su se provodile&nbsp;i putem <em>webinara<\/em>, a za umirovljenike se radi i posebna bro\u0161ura o dezinformacijama. Projekt SMaRT EU zbog interesa se osoba starije \u017eivotne dobi produ\u017eio na cijelu godinu. Ipak DKMK s ovakvim modelom edukacije planira nastaviti i idu\u0107e godine.<\/p>\n\n\n\n<p>&#8220;Omogu\u0107ilo nam se da se s korisnicima susre\u0107emo i za vrijeme pandemije, jer smo uvidjeli&nbsp;koliko su im takve edukacije va\u017ene i potrebne.&#8221; I prilike i prijetnje dio su digitalnog svijeta, smatra Igor Kani\u017eaj,&nbsp;zbog kojih je potrebno ste\u0107i znanja kako bi ih se prepoznalo. Umirovljenici to zaslu\u017euju.<\/p>\n\n\n\n<div id=\"blokovi\"><img decoding=\"async\" src=\"https:\/\/www.mojevrijeme.hr\/magazin\/wp-content\/uploads\/2020\/09\/esf-lenta.jpg\">\nOvaj prilog objavljen je u sklopu projekta \u201cNovo vrijeme\u201d. Projekt je sufinancirala\nEuropska unija sredstvima Europskog socijalnog fonda. Sadr\u017eaj priloga isklju\u010diva\nje odgovornost Udruge Ho\u0107u stranicu.<\/div>\n<div id=\"mojev-145588945\" class=\"mojev-kraj-teksta mojev-entity-placement\" style=\"margin-bottom: 20px;margin-left: auto;margin-right: auto;text-align: center;\"><div class=\"mojev-adlabel\">oglas<\/div><div style=\"height: 250px;\"><script async src=\"https:\/\/pagead2.googlesyndication.com\/pagead\/js\/adsbygoogle.js?client=ca-pub-8106111766207173\"\r\n     crossorigin=\"anonymous\"><\/script>\r\n<!-- Display-1 -->\r\n<ins class=\"adsbygoogle\"\r\n     style=\"display:block\"\r\n     data-ad-client=\"ca-pub-8106111766207173\"\r\n     data-ad-slot=\"1465712950\"\r\n     data-ad-format=\"auto\"\r\n     data-full-width-responsive=\"true\"><\/ins>\r\n<script>\r\n     (adsbygoogle = window.adsbygoogle || []).push({});\r\n<\/script><\/div><\/div>","protected":false},"excerpt":{"rendered":"<p>Osim za komunikaciju sa svojim najbli\u017eima Internet najvi\u0161e koriste za razonodu, slu\u0161anje glazbe ili rje\u0161avanje nego prakti\u010dnog problema tra\u017eenjem rje\u0161enja online.<\/p>\n","protected":false},"author":14,"featured_media":51213,"comment_status":"closed","ping_status":"closed","sticky":false,"template":"","format":"standard","meta":{"footnotes":""},"categories":[85],"tags":[257,2339,126,1734],"class_list":["post-51205","post","type-post","status-publish","format-standard","has-post-thumbnail","hentry","category-aktivno-starenje","tag-internet","tag-novo-vrijeme","tag-tehnologija","tag-zajednicki-put"],"_links":{"self":[{"href":"https:\/\/www.mojevrijeme.hr\/magazin\/wp-json\/wp\/v2\/posts\/51205","targetHints":{"allow":["GET"]}}],"collection":[{"href":"https:\/\/www.mojevrijeme.hr\/magazin\/wp-json\/wp\/v2\/posts"}],"about":[{"href":"https:\/\/www.mojevrijeme.hr\/magazin\/wp-json\/wp\/v2\/types\/post"}],"author":[{"embeddable":true,"href":"https:\/\/www.mojevrijeme.hr\/magazin\/wp-json\/wp\/v2\/users\/14"}],"replies":[{"embeddable":true,"href":"https:\/\/www.mojevrijeme.hr\/magazin\/wp-json\/wp\/v2\/comments?post=51205"}],"version-history":[{"count":0,"href":"https:\/\/www.mojevrijeme.hr\/magazin\/wp-json\/wp\/v2\/posts\/51205\/revisions"}],"wp:featuredmedia":[{"embeddable":true,"href":"https:\/\/www.mojevrijeme.hr\/magazin\/wp-json\/wp\/v2\/media\/51213"}],"wp:attachment":[{"href":"https:\/\/www.mojevrijeme.hr\/magazin\/wp-json\/wp\/v2\/media?parent=51205"}],"wp:term":[{"taxonomy":"category","embeddable":true,"href":"https:\/\/www.mojevrijeme.hr\/magazin\/wp-json\/wp\/v2\/categories?post=51205"},{"taxonomy":"post_tag","embeddable":true,"href":"https:\/\/www.mojevrijeme.hr\/magazin\/wp-json\/wp\/v2\/tags?post=51205"}],"curies":[{"name":"wp","href":"https:\/\/api.w.org\/{rel}","templated":true}]}}